{"id":153943,"date":"2025-11-16T16:38:09","date_gmt":"2025-11-16T16:38:09","guid":{"rendered":"https:\/\/www.europesays.com\/pt\/153943\/"},"modified":"2025-11-16T16:38:09","modified_gmt":"2025-11-16T16:38:09","slug":"8-horas-de-sono-e-nonsense-da-era-industrial-veja-ideal","status":"publish","type":"post","link":"https:\/\/www.europesays.com\/pt\/153943\/","title":{"rendered":"8 horas de sono \u00e9 \u201cnonsense da Era Industrial\u201d; veja ideal"},"content":{"rendered":"<p>A maioria dos adultos <strong>n\u00e3o precisa<\/strong> de oito horas r\u00edgidas de sono. Um conjunto crescente de evid\u00eancias e pesquisas evolutivas sugere que o sono ideal para muitos adultos saud\u00e1veis fica <strong>mais pr\u00f3ximo de sete horas<\/strong>, com riscos \u00e0 sa\u00fade aumentando para menos ou mais do que isso \u2014 num padr\u00e3o em <strong>U<\/strong>.<\/p>\n<p>O bi\u00f3logo evolutivo de Harvard <strong>Daniel E. Lieberman<\/strong> afirma que a regra das \u201c8 horas\u201d \u00e9 um \u201cnonsense\u201d da Era Industrial, observando que pessoas sem acesso \u00e0 eletricidade moderna normalmente dormem <strong>seis a sete horas<\/strong> sem cochilos, e estudos com grandes grupos mostram o menor risco de mortalidade por volta de <strong>sete horas<\/strong>, n\u00e3o oito. Lieberman detalhou essas pesquisas em seu livro Exercised: The Science of Physical Activity, Rest and Health e em uma entrevista de 2023 ao podcast <strong>The Diary of a CEO<\/strong>.<\/p>\n<p><strong>Leia tamb\u00e9m:<\/strong><\/p>\n<p>\t\t\t\t\t\t<img decoding=\"async\" class=\"w-full h-full object-cover\" src=\"https:\/\/www.europesays.com\/pt\/wp-content\/uploads\/2025\/11\/1763311089_749_900-x-300-com-texto-na-imagem-GB-zat-experience.png\" alt=\"\"\/><\/p>\n<p class=\"font-normal text-base text-wl-neutral-600 max-w-md mx-auto\">\n\t\t\t\t\t\t\tLeve seu neg\u00f3cio para o pr\u00f3ximo n\u00edvel com os principais empreendedores do pa\u00eds!\t\t\t\t\t\t<\/p>\n<p>O que defende Lieberman<\/p>\n<p>Lieberman afirma que a ideia de que humanos \u201cnaturais\u201d dormem oito horas <strong>n\u00e3o tem fundamento<\/strong>. Dados de campo com comunidades sem luz el\u00e9trica mostram rotinas de <strong>seis a sete horas<\/strong> por noite, o que contraria a prescri\u00e7\u00e3o cultural das oito horas como meta.<\/p>\n<p>Ele tamb\u00e9m interpreta o dogma moderno das oito horas como um <strong>legado da Revolu\u00e7\u00e3o Industrial<\/strong>, e n\u00e3o uma necessidade biol\u00f3gica \u2014 apontando para curvas epidemiol\u00f3gicas em que o risco atinge o ponto mais baixo em torno de <strong>sete horas<\/strong>, formando um padr\u00e3o em \u201cU\u201d, com maior risco tanto para pouco quanto para muito sono.<\/p>\n<p>Resumos populares de sua posi\u00e7\u00e3o enfatizam que <strong>sete horas frequentemente t\u00eam melhores resultados de sa\u00fade do que oito<\/strong>, ao mesmo tempo em que refor\u00e7am que h\u00e1 varia\u00e7\u00e3o por idade e condi\u00e7\u00e3o \u2014 e que a necessidade de sono <strong>n\u00e3o \u00e9 igual para todos<\/strong>.<\/p>\n<p class=\"py-2\">Continua depois da publicidade<\/p>\n<p>        De quanto sono voc\u00ea realmente precisa?<\/p>\n<p>Em uma explica\u00e7\u00e3o publicada pela Fortune, a cientista do sono <strong>Rebecca Robbins<\/strong> comenta a cren\u00e7a das oito horas, explica como esse par\u00e2metro surgiu e oferece estrat\u00e9gias pr\u00e1ticas para <strong>melhorar a qualidade do sono<\/strong>, em vez de fixar-se em um \u00fanico n\u00famero.<\/p>\n<p>Mais de um ter\u00e7o dos americanos n\u00e3o alcan\u00e7a o <strong>m\u00ednimo de sete horas<\/strong>, refor\u00e7ando a import\u00e2ncia da consist\u00eancia e da higiene do sono tanto quanto perseguir um n\u00famero \u201cm\u00e1gico\u201d.<\/p>\n<p>A <strong>Academia Americana de Medicina do Sono<\/strong> e a <strong>Sociedade de Pesquisa em Sono<\/strong> recomendam \u201c<strong>sete ou mais horas por noite<\/strong>\u201d para adultos \u2014 explicitamente um intervalo que <strong>come\u00e7a em sete<\/strong>, e n\u00e3o um mandato de oito horas.<\/p>\n<p>As orienta\u00e7\u00f5es da <strong>Mayo Clinic<\/strong> seguem a mesma linha: adultos geralmente precisam de <strong>sete horas ou mais<\/strong>, com varia\u00e7\u00f5es individuais baseadas em idade, qualidade do sono, d\u00edvidas de sono anteriores, gravidez e padr\u00f5es de envelhecimento que fragmentam o sono, mas <strong>n\u00e3o aumentam a necessidade total<\/strong>.<\/p>\n<p>A curva de risco em U<\/p>\n<p>Diversos grandes conjuntos de dados contempor\u00e2neos mostram uma associa\u00e7\u00e3o em <strong>U<\/strong> entre dura\u00e7\u00e3o do sono e resultados adversos, com o ponto mais seguro em torno de <strong>sete horas<\/strong> para mortalidade geral e cardiovascular.<\/p>\n<p>An\u00e1lises do <strong>U.K. Biobank<\/strong> tamb\u00e9m identificam rela\u00e7\u00f5es em U, com riscos elevados tanto para sono curto (menos de sete horas) quanto para sono longo (acima de nove horas), mesmo ap\u00f3s ajustes para fatores de sa\u00fade e estilo de vida.<\/p>\n<p class=\"py-2\">Continua depois da publicidade<\/p>\n<p>Estudos de biomarcadores refor\u00e7am o padr\u00e3o: desvios para <strong>menos de sete<\/strong> ou <strong>mais de oito\/nove horas<\/strong> se relacionam a marcadores de envelhecimento biol\u00f3gico \u2014 embora doen\u00e7as que prolongam o tempo na cama possam confundir a causalidade.<\/p>\n<p>Orienta\u00e7\u00f5es pr\u00e1ticas para o sono<\/p>\n<p>Busque dormir <strong>entre sete e nove horas<\/strong>, usando sete como m\u00ednimo realista se voc\u00ea acorda bem e funciona normalmente; aumente para perto de nove em dias de doen\u00e7a, treinos intensos ou gravidez.<\/p>\n<p><strong>Aten\u00e7\u00e3o ao padr\u00e3o em U:<\/strong><\/p>\n<p class=\"py-2\">Continua depois da publicidade<\/p>\n<ul class=\"wp-block-list\">\n<li>Sono curto cr\u00f4nico (<strong>menos de 7h<\/strong>)<\/li>\n<li>Sono longo habitual (<strong>mais de 9h<\/strong>)<\/li>\n<li>Ambos est\u00e3o ligados a maiores riscos.<\/li>\n<li>Se voc\u00ea <strong>precisa regularmente de mais de nove horas<\/strong>, procure avalia\u00e7\u00e3o m\u00e9dica para investigar condi\u00e7\u00f5es como depress\u00e3o, apneia do sono ou doen\u00e7as cr\u00f4nicas.<\/li>\n<li>Priorize <strong>consist\u00eancia e qualidade<\/strong> \u2014 hor\u00e1rios regulares, luz pela manh\u00e3, menos luz azul \u00e0 noite, ambiente fresco e escuro, e modera\u00e7\u00e3o no consumo de cafe\u00edna e \u00e1lcool \u2014 em vez de focar obsessivamente nas oito horas.<\/li>\n<\/ul>\n<p><strong>O \u201cponto ideal\u201d do sono<\/strong><\/p>\n<p>A regra das oito horas \u00e9 uma <strong>simplifica\u00e7\u00e3o cultural<\/strong>, n\u00e3o um requisito biol\u00f3gico universal. Para muitos adultos, <strong>sete horas<\/strong> se aproxima do \u201cponto ideal\u201d de sa\u00fade, com flexibilidade de acordo com a fase da vida e as condi\u00e7\u00f5es individuais.<\/p>\n<p>L\u00edderes empresariais e pessoas em geral deveriam reformular metas de sono com base em <strong>intervalos sustentados pela ci\u00eancia<\/strong> e na <strong>fun\u00e7\u00e3o diurna mensur\u00e1vel<\/strong>, investindo em pr\u00e1ticas que melhorem a qualidade e a sa\u00fade de longo prazo sem impor uma cota r\u00edgida de oito horas.<\/p>\n<p class=\"py-2\">Continua depois da publicidade<\/p>\n<p>Para esta reportagem, a Fortune utilizou IA generativa no rascunho inicial. Um editor verificou as informa\u00e7\u00f5es antes da publica\u00e7\u00e3o.<\/p>\n<p>Esta mat\u00e9ria foi originalmente publicada em Fortune.com.<\/p>\n","protected":false},"excerpt":{"rendered":"A maioria dos adultos n\u00e3o precisa de oito horas r\u00edgidas de sono. Um conjunto crescente de evid\u00eancias e&hellip;\n","protected":false},"author":2,"featured_media":153944,"comment_status":"","ping_status":"","sticky":false,"template":"","format":"standard","meta":{"footnotes":"","_share_on_mastodon":"0"},"categories":[86],"tags":[9150,2519,116,1348,32,33,117,536],"class_list":["post-153943","post","type-post","status-publish","format-standard","has-post-thumbnail","category-saude","tag-fortune","tag-global","tag-health","tag-pesquisa","tag-portugal","tag-pt","tag-saude","tag-sono"],"share_on_mastodon":{"url":"https:\/\/pubeurope.com\/@pt\/115560363054002641","error":""},"_links":{"self":[{"href":"https:\/\/www.europesays.com\/pt\/wp-json\/wp\/v2\/posts\/153943","targetHints":{"allow":["GET"]}}],"collection":[{"href":"https:\/\/www.europesays.com\/pt\/wp-json\/wp\/v2\/posts"}],"about":[{"href":"https:\/\/www.europesays.com\/pt\/wp-json\/wp\/v2\/types\/post"}],"author":[{"embeddable":true,"href":"https:\/\/www.europesays.com\/pt\/wp-json\/wp\/v2\/users\/2"}],"replies":[{"embeddable":true,"href":"https:\/\/www.europesays.com\/pt\/wp-json\/wp\/v2\/comments?post=153943"}],"version-history":[{"count":0,"href":"https:\/\/www.europesays.com\/pt\/wp-json\/wp\/v2\/posts\/153943\/revisions"}],"wp:featuredmedia":[{"embeddable":true,"href":"https:\/\/www.europesays.com\/pt\/wp-json\/wp\/v2\/media\/153944"}],"wp:attachment":[{"href":"https:\/\/www.europesays.com\/pt\/wp-json\/wp\/v2\/media?parent=153943"}],"wp:term":[{"taxonomy":"category","embeddable":true,"href":"https:\/\/www.europesays.com\/pt\/wp-json\/wp\/v2\/categories?post=153943"},{"taxonomy":"post_tag","embeddable":true,"href":"https:\/\/www.europesays.com\/pt\/wp-json\/wp\/v2\/tags?post=153943"}],"curies":[{"name":"wp","href":"https:\/\/api.w.org\/{rel}","templated":true}]}}