{"id":153952,"date":"2025-11-16T16:50:24","date_gmt":"2025-11-16T16:50:24","guid":{"rendered":"https:\/\/www.europesays.com\/pt\/153952\/"},"modified":"2025-11-16T16:50:24","modified_gmt":"2025-11-16T16:50:24","slug":"morreu-o-cineasta-manuel-paula-dias-figura-impar-do-cinema-documental-portugues-2","status":"publish","type":"post","link":"https:\/\/www.europesays.com\/pt\/153952\/","title":{"rendered":"Morreu o cineasta Manuel Paula Dias, figura \u00edmpar do cinema documental portugu\u00eas"},"content":{"rendered":"<p class=\"category\"><a href=\"https:\/\/sicnoticias.pt\/cultura\" rel=\"nofollow noopener\" target=\"_blank\">Cultura<\/a><\/p>\n<p>O cineasta Manuel Paula Dias deixa um importante legado no cinema documental portugu\u00eas. Natural de Aveiro, dividiu a sua vida entre a ind\u00fastria de fundi\u00e7\u00e3o e o cinema, dedicando-se nas d\u00e9cadas de 1960 e 1970 a documentar a cidade, a regi\u00e3o e a ria de Aveiro.<\/p>\n<p><img decoding=\"async\" src=\"https:\/\/www.europesays.com\/pt\/wp-content\/uploads\/2025\/11\/1763311824_552_original.webp\" alt=\"Sala de cinema\"\/><\/p>\n<p>Sala de cinema<\/p>\n<p>Canva<\/p>\n<p><strong>O cineasta Manuel Paula Dias morreu aos 90 anos e deixou obras sobre Aveiro, de onde era natural, como o document\u00e1rio &#8220;Sal, Duro Sal&#8221;, entre outras, anunciou este s\u00e1bado o <\/strong><a href=\"https:\/\/www.facebook.com\/cineclubedeavanca\/?locale=pt_PT\" target=\"_blank\" rel=\"noopener noreferrer nofollow\"><strong>Cine Clube de Avanca<\/strong><\/a><strong>, em Estarreja.<\/strong><\/p>\n<blockquote><p>&#8220;Faleceu o cineasta aveirense Manuel Paula Dias, que iria completar 91 anos no pr\u00f3ximo dia de Natal. Figura \u00edmpar da mem\u00f3ria cultural de Aveiro, dividiu a sua longa vida entre a ind\u00fastria de fundi\u00e7\u00e3o, onde trabalhou desde muito cedo, e o cinema que assumiu como paix\u00e3o profunda e constante&#8221;, afirmou o Cine Clube numa nota enviada \u00e0 ag\u00eancia Lusa.<\/p><\/blockquote>\n<p>Manuel Paula Dias filmou, sobretudo, nas d\u00e9cadas de <strong>1960 e 1970<\/strong>, recorrendo aos formatos reduzidos caracter\u00edsticos do cinema amador da \u00e9poca e, atrav\u00e9s da sua c\u00e2mara, <strong>&#8220;documentou como poucos a vida da cidade, da regi\u00e3o e da ria de Aveiro, criando um vasto e valioso arquivo audiovisual que preserva tradi\u00e7\u00f5es, paisagens e modos de vida hoje desaparecidos&#8221;.<\/strong><\/p>\n<p>&#8220;Um legado no cinema documental portugu\u00eas&#8221;<\/p>\n<p>Na nota de imprensa, o Cine Clube de Avanca, com sede em Estarreja, no distrito de Aveiro, destaca que Manuel Paula Dias <strong>&#8220;deixa um legado maior no cinema documental portugu\u00eas e uma mem\u00f3ria art\u00edstica profundamente entrela\u00e7ada com a hist\u00f3ria de Aveiro e da sua gente&#8221;.<\/strong><\/p>\n<blockquote><p>&#8220;A sua obra mais conhecida, o document\u00e1rio &#8220;Sal, Duro Sal&#8221;, capta com intensidade e autenticidade a dureza do trabalho nas marinhas de sal aveirenses. Este filme, juntamente com outros da sua autoria, integrou a retrospetiva que o 3\u00ba Mar Film Festival lhe dedicou em 2019, no Museu Mar\u00edtimo de \u00cdlhavo&#8221;, destacou o documento.<\/p><\/blockquote>\n<p>Em 2013, tinha tamb\u00e9m sido exibido no ciclo <strong>&#8220;Fitas da Ria&#8221;<\/strong>, organizado pelo grupo <strong>&#8220;uariadeaveiro&#8221;<\/strong> da <a href=\"https:\/\/www.ua.pt\/\" target=\"_blank\" rel=\"noopener noreferrer nofollow\">Universidade de Aveiro<\/a> e apresentado no Teatro Aveirense.<\/p>\n<p>Nesse mesmo ano, o RIOS &#8212; 2\u00ba <a href=\"https:\/\/www.facebook.com\/riosdocumentaltematico\/?locale=pt_PT\" target=\"_blank\" rel=\"noopener noreferrer nofollow\">Festival Internacional de Cinema Documental e Transmedia<\/a>, realizado em Vila Real por Anabela Branco de Oliveira, acolheu uma retrospetiva dedicada ao cinema de Aveiro, exibindo <strong>&#8220;Sal, Duro Sal&#8221;<\/strong> e <strong>&#8220;Um Olhar Diferente pela Ria de Aveiro&#8221;<\/strong>, contribuindo para dar nova visibilidade \u00e0 sua obra.<\/p>\n<p>Em 2009, Manuel Paula Dias realizou um remake de<strong> &#8220;Decomposi\u00e7\u00e3o&#8221;<\/strong>, um filme originalmente rodado em 1972, uma fic\u00e7\u00e3o experimental que, no seu in\u00edcio, <strong>&#8220;relembra as dificuldades que o cinema amador e independente enfrentava com a a\u00e7\u00e3o da censura&#8221;.<\/strong><\/p>\n<blockquote><p>&#8220;Em colabora\u00e7\u00e3o com Ernesto Barros, realizou ainda &#8216;Derrame&#8217;, filme rodado em 1975 e conclu\u00eddo em 1977, que inclui imagens \u00fanicas do funeral do soldado morto no assalto \u00e0 sede de Aveiro do Partido Comunista Portugu\u00eas, num momento particularmente tenso do p\u00f3s-Revolu\u00e7\u00e3o&#8221;, l\u00ea-se.<\/p><\/blockquote>\n<p>O Cine Clube de Avanca real\u00e7ou ainda que <strong>Manuel Paula Dias e Ernesto Barros<\/strong> integraram o chamado <strong>&#8220;Grupo de Aveiro&#8221;<\/strong>, n\u00facleo que marcou o cinema n\u00e3o-profissional portugu\u00eas dos anos 60 e 70, ao lado de nomes como <strong>Vasco Branco e Manuel Matos Barbosa.<\/strong><\/p>\n<blockquote><p>&#8220;Este grupo deixou um importante legado f\u00edlmico profundamente ligado \u00e0 identidade cultural de Aveiro e da sua regi\u00e3o&#8221;, considerou o Cine Clube.<\/p><\/blockquote>\n<blockquote><p>&#8220;Nos \u00faltimos anos, dedicava-se \u00e0 escrita de um livro sobre a hist\u00f3ria da sua fam\u00edlia e o in\u00edcio da ind\u00fastria de fundi\u00e7\u00e3o em Aveiro &#8212; um relato marcado pelo epis\u00f3dio dram\u00e1tico de um avi\u00e3o que, sa\u00eddo da Base A\u00e9rea de S\u00e3o Jacinto, se despenhou nos terrenos pertencentes ao seu pai&#8221;, escreveu o Cine Clube de Avanca que lamentou a morte do cineasta.<\/p><\/blockquote>\n","protected":false},"excerpt":{"rendered":"Cultura O cineasta Manuel Paula Dias deixa um importante legado no cinema documental portugu\u00eas. Natural de Aveiro, dividiu&hellip;\n","protected":false},"author":2,"featured_media":153953,"comment_status":"","ping_status":"","sticky":false,"template":"","format":"standard","meta":{"footnotes":""},"categories":[140],"tags":[114,115,147,148,146,32,33],"class_list":{"0":"post-153952","1":"post","2":"type-post","3":"status-publish","4":"format-standard","5":"has-post-thumbnail","7":"category-filmes","8":"tag-entertainment","9":"tag-entretenimento","10":"tag-film","11":"tag-filmes","12":"tag-movies","13":"tag-portugal","14":"tag-pt"},"share_on_mastodon":{"url":"https:\/\/pubeurope.com\/@pt\/115560410445768817","error":""},"_links":{"self":[{"href":"https:\/\/www.europesays.com\/pt\/wp-json\/wp\/v2\/posts\/153952","targetHints":{"allow":["GET"]}}],"collection":[{"href":"https:\/\/www.europesays.com\/pt\/wp-json\/wp\/v2\/posts"}],"about":[{"href":"https:\/\/www.europesays.com\/pt\/wp-json\/wp\/v2\/types\/post"}],"author":[{"embeddable":true,"href":"https:\/\/www.europesays.com\/pt\/wp-json\/wp\/v2\/users\/2"}],"replies":[{"embeddable":true,"href":"https:\/\/www.europesays.com\/pt\/wp-json\/wp\/v2\/comments?post=153952"}],"version-history":[{"count":0,"href":"https:\/\/www.europesays.com\/pt\/wp-json\/wp\/v2\/posts\/153952\/revisions"}],"wp:featuredmedia":[{"embeddable":true,"href":"https:\/\/www.europesays.com\/pt\/wp-json\/wp\/v2\/media\/153953"}],"wp:attachment":[{"href":"https:\/\/www.europesays.com\/pt\/wp-json\/wp\/v2\/media?parent=153952"}],"wp:term":[{"taxonomy":"category","embeddable":true,"href":"https:\/\/www.europesays.com\/pt\/wp-json\/wp\/v2\/categories?post=153952"},{"taxonomy":"post_tag","embeddable":true,"href":"https:\/\/www.europesays.com\/pt\/wp-json\/wp\/v2\/tags?post=153952"}],"curies":[{"name":"wp","href":"https:\/\/api.w.org\/{rel}","templated":true}]}}