{"id":153954,"date":"2025-11-16T16:51:08","date_gmt":"2025-11-16T16:51:08","guid":{"rendered":"https:\/\/www.europesays.com\/pt\/153954\/"},"modified":"2025-11-16T16:51:08","modified_gmt":"2025-11-16T16:51:08","slug":"ultima-corrida-de-miguel-oliveira-ao-minuto","status":"publish","type":"post","link":"https:\/\/www.europesays.com\/pt\/153954\/","title":{"rendered":"\u00faltima corrida de Miguel Oliveira AO MINUTO"},"content":{"rendered":"<p>Acompanhe o Grande Pr\u00e9mio de Val\u00eancia, a \u00faltima ronda do Mundial de MotoGP, a partir das 13 horas. Trata-se da derradeira corrida do portugu\u00eas Miguel Oliveira no circuito, para ingressar no pr\u00f3ximo ano no Mundial de Superbikes.<\/p>\n<ul id=\"timeline-eventos\" data-id=\"6919c46dd34e3caad84b5867\" class=\"iolTimeline timeline-eventos timelineDiv\">\n<ul class=\"timeline-eventos\">\n<li class=\"dateDia\" id=\"ev16\">16 de Novembro de 2025<\/li>\n<li class=\"timeline-evento\" id=\"ev6919dc7ad34e2bd5c6d4107a\">\n        <a name=\"ev6919dc7ad34e2bd5c6d4107a\"\/><\/p>\n<p>        14:15<\/p>\n<p>\t\t\t\tE a classifica\u00e7\u00e3o geral. At\u00e9 para o ano!<\/p>\n<\/li>\n<li class=\"timeline-evento\" id=\"ev6919dbf0d34e2bd5c6d41073\">\n        <a name=\"ev6919dbf0d34e2bd5c6d41073\"\/><\/p>\n<p>        14:13<\/p>\n<p>\t\t\t\tEis a classifica\u00e7\u00e3o desta etapa:<\/p>\n<\/li>\n<li class=\"timeline-evento\" id=\"ev6919d87fd34e2bd5c6d4105c\">\n        <a name=\"ev6919d87fd34e2bd5c6d4105c\"\/><\/p>\n<p>        13:58<\/p>\n<p>\t\t\t\tMiguel Oliveira termina temporada em 20.\u00ba, com 43 pontos<\/p>\n<\/li>\n<li class=\"timeline-evento\" id=\"ev6919d731d34e2bd5c6d41053\">\n        <a name=\"ev6919d731d34e2bd5c6d41053\"\/><\/p>\n<p>        13:52<\/p>\n<p>                    <a href=\"https:\/\/maisfutebol.iol.pt\/motociclismo\/motogp\/motogp-miguel-oliveira-despede-se-do-mundial-com-11-lugar-em-valencia\" class=\"multLink\" rel=\"nofollow noopener\" target=\"_blank\">ARTIGO<\/a><\/p>\n<p>\n\t\t\t\t Foi a \u00faltima corrida do \u00abFalc\u00e3o\u00bb na prova rainha do motociclismo, antes de embarcar no Mundial de Superbikes\n\t\t\t<\/p>\n<\/li>\n<li class=\"timeline-evento\" id=\"ev6919d656d34e3caad84b58c3\">\n        <a name=\"ev6919d656d34e3caad84b58c3\"\/><\/p>\n<p>        13:49<\/p>\n<p>\t\t\t\tMiguel Oliveira despede-se&#8230; a queimar pneu na box!<\/p>\n<\/li>\n<li class=\"timeline-evento\" id=\"ev6919d58ed34e2bd5c6d41049\">\n        <a name=\"ev6919d58ed34e2bd5c6d41049\"\/><\/p>\n<p>        13:45<\/p>\n<p>\t\t\t\tMiguel Oliveira ficou a 19.304 segundos do primeiro classificado<\/p>\n<\/li>\n<li class=\"timeline-evento\" id=\"ev6919d550d34e3caad84b58bf\">\n        <a name=\"ev6919d550d34e3caad84b58bf\"\/><\/p>\n<p>        13:45<\/p>\n<p>\t\t\t\tMiguel Oliveira termina em 11.\u00ba! Est\u00e1 encerrada a aventura no MotoGP!<\/p>\n<\/li>\n<li class=\"timeline-evento\" id=\"ev6919d52cd34e2bd5c6d41046\">\n        <a name=\"ev6919d52cd34e2bd5c6d41046\"\/><\/p>\n<p>        13:44<\/p>\n<p>\t\t\t\tAp\u00f3s vencer no GP de Portim\u00e3o, italiano Bezzecchi soma mais uma vit\u00f3ria!<\/p>\n<\/li>\n<li class=\"timeline-evento\" id=\"ev6919d505d34e3caad84b58ba\">\n        <a name=\"ev6919d505d34e3caad84b58ba\"\/><\/p>\n<p>        13:43<\/p>\n<p>\t\t\t\tMarco Bezzecchi (Aprilia) domina e cruza a meta em primeiro! Ra\u00fal Fern\u00e1ndez (Trackhouse) surpreende em segundo<\/p>\n<\/li>\n<li class=\"timeline-evento\" id=\"ev6919d4b5d34e3caad84b58b9\">\n        <a name=\"ev6919d4b5d34e3caad84b58b9\"\/><\/p>\n<p>        13:42<\/p>\n<p>\t\t\t\t26\/27: entramos na \u00faltima volta de 2025!<\/p>\n<\/li>\n<li class=\"timeline-evento\" id=\"ev6919d486d34e3caad84b58b8\">\n        <a name=\"ev6919d486d34e3caad84b58b8\"\/><\/p>\n<p>        13:41<\/p>\n<p>\t\t\t\tMiguel Oliveira fica perto da melhor marca da temporada (nono lugar no GP da Catalunha)<\/p>\n<\/li>\n<li class=\"timeline-evento\" id=\"ev6919d42dd34e3caad84b58b5\">\n        <a name=\"ev6919d42dd34e3caad84b58b5\"\/><\/p>\n<p>        13:39<\/p>\n<p>\t\t\t\t24\/27: Oliveira aproveita e ainda ultrapassa Mir (Honda)! \u00c9 11.\u00ba<\/p>\n<\/li>\n<li class=\"timeline-evento\" id=\"ev6919d3edd34e2bd5c6d41044\">\n        <a name=\"ev6919d3edd34e2bd5c6d41044\"\/><\/p>\n<p>        13:38<\/p>\n<p>\t\t\t\t24\/27: Miguel Oliveira sobe para 12.\u00ba ap\u00f3s queda de Quartararo <\/p>\n<\/li>\n<li class=\"timeline-evento\" id=\"ev6919d2c1d34e3caad84b58b4\">\n        <a name=\"ev6919d2c1d34e3caad84b58b4\"\/><\/p>\n<p>        13:33<\/p>\n<p>\t\t\t\t21\/27: Miguel Oliveira segue em 13.\u00ba, atr\u00e1s de Fabio Quartararo (Yamaha)<\/p>\n<\/li>\n<li class=\"timeline-evento\" id=\"ev6919d261d34e2bd5c6d4103c\">\n        <a name=\"ev6919d261d34e2bd5c6d4103c\"\/><\/p>\n<p>        13:32<\/p>\n<p>\t\t\t\t20\/27: Pedro Acosta (Red Bull KTM) sobe para terceiro lugar, deixando M\u00e1rquez (Gresini) em quarto<\/p>\n<\/li>\n<li class=\"timeline-evento\" id=\"ev6919d124d34e2bd5c6d41033\">\n        <a name=\"ev6919d124d34e2bd5c6d41033\"\/><\/p>\n<p>        13:27<\/p>\n<p>\t\t\t\t16\/27: Jorge Mart\u00edn (Gresini) encosta na box e encerra corrida <\/p>\n<\/li>\n<li class=\"timeline-evento\" id=\"ev6919d0f8d34e3caad84b58a7\">\n        <a name=\"ev6919d0f8d34e3caad84b58a7\"\/><\/p>\n<p>        13:26<\/p>\n<p>\t\t\t\tMiguel Oliveira 11.231 segundos mais lento do que o l\u00edder Bezzecchi<\/p>\n<\/li>\n<li class=\"timeline-evento\" id=\"ev6919d082d34e3caad84b58a6\">\n        <a name=\"ev6919d082d34e3caad84b58a6\"\/><\/p>\n<p>        13:24<\/p>\n<p>\t\t\t\t15\/27: Miguel Oliveira cai para 13.\u00ba, Bezzecchi mant\u00e9m-se intoc\u00e1vel na lideran\u00e7a<\/p>\n<\/li>\n<li class=\"timeline-evento\" id=\"ev6919cf67d34e2bd5c6d4102b\">\n        <a name=\"ev6919cf67d34e2bd5c6d4102b\"\/><\/p>\n<p>        13:19<\/p>\n<p>\t\t\t\t12\/27: grande ultrapassagem de Fern\u00e1ndez sobre M\u00e1rquez e sobe para segundo lugar<\/p>\n<\/li>\n<li class=\"timeline-evento\" id=\"ev6919cef7d34e3caad84b58a3\">\n        <a name=\"ev6919cef7d34e3caad84b58a3\"\/><\/p>\n<p>        13:17<\/p>\n<p>\t\t\t\t10\/27: Oliveira mant\u00e9m-se na 12.\u00aa posi\u00e7\u00e3o. Curiosamente, teve o 12.\u00ba melhor tempo no warm-up<\/p>\n<\/li>\n<li class=\"timeline-evento\" id=\"ev6919ce38d34e3caad84b5889\">\n        <a name=\"ev6919ce38d34e3caad84b5889\"\/><\/p>\n<p>        13:14<\/p>\n<p>\t\t\t\t8\/27: Miguel Oliveira sobe para 12.\u00ba classificado<\/p>\n<\/li>\n<li class=\"timeline-evento\" id=\"ev6919cdedd34e3caad84b5888\">\n        <a name=\"ev6919cdedd34e3caad84b5888\"\/><\/p>\n<p>        13:13<\/p>\n<p>\t\t\t\t\u00c9poca para esquecer: Bagnaia soma seis fins-de-semana sem pontos <\/p>\n<\/li>\n<li class=\"timeline-evento\" id=\"ev6919cdc9d34e3caad84b5887\">\n        <a name=\"ev6919cdc9d34e3caad84b5887\"\/><\/p>\n<p>        13:12<\/p>\n<p>\t\t\t\t7\/27: Miguel Oliveira em 13.\u00ba, queda para Ogura (Trackhouse)<\/p>\n<\/li>\n<li class=\"timeline-evento\" id=\"ev6919ccd7d34e3caad84b5885\">\n        <a name=\"ev6919ccd7d34e3caad84b5885\"\/><\/p>\n<p>        13:08<\/p>\n<p>\t\t\t\t4\/27: Miguel Oliveira continua em 15.\u00ba, Bezzecchi lidera<\/p>\n<\/li>\n<li class=\"timeline-evento\" id=\"ev6919cc10d34e2bd5c6d4100b\">\n        <a name=\"ev6919cc10d34e2bd5c6d4100b\"\/><\/p>\n<p>        13:05<\/p>\n<p>\t\t\t\tMiguel Oliveira termina primeira volta em 15.\u00ba<\/p>\n<\/li>\n<li class=\"timeline-evento\" id=\"ev6919cc60d34e3caad84b5881\">\n        <a name=\"ev6919cc60d34e3caad84b5881\"\/><\/p>\n<p>        13:05<\/p>\n<p>\t\t\t\tBagnaia n\u00e3o esconde a insatisfa\u00e7\u00e3o na box<\/p>\n<\/li>\n<li class=\"timeline-evento\" id=\"ev6919cba7d34e3caad84b5880\">\n        <a name=\"ev6919cba7d34e3caad84b5880\"\/><\/p>\n<p>        13:03<\/p>\n<p>\t\t\t\t1\/27: Bagnaia j\u00e1 est\u00e1 fora da corrida!<\/p>\n<\/li>\n<li class=\"timeline-evento\" id=\"ev6919cb87d34e2bd5c6d4100a\">\n        <a name=\"ev6919cb87d34e2bd5c6d4100a\"\/><\/p>\n<p>        13:02<\/p>\n<p>\t\t\t\tCome\u00e7a a \u00faltima corrida do ano!<\/p>\n<\/li>\n<li class=\"timeline-evento\" id=\"ev6919cb73d34e3caad84b587f\">\n        <a name=\"ev6919cb73d34e3caad84b587f\"\/><\/p>\n<p>        13:02<\/p>\n<p>\t\t\t\tFranco Morbidelli cai ainda antes do in\u00edcio da corrida!<\/p>\n<\/li>\n<li class=\"timeline-evento\" id=\"ev6919cae3d34e3caad84b587e\">\n        <a name=\"ev6919cae3d34e3caad84b587e\"\/><\/p>\n<p>        13:00<\/p>\n<p>\t\t\t\tInicia-se a volta de aquecimento em Val\u00eancia!<\/p>\n<\/li>\n<\/ul>\n<\/ul>\n","protected":false},"excerpt":{"rendered":"Acompanhe o Grande Pr\u00e9mio de Val\u00eancia, a \u00faltima ronda do Mundial de MotoGP, a partir das 13 horas.&hellip;\n","protected":false},"author":2,"featured_media":153955,"comment_status":"","ping_status":"","sticky":false,"template":"","format":"standard","meta":{"footnotes":""},"categories":[87],"tags":[135,32,33,47,134],"class_list":{"0":"post-153954","1":"post","2":"type-post","3":"status-publish","4":"format-standard","5":"has-post-thumbnail","7":"category-desporto","8":"tag-desporto","9":"tag-portugal","10":"tag-pt","11":"tag-pura-paixao","12":"tag-sports"},"share_on_mastodon":{"url":"https:\/\/pubeurope.com\/@pt\/115560414138470524","error":""},"_links":{"self":[{"href":"https:\/\/www.europesays.com\/pt\/wp-json\/wp\/v2\/posts\/153954","targetHints":{"allow":["GET"]}}],"collection":[{"href":"https:\/\/www.europesays.com\/pt\/wp-json\/wp\/v2\/posts"}],"about":[{"href":"https:\/\/www.europesays.com\/pt\/wp-json\/wp\/v2\/types\/post"}],"author":[{"embeddable":true,"href":"https:\/\/www.europesays.com\/pt\/wp-json\/wp\/v2\/users\/2"}],"replies":[{"embeddable":true,"href":"https:\/\/www.europesays.com\/pt\/wp-json\/wp\/v2\/comments?post=153954"}],"version-history":[{"count":0,"href":"https:\/\/www.europesays.com\/pt\/wp-json\/wp\/v2\/posts\/153954\/revisions"}],"wp:featuredmedia":[{"embeddable":true,"href":"https:\/\/www.europesays.com\/pt\/wp-json\/wp\/v2\/media\/153955"}],"wp:attachment":[{"href":"https:\/\/www.europesays.com\/pt\/wp-json\/wp\/v2\/media?parent=153954"}],"wp:term":[{"taxonomy":"category","embeddable":true,"href":"https:\/\/www.europesays.com\/pt\/wp-json\/wp\/v2\/categories?post=153954"},{"taxonomy":"post_tag","embeddable":true,"href":"https:\/\/www.europesays.com\/pt\/wp-json\/wp\/v2\/tags?post=153954"}],"curies":[{"name":"wp","href":"https:\/\/api.w.org\/{rel}","templated":true}]}}