{"id":153962,"date":"2025-11-16T16:57:12","date_gmt":"2025-11-16T16:57:12","guid":{"rendered":"https:\/\/www.europesays.com\/pt\/153962\/"},"modified":"2025-11-16T16:57:12","modified_gmt":"2025-11-16T16:57:12","slug":"greve-geral-andre-ventura-culpa-o-governo-de-ter-tratado-o-assunto-de-forma-atabalhoada","status":"publish","type":"post","link":"https:\/\/www.europesays.com\/pt\/153962\/","title":{"rendered":"Greve geral. Andr\u00e9 Ventura culpa o governo de ter tratado o assunto de forma &#8220;atabalhoada&#8221;"},"content":{"rendered":"<p>\nAndre Ventura considera que a greve do dia 11 de Dezembro ser\u00e1 negativa para o pa\u00eds e aponta o dedo ao executivo de Lu\u00eds Montenegro. <\/p>\n<p>Em declara\u00e7\u00f5es aos jornalistas \u00e0 entrada para uma reuni\u00e3o com a Associa\u00e7\u00e3o Comercial, Industrial e Servi\u00e7os de Vila Nova De Gaia (ACIGAIA), Ventura disse que a nova lei laboral <b>&#8220;devia ter sido negociada ponto a ponto, passo a passo, desde o in\u00edcio do ver\u00e3o&#8221; e que, &#8220;se chegarmos a uma greve j\u00e1, \u00e9 mau para o pa\u00eds&#8221;<\/b>.<\/p>\n<p><b>&#8220;Estamos a correr um pouco atr\u00e1s do preju\u00edzo. Acho que isso, sinceramente, \u00e9 negativo. \u00c9 culpa do Governo, tamb\u00e9m culpa um pouco destes sindicatos desatualizados, mas isto \u00e9 a realidade que temos&#8221;<\/b>, disse Andr\u00e9 Ventura depois de defender que o executivo de Montenegro devia ter negociado com os setores laborais.<\/p>\n<p>Culpando o Governo, mas tamb\u00e9m <b>&#8220;as intransig\u00eancias de sindicatos, que muitas vezes j\u00e1 n\u00e3o representam ningu\u00e9m&#8221;<\/b>, nomeadamente &#8220;dirigentes que n\u00e3o trabalham h\u00e1 20 anos e h\u00e1 30 e est\u00e3o a fazer o jogo pol\u00edtico da extrema-esquerda que se viu diminu\u00edda no parlamento&#8221;, Ventura disse que &#8220;o pa\u00eds precisa de uma nova lei laboral com flexibilidade, adaptada \u00e0 economia moderna&#8221;, mas frisou que &#8220;quem trabalha tamb\u00e9m tem que ver os seus direitos garantidos&#8221;.<\/p>\n<p>&#8220;Estou a referir-me a quest\u00f5es que est\u00e3o agora a gerar alguma revolta da parte dos setores laborais e que podiam ter sido negociadas (&#8230;).<b> Isto n\u00e3o foi feito a tempo e o Governo meteu isto agora de forma atabalhoada. N\u00f3s estamos desde julho a dizer que era preciso dialogar<\/b>&#8220;, disse o candidato.<\/p>\n<p>O l\u00edder do Chega enumerou, entre outras quest\u00f5es, o banco de horas, o teletrabalho, o direito \u00e0 greve e as compensa\u00e7\u00f5es decorrentes do direito \u00e0 greve, bem como as relacionadas com o direito \u00e0 amamenta\u00e7\u00e3o, para dar exemplos de aspetos &#8220;mal negociados&#8221;.<\/p>\n<p>&#8220;A quest\u00e3o da amamenta\u00e7\u00e3o e do direito \u00e0 amamenta\u00e7\u00e3o, num pa\u00eds que tem os problemas de natalidade que n\u00f3s temos e que s\u00e3o conhecidos de todos, esta era uma quest\u00e3o que podia ter sido tratada. O Governo optou por n\u00e3o o fazer, optou por n\u00e3o o tratar, optou por deixar a quest\u00e3o ir at\u00e9 ao fim. Pois, n\u00f3s podemos ter flexibilidade, sem dar ideia para o pa\u00eds, que se pode despedir de qualquer maneira, a qualquer hora e por capricho&#8221;, referiu.<\/p>\n<p>Para Ventura, se Portugal chegar a uma greve geral <b>&#8220;\u00e9 mau para o pa\u00eds, mau para as empresas e mau para os trabalhadores<\/b>&#8220;.<\/p>\n<p>&#8220;\u00c9 mau para todos. O pa\u00eds para e isso \u00e9 um sinal negativo. N\u00f3s estamos \u00e0 vontade porque estivemos desde o in\u00edcio do lado do bom senso. Isto n\u00e3o \u00e9 uma quest\u00e3o de esquerda e direita. Goste-se dela ou n\u00e3o se goste dela, uma greve geral \u00e9 m\u00e1 para o pa\u00eds, para a economia, para o pa\u00eds, tem um preju\u00edzo significativo para os nossos cofres p\u00fablicos. Isto devia ter sido evitado antes de se chegar aqui&#8221;, concluiu.<\/p>\n<p>A greve geral foi anunciada h\u00e1 uma semana pelo secret\u00e1rio-geral da CGTP, Tiago Oliveira, no final da marcha nacional contra o pacote laboral, que levou milhares de trabalhadores a descer a Avenida da Liberdade, em Lisboa, em protesto contra as altera\u00e7\u00f5es propostas pelo Governo de Lu\u00eds Montenegro.<\/p>\n<p>Ap\u00f3s o an\u00fancio da greve, os manifestantes mostraram apoio \u00e0 paralisa\u00e7\u00e3o de 24 horas ao entoar &#8220;o ataque \u00e9 brutal, vamos \u00e0 greve geral&#8221;.<\/p>\n<p>Na quinta-feira, a UGT aprovou por unanimidade a decis\u00e3o de avan\u00e7ar em converg\u00eancia com a CGTP.<\/p>\n<p>&#13;<br \/>\nEsta ser\u00e1 a primeira paralisa\u00e7\u00e3o a juntar as duas centrais sindicais desde junho de 2013, altura em que Portugal estava sob interven\u00e7\u00e3o da &#8216;troika&#8217;.&#13;\n<\/p>\n<p>&#13;<br \/>\nC\/Lusa&#13;<\/p>\n","protected":false},"excerpt":{"rendered":"Andre Ventura considera que a greve do dia 11 de Dezembro ser\u00e1 negativa para o pa\u00eds e aponta&hellip;\n","protected":false},"author":2,"featured_media":153963,"comment_status":"","ping_status":"","sticky":false,"template":"","format":"standard","meta":{"footnotes":""},"categories":[10],"tags":[27,28,15,16,14,25,26,21,22,12,13,19,20,32,23,24,33,420,421,17,18,29,30,31],"class_list":{"0":"post-153962","1":"post","2":"type-post","3":"status-publish","4":"format-standard","5":"has-post-thumbnail","7":"category-portugal","8":"tag-breaking-news","9":"tag-breakingnews","10":"tag-featured-news","11":"tag-featurednews","12":"tag-headlines","13":"tag-latest-news","14":"tag-latestnews","15":"tag-main-news","16":"tag-mainnews","17":"tag-news","18":"tag-noticias","19":"tag-noticias-principais","20":"tag-noticiasprincipais","21":"tag-portugal","22":"tag-principais-noticias","23":"tag-principaisnoticias","24":"tag-pt","25":"tag-rtp","26":"tag-rtp-noticias","27":"tag-top-stories","28":"tag-topstories","29":"tag-ultimas","30":"tag-ultimas-noticias","31":"tag-ultimasnoticias"},"share_on_mastodon":{"url":"https:\/\/pubeurope.com\/@pt\/115560437741907708","error":""},"_links":{"self":[{"href":"https:\/\/www.europesays.com\/pt\/wp-json\/wp\/v2\/posts\/153962","targetHints":{"allow":["GET"]}}],"collection":[{"href":"https:\/\/www.europesays.com\/pt\/wp-json\/wp\/v2\/posts"}],"about":[{"href":"https:\/\/www.europesays.com\/pt\/wp-json\/wp\/v2\/types\/post"}],"author":[{"embeddable":true,"href":"https:\/\/www.europesays.com\/pt\/wp-json\/wp\/v2\/users\/2"}],"replies":[{"embeddable":true,"href":"https:\/\/www.europesays.com\/pt\/wp-json\/wp\/v2\/comments?post=153962"}],"version-history":[{"count":0,"href":"https:\/\/www.europesays.com\/pt\/wp-json\/wp\/v2\/posts\/153962\/revisions"}],"wp:featuredmedia":[{"embeddable":true,"href":"https:\/\/www.europesays.com\/pt\/wp-json\/wp\/v2\/media\/153963"}],"wp:attachment":[{"href":"https:\/\/www.europesays.com\/pt\/wp-json\/wp\/v2\/media?parent=153962"}],"wp:term":[{"taxonomy":"category","embeddable":true,"href":"https:\/\/www.europesays.com\/pt\/wp-json\/wp\/v2\/categories?post=153962"},{"taxonomy":"post_tag","embeddable":true,"href":"https:\/\/www.europesays.com\/pt\/wp-json\/wp\/v2\/tags?post=153962"}],"curies":[{"name":"wp","href":"https:\/\/api.w.org\/{rel}","templated":true}]}}