{"id":153968,"date":"2025-11-16T17:00:08","date_gmt":"2025-11-16T17:00:08","guid":{"rendered":"https:\/\/www.europesays.com\/pt\/153968\/"},"modified":"2025-11-16T17:00:08","modified_gmt":"2025-11-16T17:00:08","slug":"prefeitura-divulga-os-20-finalistas-do-concurso-cascavel-em-foto","status":"publish","type":"post","link":"https:\/\/www.europesays.com\/pt\/153968\/","title":{"rendered":"Prefeitura divulga os 20 finalistas do concurso &#8220;Cascavel em Foto&#8221;"},"content":{"rendered":"\n<p>A Prefeitura de Cascavel, por meio da Secretaria de Cultura, e o Fotoclube Cascavel, divulgam os 20 finalistas da primeira edi\u00e7\u00e3o do concurso \u201cCascavel em Foto\u201d, uma celebra\u00e7\u00e3o \u00e0 cidade, \u00e0 sua gente e aos in\u00fameros \u00e2ngulos que comp\u00f5em o cotidiano do Munic\u00edpio. <\/p>\n<p>As 20 imagens v\u00e3o compor a exposi\u00e7\u00e3o do mesmo nome do concurso que ser\u00e1 inaugura dia 23 de novembro, \u00e0s 10h30, no Teatro Municipal Sefrin Filho, quando tamb\u00e9m ser\u00e3o conhecidos os vencedores.\u00a0<\/p>\n<p>Os artistas que tiveram suas fotos classificadas para a final s\u00e3o:<br \/>Altemir Carneiro,<br \/>Carlos Eduardo Pedroso,<br \/>Camila Zantut,<br \/>Daniel Bispo,<br \/>Denise Veronez,<br \/>Gabriela Dalponte Vieira,<br \/>Gina Prati,<br \/>Giseli Cristina Flausino,<br \/>Kamily Batista,<br \/>Larissa Crescencio,<br \/>Luigi Mamedio,<br \/>Mayara Trappel,<br \/>Nilo Danielli,<br \/>Pedro Rockembach,<br \/>Ra\u00edssa Sousa,<br \/>Regina Battisti,<br \/>Renata Klassmann,<br \/>Teresinha Suchodolak,<br \/>Vit\u00f3ria Celeste Winkert\u00a0<br \/>Viviane Lonkouski.<\/p>\n<p>Os finalistas conseguiram captar paisagens, hist\u00f3rias e personagens que traduzem o esp\u00edrito e a identidade do munic\u00edpio.<\/p>\n<p>Dividido nas categorias Amador e Profissional, o concurso recebeu inscri\u00e7\u00f5es de toda a cidade, reunindo desde olhares iniciantes at\u00e9 nomes j\u00e1 consagrados da fotografia local.<\/p>\n<p>Na categoria Profissional, os vencedores receber\u00e3o pr\u00eamios que valorizam tanto a arte quanto o aprimoramento t\u00e9cnico.\u00a0O primeiro lugar ter\u00e1 sua foto emoldurada (quadro 60\u00d740 em canvas), al\u00e9m de um curso online Preto e Branco PRO e certificado.\u00a0O segundo lugar receber\u00e1 o curso online Preto e Branco PRO e certificado, e o terceiro lugar ganhar\u00e1 um azulejo artesanal com a foto impressa e certificado.<\/p>\n<p>J\u00e1 na categoria Amador, o foco \u00e9 o aprendizado e o reconhecimento de novos talentos.\u00a0O primeiro lugar receber\u00e1 a foto vencedora emoldurada (60\u00d740 em canvas), um curso online de fotografia b\u00e1sica e certificado.\u00a0O segundo lugar tamb\u00e9m ser\u00e1 premiado com o curso de fotografia b\u00e1sica e certificado, enquanto o terceiro lugar receber\u00e1 um azulejo artesanal com a imagem impressa e certificado.<\/p>\n<p><strong>EXPOSI\u00c7\u00c3O<\/strong><br \/>A exposi\u00e7\u00e3o seguir\u00e1 at\u00e9 o dia 15 de dezembro, com entrada gratuita, com visita\u00e7\u00e3o\u00a0das 8h30 \u00e0s 12h e das 13h \u00e0s 17h30. O Teatro Sefrin filho fica na Rua Rio de Janeiro, 950, na Regi\u00e3o Central de Cascavel.\u00a0<\/p>\n","protected":false},"excerpt":{"rendered":"A Prefeitura de Cascavel, por meio da Secretaria de Cultura, e o Fotoclube Cascavel, divulgam os 20 finalistas&hellip;\n","protected":false},"author":2,"featured_media":153969,"comment_status":"","ping_status":"","sticky":false,"template":"","format":"standard","meta":{"footnotes":""},"categories":[144],"tags":[207,205,206,203,201,202,204,114,115,32,33],"class_list":{"0":"post-153968","1":"post","2":"type-post","3":"status-publish","4":"format-standard","5":"has-post-thumbnail","7":"category-arte-e-design","8":"tag-arte","9":"tag-arte-e-design","10":"tag-artedesign","11":"tag-arts","12":"tag-arts-and-design","13":"tag-artsanddesign","14":"tag-design","15":"tag-entertainment","16":"tag-entretenimento","17":"tag-portugal","18":"tag-pt"},"share_on_mastodon":{"url":"https:\/\/pubeurope.com\/@pt\/115560449561230015","error":""},"_links":{"self":[{"href":"https:\/\/www.europesays.com\/pt\/wp-json\/wp\/v2\/posts\/153968","targetHints":{"allow":["GET"]}}],"collection":[{"href":"https:\/\/www.europesays.com\/pt\/wp-json\/wp\/v2\/posts"}],"about":[{"href":"https:\/\/www.europesays.com\/pt\/wp-json\/wp\/v2\/types\/post"}],"author":[{"embeddable":true,"href":"https:\/\/www.europesays.com\/pt\/wp-json\/wp\/v2\/users\/2"}],"replies":[{"embeddable":true,"href":"https:\/\/www.europesays.com\/pt\/wp-json\/wp\/v2\/comments?post=153968"}],"version-history":[{"count":0,"href":"https:\/\/www.europesays.com\/pt\/wp-json\/wp\/v2\/posts\/153968\/revisions"}],"wp:featuredmedia":[{"embeddable":true,"href":"https:\/\/www.europesays.com\/pt\/wp-json\/wp\/v2\/media\/153969"}],"wp:attachment":[{"href":"https:\/\/www.europesays.com\/pt\/wp-json\/wp\/v2\/media?parent=153968"}],"wp:term":[{"taxonomy":"category","embeddable":true,"href":"https:\/\/www.europesays.com\/pt\/wp-json\/wp\/v2\/categories?post=153968"},{"taxonomy":"post_tag","embeddable":true,"href":"https:\/\/www.europesays.com\/pt\/wp-json\/wp\/v2\/tags?post=153968"}],"curies":[{"name":"wp","href":"https:\/\/api.w.org\/{rel}","templated":true}]}}