{"id":153972,"date":"2025-11-16T17:04:13","date_gmt":"2025-11-16T17:04:13","guid":{"rendered":"https:\/\/www.europesays.com\/pt\/153972\/"},"modified":"2025-11-16T17:04:13","modified_gmt":"2025-11-16T17:04:13","slug":"por-que-alan-rickman-o-snape-chegou-a-pensar-em-se-demitir-da-franquia-harry-potter-e-o-que-o-fez-mudar-de-ideia-filmes","status":"publish","type":"post","link":"https:\/\/www.europesays.com\/pt\/153972\/","title":{"rendered":"Por que Alan Rickman, o Snape, chegou a pensar em se demitir da franquia &#8216;Harry Potter&#8217; e o que o fez mudar de ideia | Filmes"},"content":{"rendered":"\n<p class=\" content-text__container \" data-track-category=\"Link no Texto\" data-track-links=\"\"> O que poucos sabem, por\u00e9m, \u00e9 que o astro vencedor do Emmy, BAFTA e Globo de Ouro, que morreu em 2016, aos 69 anos, devido a um c\u00e2ncer no p\u00e2ncreas, quase abandonou o papel que o consagrou no imagin\u00e1rio popular. Mas, pouco tempo depois que a ideia de se demitir da ic\u00f4nica saga se formou em sua cabe\u00e7a, ela j\u00e1 foi descartada. <\/p>\n<p class=\" content-text__container \" data-track-category=\"Link no Texto\" data-track-links=\"\"> Em seus di\u00e1rios, que escrevia desde 1992, Rickman revelou que retornar para o mundo de Harry Potter, depois das pausas entre uma grava\u00e7\u00e3o e outra \u2013 ele participou de todos os oito filmes da saga \u2013, era como um \u201csonho\u201d que nunca tinha acabado. Entretanto, durante um dia de grava\u00e7\u00f5es do terceiro filme, \u2018Harry Potter e o Prisioneiro de Azkaban\u2019 (2004), ele teve \u201cuma perda de mem\u00f3ria\u201d e passou o \u201cdia inteiro\u201d em melancolia. <\/p>\n<p class=\" content-text__container \" data-track-category=\"Link no Texto\" data-track-links=\"\"> Al\u00e9m disso, ele escreveu que sua rela\u00e7\u00e3o com o diretor daquela produ\u00e7\u00e3o, Alfonso Cuaron, n\u00e3o era das melhores \u2013 apesar de eles terem se resolvido depois, fora do est\u00fadio. \u201cAlfonso [Cuar\u00f3n, o diretor] era um pouco selvagem comigo. Eu o amava muito para deixar isso durar por muito tempo, ent\u00e3o eu resolvi as coisas fora do filme com ele\u201d, contou nas suas anota\u00e7\u00f5es sobre o cineasta mexicano que tinha uma vis\u00e3o bastante ambiciosa &#8211; anos depois, ele se tornaria um dos grandes diretores do cinema, vencedor do Oscar por &#8216;Gravidade&#8217; (2013) e &#8216;Roma&#8217; (2018). <\/p>\n<p class=\" content-text__container \" data-track-category=\"Link no Texto\" data-track-links=\"\"> Alan Rickman ainda falou sobre como a agenda apertada \u2013 comum em grandes franquias \u2013 causava tens\u00e3o, principalmente com o elenco jovem, que \u201cprecisava de orienta\u00e7\u00e3o\u201d. Ele revelou que, muitas vezes, as c\u00e2meras j\u00e1 estavam rodando antes dos atores estarem preparados. Segundo ele contou, a interpreta\u00e7\u00e3o de Emma Watson, que viveu Hermione, era uma das mais \u201cduras\u201d nos primeiros takes. <\/p>\n<p class=\" content-text__container \" data-track-category=\"Link no Texto\" data-track-links=\"\"> Mesmo com as d\u00favidas sobre continuar ou n\u00e3o, e a exaust\u00e3o crescente, Rickman resolveu permanecer na saga \u2013 o que possibilitou que ele estabelecesse fortes rela\u00e7\u00e3o com os atores mirins. E, segundo revelou, ele deixou suas frustra\u00e7\u00f5es com \u2018Harry Potter\u2019 de lado por um motivo bastante pessoal: mesmo que se sentisse drenado e preso criativamente, ele acreditava na complexidade do seu personagem. <\/p>\n<p class=\" content-text__container \" data-track-category=\"Link no Texto\" data-track-links=\"\"> Nos bastidores, por\u00e9m, ele n\u00e3o era t\u00e3o intimidador quanto o seu papel \u2013 apesar de ter sido um mentor t\u00e3o quieto quanto ao jovem elenco de \u2018Harry Potter\u2019. \u201cEle encurtou uma viagem ao Canad\u00e1 para me ver [na pe\u00e7a] \u2018Equus\u2019. Ele viu todas as pe\u00e7as que eu fiz enquanto ele estava vivo\u201d, Daniel Radcliffe, o Harry Potter, contou sobre o veterano colega para a revista &#8216;Variety&#8217;. <\/p>\n<p class=\" content-text__container \" data-track-category=\"Link no Texto\" data-track-links=\"\"> J\u00e1 Emma Watson, a eterna Hermione Granger, refletiu sobre a conex\u00e3o que teve com Rickman. \u201cEu me sinto muito sortuda de ter trabalhado e passado tempo com um homem e um ator t\u00e3o especial\u201d, declarou ao jornal &#8216;The Guardian&#8217;. E at\u00e9 mesmo Tom Felton, int\u00e9rprete de Draco Malfoy, elogiou Alan, o descrevendo como \u201cmuito, muito gentil e com um senso de humor perverso\u201d em depoimento para a &#8216;People&#8217;. <\/p>\n","protected":false},"excerpt":{"rendered":"O que poucos sabem, por\u00e9m, \u00e9 que o astro vencedor do Emmy, BAFTA e Globo de Ouro, que&hellip;\n","protected":false},"author":2,"featured_media":153973,"comment_status":"","ping_status":"","sticky":false,"template":"","format":"standard","meta":{"footnotes":""},"categories":[140],"tags":[114,115,147,148,146,32,33],"class_list":{"0":"post-153972","1":"post","2":"type-post","3":"status-publish","4":"format-standard","5":"has-post-thumbnail","7":"category-filmes","8":"tag-entertainment","9":"tag-entretenimento","10":"tag-film","11":"tag-filmes","12":"tag-movies","13":"tag-portugal","14":"tag-pt"},"share_on_mastodon":{"url":"https:\/\/pubeurope.com\/@pt\/115560465736876768","error":""},"_links":{"self":[{"href":"https:\/\/www.europesays.com\/pt\/wp-json\/wp\/v2\/posts\/153972","targetHints":{"allow":["GET"]}}],"collection":[{"href":"https:\/\/www.europesays.com\/pt\/wp-json\/wp\/v2\/posts"}],"about":[{"href":"https:\/\/www.europesays.com\/pt\/wp-json\/wp\/v2\/types\/post"}],"author":[{"embeddable":true,"href":"https:\/\/www.europesays.com\/pt\/wp-json\/wp\/v2\/users\/2"}],"replies":[{"embeddable":true,"href":"https:\/\/www.europesays.com\/pt\/wp-json\/wp\/v2\/comments?post=153972"}],"version-history":[{"count":0,"href":"https:\/\/www.europesays.com\/pt\/wp-json\/wp\/v2\/posts\/153972\/revisions"}],"wp:featuredmedia":[{"embeddable":true,"href":"https:\/\/www.europesays.com\/pt\/wp-json\/wp\/v2\/media\/153973"}],"wp:attachment":[{"href":"https:\/\/www.europesays.com\/pt\/wp-json\/wp\/v2\/media?parent=153972"}],"wp:term":[{"taxonomy":"category","embeddable":true,"href":"https:\/\/www.europesays.com\/pt\/wp-json\/wp\/v2\/categories?post=153972"},{"taxonomy":"post_tag","embeddable":true,"href":"https:\/\/www.europesays.com\/pt\/wp-json\/wp\/v2\/tags?post=153972"}],"curies":[{"name":"wp","href":"https:\/\/api.w.org\/{rel}","templated":true}]}}