{"id":154003,"date":"2025-11-16T17:42:37","date_gmt":"2025-11-16T17:42:37","guid":{"rendered":"https:\/\/www.europesays.com\/pt\/154003\/"},"modified":"2025-11-16T17:42:37","modified_gmt":"2025-11-16T17:42:37","slug":"o-almoco-do-papa-com-os-pobres-sem-esquecer-as-pessoas-que-sofrem-por-causa-da-violencia-e-da-fome","status":"publish","type":"post","link":"https:\/\/www.europesays.com\/pt\/154003\/","title":{"rendered":"O almo\u00e7o do Papa com os pobres, sem esquecer as pessoas que sofrem por causa da viol\u00eancia e da fome"},"content":{"rendered":"<p>&#8220;Aben\u00e7oa-nos, Senhor, a n\u00f3s e esses dons que recebemos da tua provid\u00eancia. Aben\u00e7oa a nossa vida, a nossa fraternidade. Ajuda-nos, a todos n\u00f3s, a caminhar sempre unidos no teu amor&#8221;: foi a ora\u00e7\u00e3o de Le\u00e3o XIV, pedindo de modo especial a b\u00ean\u00e7\u00e3o do Senhor a &#8220;tantas pessoas que sofrem por causa da viol\u00eancia, da guerra e da fome&#8221;.<\/p>\n<p><b>Bianca Fraccalvieri &#8211; Cidade do Vaticano<\/b><\/p>\n<p>O almo\u00e7o previsto com cerca de 1300 pessoas na Sala Paulo VI, por ocasi\u00e3o do Jubileu dos Pobres, come\u00e7ou com um aplauso ao Papa Francisco. Foi o pr\u00f3prio Pont\u00edfice que o recordou ao saudar os presentes &#8220;neste Dia que tanto desejou o nosso amado, o meu predecessor Francisco&#8221;, pedindo uma salva de palmas aos convidados.<\/p>\n<p>    <img decoding=\"async\" src=\"data:image\/gif;base64,R0lGODlhAQABAIAAAAAAAP\/\/\/yH5BAEAAAAALAAAAAABAAEAAAIBRAA7\" data-original=\"https:\/\/www.vaticannews.va\/content\/dam\/vaticannews\/agenzie\/images\/srv\/2025\/11\/16\/2025-11-16-pranzo-con-i-poveri\/1763296022739.JPG\/_jcr_content\/renditions\/cq5dam.thumbnail.cropped.750.422.jpeg\" alt=\"Le\u00e3o XIV quis recordar seu predecessor, Francisco, que iniciou a tradi\u00e7\u00e3o do almo\u00e7o com os pobres\" title=\"Le\u00e3o XIV quis recordar seu predecessor, Francisco, que iniciou a tradi\u00e7\u00e3o do almo\u00e7o com os pobres\"\/><\/p>\n<p>\n   Le\u00e3o XIV quis recordar seu predecessor, Francisco, que iniciou a tradi\u00e7\u00e3o do almo\u00e7o com os pobres \u00a0 (@Vatican Media)\n  <\/p>\n<p>Le\u00e3o XIV agradeceu a generosidade da comunidade vicentina por oferecer o almo\u00e7o, que marca tamb\u00e9m os 400 anos de nascimento do fundador, S\u00e3o Vicente de Paulo. O agradecimento do Santo Padre se estendeu a todos os sacerdotes, religiosas e leigos volunt\u00e1rios que trabalham em todo o mundo ajudando as pessoas mais vulner\u00e1veis. &#8220;Estamos realmente, realmente repletos deste esp\u00edrito de agradecimento, de gratid\u00e3o neste dia&#8221;.<\/p>\n<p>O Pont\u00edfice fez na sequ\u00eancia uma ora\u00e7\u00e3o, pedindo de modo especial a b\u00ean\u00e7\u00e3o do Senhor a &#8220;tantas pessoas que sofrem por causa da viol\u00eancia, da guerra e da fome&#8221;: &#8220;Aben\u00e7oa-nos, Senhor, a n\u00f3s e esses dons que recebemos da tua provid\u00eancia. Aben\u00e7oa a nossa vida, a nossa fraternidade. Ajuda-nos, a todos n\u00f3s, a caminhar sempre unidos no teu amor.&#8221;<\/p>\n<p>A seguir, o Papa desejou &#8220;bom apetite&#8221;!<\/p>\n","protected":false},"excerpt":{"rendered":"&#8220;Aben\u00e7oa-nos, Senhor, a n\u00f3s e esses dons que recebemos da tua provid\u00eancia. Aben\u00e7oa a nossa vida, a nossa&hellip;\n","protected":false},"author":2,"featured_media":154004,"comment_status":"","ping_status":"","sticky":false,"template":"","format":"standard","meta":{"footnotes":""},"categories":[8],"tags":[27,28,15,16,14,3992,25,26,21,22,12,13,19,20,811,8337,32,23,24,33,17,18,29,30,31],"class_list":{"0":"post-154003","1":"post","2":"type-post","3":"status-publish","4":"format-standard","5":"has-post-thumbnail","7":"category-principais-noticias","8":"tag-breaking-news","9":"tag-breakingnews","10":"tag-featured-news","11":"tag-featurednews","12":"tag-headlines","13":"tag-jubileu","14":"tag-latest-news","15":"tag-latestnews","16":"tag-main-news","17":"tag-mainnews","18":"tag-news","19":"tag-noticias","20":"tag-noticias-principais","21":"tag-noticiasprincipais","22":"tag-papa-leao-xiv","23":"tag-pobreza","24":"tag-portugal","25":"tag-principais-noticias","26":"tag-principaisnoticias","27":"tag-pt","28":"tag-top-stories","29":"tag-topstories","30":"tag-ultimas","31":"tag-ultimas-noticias","32":"tag-ultimasnoticias"},"share_on_mastodon":{"url":"https:\/\/pubeurope.com\/@pt\/115560614841494198","error":""},"_links":{"self":[{"href":"https:\/\/www.europesays.com\/pt\/wp-json\/wp\/v2\/posts\/154003","targetHints":{"allow":["GET"]}}],"collection":[{"href":"https:\/\/www.europesays.com\/pt\/wp-json\/wp\/v2\/posts"}],"about":[{"href":"https:\/\/www.europesays.com\/pt\/wp-json\/wp\/v2\/types\/post"}],"author":[{"embeddable":true,"href":"https:\/\/www.europesays.com\/pt\/wp-json\/wp\/v2\/users\/2"}],"replies":[{"embeddable":true,"href":"https:\/\/www.europesays.com\/pt\/wp-json\/wp\/v2\/comments?post=154003"}],"version-history":[{"count":0,"href":"https:\/\/www.europesays.com\/pt\/wp-json\/wp\/v2\/posts\/154003\/revisions"}],"wp:featuredmedia":[{"embeddable":true,"href":"https:\/\/www.europesays.com\/pt\/wp-json\/wp\/v2\/media\/154004"}],"wp:attachment":[{"href":"https:\/\/www.europesays.com\/pt\/wp-json\/wp\/v2\/media?parent=154003"}],"wp:term":[{"taxonomy":"category","embeddable":true,"href":"https:\/\/www.europesays.com\/pt\/wp-json\/wp\/v2\/categories?post=154003"},{"taxonomy":"post_tag","embeddable":true,"href":"https:\/\/www.europesays.com\/pt\/wp-json\/wp\/v2\/tags?post=154003"}],"curies":[{"name":"wp","href":"https:\/\/api.w.org\/{rel}","templated":true}]}}