{"id":154006,"date":"2025-11-16T17:46:12","date_gmt":"2025-11-16T17:46:12","guid":{"rendered":"https:\/\/www.europesays.com\/pt\/154006\/"},"modified":"2025-11-16T17:46:12","modified_gmt":"2025-11-16T17:46:12","slug":"saory-cardoso-forma-roca-dos-sonhos-no-rancho-do-fazendeiro-veja-quem-esta-na-mira-record","status":"publish","type":"post","link":"https:\/\/www.europesays.com\/pt\/154006\/","title":{"rendered":"Saory Cardoso forma \u2018Ro\u00e7a dos sonhos\u2019 no Rancho do Fazendeiro; veja quem est\u00e1 na mira \u2013 Record"},"content":{"rendered":"<p><img decoding=\"async\" data-chromatic=\"ignore\" alt=\"\" class=\"c-image\" loading=\"lazy\" src=\"https:\/\/www.europesays.com\/pt\/wp-content\/uploads\/2025\/11\/DCSJPKBHDVHZLJDHVRPAMJE6AA.png\"  width=\"677\" height=\"339\"\/>Saory e Duda projetam Wallas na pr\u00f3xima ro\u00e7a Reprodu\u00e7\u00e3o\/RecordPlus <\/p>\n<p class=\"jarvics:base-text-neutral-high-400 base-text-[calc(theme(fontSize.xs)_*_var(--font-size,_1))] base-font-normal base-font-primary base-text-neutral-low-500 base-text-left\">O Rancho do Fazendeiro dessa semana virou um verdadeiro QG da Equipe Total! <a href=\"https:\/\/record.r7.com\/a-fazenda\/a-fazenda-17\/peoes\/saory-cardoso\" target=\"_blank\" rel=\"noreferrer nofollow noopener\" title=\"https:\/\/record.r7.com\/a-fazenda\/a-fazenda-17\/peoes\/saory-cardoso\"><b>Saory Cardoso<\/b><\/a> convidou <a href=\"https:\/\/record.r7.com\/a-fazenda\/a-fazenda-17\/peoes\/duda-wendling\" target=\"_blank\" rel=\"noreferrer nofollow noopener\" title=\"https:\/\/record.r7.com\/a-fazenda\/a-fazenda-17\/peoes\/duda-wendling\"><b>Duda Wedling<\/b><\/a>, <a href=\"https:\/\/record.r7.com\/a-fazenda\/a-fazenda-17\/peoes\/dudu-camargo\" target=\"_blank\" rel=\"noreferrer nofollow noopener\" title=\"https:\/\/record.r7.com\/a-fazenda\/a-fazenda-17\/peoes\/dudu-camargo\"><b>Dudu Camargo<\/b><\/a> e <a href=\"https:\/\/record.r7.com\/a-fazenda\/a-fazenda-17\/peoes\/luiz-mesquita\" target=\"_blank\" rel=\"noreferrer nofollow noopener\" title=\"https:\/\/record.r7.com\/a-fazenda\/a-fazenda-17\/peoes\/luiz-mesquita\"><b>Luiz Mesquita<\/b><\/a> para o espa\u00e7o VIP no \u00faltimo s\u00e1bado (15). Os pe\u00f5es aproveitaram o momento para planejar os pr\u00f3ximos passos e definir os alvos da semana. <\/p>\n<ul class=\"b-article-body__list-unordered\">\n<li><b>Quer ficar por dentro de tudo que est\u00e1 acontecendo em\u00a0<\/b><b>A Fazenda 17<\/b><b>?\u00a0<\/b><a href=\"https:\/\/www.whatsapp.com\/channel\/0029Va2cJIR1noz2ahzX0D1N\" rel=\"nofollow noopener\" title=\"https:\/\/www.whatsapp.com\/channel\/0029Va2cJIR1noz2ahzX0D1N\" target=\"_blank\"><b>Clique aqui<\/b><\/a><b>\u00a0e fa\u00e7a parte do nosso canal no WhatsApp!<\/b><\/li>\n<\/ul>\n<p class=\"jarvics:base-text-neutral-high-400 base-text-[calc(theme(fontSize.xs)_*_var(--font-size,_1))] base-font-normal base-font-primary base-text-neutral-low-500 base-text-left\">Pela primeira vez no espa\u00e7o, o quarteto chegou animado, especialmente Mesquita e Duda, que nunca tinham sido convidados para o Rancho. Assim que entraram, os pe\u00f5es partiram direto para o banquete e brindaram o momento especial. <\/p>\n<p class=\"jarvics:base-text-neutral-high-400 base-text-[calc(theme(fontSize.xs)_*_var(--font-size,_1))] base-font-normal base-font-primary base-text-neutral-low-500 base-text-left\">Quando o papo foi sobre jogo, a Fazendeira deixou claro a sua vontade de mandar <a href=\"https:\/\/record.r7.com\/a-fazenda\/a-fazenda-17\/peoes\/wallas-arrais\" target=\"_blank\" rel=\"noreferrer nofollow noopener\" title=\"https:\/\/record.r7.com\/a-fazenda\/a-fazenda-17\/peoes\/wallas-arrais\"><b>Wallas Arrais<\/b><\/a> para a Ro\u00e7a. Para Saory, o cantor est\u00e1 tentando formar casal com <a href=\"https:\/\/record.r7.com\/a-fazenda\/a-fazenda-17\/peoes\/tamires-assis\" target=\"_blank\" rel=\"noreferrer nofollow noopener\" title=\"https:\/\/record.r7.com\/a-fazenda\/a-fazenda-17\/peoes\/tamires-assis\"><b>T\u00e0mires Ass\u00ees<\/b><\/a> para recalcular a rota dentro do reality. A foto do pe\u00e3o acabou na mira dos dardos, se tornando alvo f\u00e1cil para o quarteto.<\/p>\n<p class=\"jarvics:base-text-neutral-high-400 base-text-[calc(theme(fontSize.xs)_*_var(--font-size,_1))] base-font-normal base-font-primary base-text-neutral-low-500 base-text-left\">Mas nem tudo s\u00e3o flores! Al\u00e9m de mandar Wallas direto para a Ro\u00e7a, Saory defende que <a href=\"https:\/\/record.r7.com\/a-fazenda\/a-fazenda-17\/peoes\/maria-caporusso\" target=\"_blank\" rel=\"noreferrer nofollow noopener\" title=\"https:\/\/record.r7.com\/a-fazenda\/a-fazenda-17\/peoes\/maria-caporusso\"><b>Maria Caporusso<\/b><\/a> deve completar a berlinda. \u201cA Maria tem que ir gente, ela tem que sentar e sentir essa emo\u00e7\u00e3o l\u00e1\u201d, argumentou a Fazendeira. No entanto, os aliados discordam e preferem indicar <a href=\"https:\/\/record.r7.com\/a-fazenda\/a-fazenda-17\/peoes\/creo-kellab\" target=\"_blank\" rel=\"noreferrer nofollow noopener\" title=\"https:\/\/record.r7.com\/a-fazenda\/a-fazenda-17\/peoes\/creo-kellab\"><b>Cr\u00e9o Kellab<\/b><\/a>, temendo que Maria saia em um embate contra Wallas. Saory rebateu, lembrando do hist\u00f3rico do ator: \u201cSe o Cr\u00e9o for com o W.A, ele tamb\u00e9m pode sair, ele estava no Super Paiol.\u201d<\/p>\n<p><b>Veja o momento:<\/b><\/p>\n<p class=\"jarvics:base-text-neutral-high-400 base-text-[calc(theme(fontSize.xs)_*_var(--font-size,_1))] base-font-normal base-font-primary base-text-neutral-low-500 base-text-left\">Mesquita levantou a d\u00favida sobre uma poss\u00edvel volta fortalecida de Maria caso ela n\u00e3o seja a eliminada. \u201cN\u00e3o, a Maria sai antes do W.A\u201d, garantiu Dudu. Saory discordou do jornalista e entrou na brincadeira com o par rom\u00e2ntico: \u201cVamos apostar? Eu fa\u00e7o o que voc\u00ea quiser\u201d.<\/p>\n<p class=\"jarvics:base-text-neutral-high-400 base-text-[calc(theme(fontSize.xs)_*_var(--font-size,_1))] base-font-normal base-font-primary base-text-neutral-low-500 base-text-left\">A dentista projetou que, caso Dudu ven\u00e7a a Prova de Fogo e conquiste o Lampi\u00e3o, o grupo pode montar uma Ro\u00e7a formada apenas por advers\u00e1rios. \u201cCom o Lampi\u00e3o, a gente consegue colocar at\u00e9 quatro deles, se for algo de mudar a Baia\u201d, avaliou.<\/p>\n<p class=\"jarvics:base-text-neutral-high-400 base-text-[calc(theme(fontSize.xs)_*_var(--font-size,_1))] base-font-normal base-font-primary base-text-neutral-low-500 base-text-left\">Fique ligado! <a href=\"https:\/\/record.r7.com\/a-fazenda\/a-fazenda-17\/\" rel=\"nofollow noopener\" title=\"https:\/\/record.r7.com\/a-fazenda\/a-fazenda-17\/\" target=\"_blank\"><b>A Fazenda 17<\/b><\/a> vai ao ar de segunda a domingo, \u00e0s 22h30, na tela da <a href=\"https:\/\/record.r7.com\/\" rel=\"nofollow noopener\" target=\"_blank\"><b>RECORD<\/b><\/a>. Assine o <a href=\"https:\/\/www.recordplus.com\/home\" rel=\"nofollow noopener\" title=\"https:\/\/www.recordplus.com\/home\" target=\"_blank\"><b>RecordPlus<\/b><\/a> e tenha acesso \u00e0s c\u00e2meras 24 horas.<\/p>\n<p><b>Dois meses de fogo no feno! Relembre momentos que entraram para a hist\u00f3ria de A Fazenda<\/b><\/p>\n<p class=\"jarvics:base-text-neutral-high-400 base-text-[calc(theme(fontSize.xxs)_*_var(--font-size,_1))] base-font-semibold base-font-primary base-text-neutral-low-500 base-text-left\">Chegou o segundo mesvers\u00e1rio de A Fazenda 17! A edi\u00e7\u00e3o j\u00e1 tomou seu lugar como uma das mais ic\u00f4nicas da hist\u00f3ria do programa. Sirva-se com um peda\u00e7o de bolo e relembre o que fez essa temporada ficar marcada no hall da fama dos realities!<\/p>\n","protected":false},"excerpt":{"rendered":"Saory e Duda projetam Wallas na pr\u00f3xima ro\u00e7a Reprodu\u00e7\u00e3o\/RecordPlus O Rancho do Fazendeiro dessa semana virou um verdadeiro&hellip;\n","protected":false},"author":2,"featured_media":154007,"comment_status":"","ping_status":"","sticky":false,"template":"","format":"standard","meta":{"footnotes":""},"categories":[142],"tags":[657,114,115,32,33,151],"class_list":{"0":"post-154006","1":"post","2":"type-post","3":"status-publish","4":"format-standard","5":"has-post-thumbnail","7":"category-tv","8":"tag-a-fazenda","9":"tag-entertainment","10":"tag-entretenimento","11":"tag-portugal","12":"tag-pt","13":"tag-tv"},"share_on_mastodon":{"url":"https:\/\/pubeurope.com\/@pt\/115560630659759680","error":""},"_links":{"self":[{"href":"https:\/\/www.europesays.com\/pt\/wp-json\/wp\/v2\/posts\/154006","targetHints":{"allow":["GET"]}}],"collection":[{"href":"https:\/\/www.europesays.com\/pt\/wp-json\/wp\/v2\/posts"}],"about":[{"href":"https:\/\/www.europesays.com\/pt\/wp-json\/wp\/v2\/types\/post"}],"author":[{"embeddable":true,"href":"https:\/\/www.europesays.com\/pt\/wp-json\/wp\/v2\/users\/2"}],"replies":[{"embeddable":true,"href":"https:\/\/www.europesays.com\/pt\/wp-json\/wp\/v2\/comments?post=154006"}],"version-history":[{"count":0,"href":"https:\/\/www.europesays.com\/pt\/wp-json\/wp\/v2\/posts\/154006\/revisions"}],"wp:featuredmedia":[{"embeddable":true,"href":"https:\/\/www.europesays.com\/pt\/wp-json\/wp\/v2\/media\/154007"}],"wp:attachment":[{"href":"https:\/\/www.europesays.com\/pt\/wp-json\/wp\/v2\/media?parent=154006"}],"wp:term":[{"taxonomy":"category","embeddable":true,"href":"https:\/\/www.europesays.com\/pt\/wp-json\/wp\/v2\/categories?post=154006"},{"taxonomy":"post_tag","embeddable":true,"href":"https:\/\/www.europesays.com\/pt\/wp-json\/wp\/v2\/tags?post=154006"}],"curies":[{"name":"wp","href":"https:\/\/api.w.org\/{rel}","templated":true}]}}