{"id":15402,"date":"2025-08-04T11:18:18","date_gmt":"2025-08-04T11:18:18","guid":{"rendered":"https:\/\/www.europesays.com\/pt\/15402\/"},"modified":"2025-08-04T11:18:18","modified_gmt":"2025-08-04T11:18:18","slug":"portugues-de-27-anos-morre-apos-queda-em-hotel-de-ibiza-observador","status":"publish","type":"post","link":"https:\/\/www.europesays.com\/pt\/15402\/","title":{"rendered":"Portugu\u00eas de 27 anos morre ap\u00f3s queda em hotel de Ibiza \u2013 Observador"},"content":{"rendered":"<p>Um homem portugu\u00eas de 27 anos morreu este domingo <strong>na sequ\u00eancia de uma queda num hotel em Ibiza<\/strong>, na localidade de Sant Antoni de Portmany, confirmou \u00e0 Lusa fonte da Guarda Civil espanhola.<\/p>\n<p>De acordo com fonte daquela autoridade espanhola, uma patrulha da Guarda Civil deslocou-se ao local depois de ter recebido a chamada do 112 \u00e0s 17:45 (16:45 em Lisboa).<\/p>\n<p>Os servi\u00e7os de emerg\u00eancia n\u00e3o conseguiram reanimar o jovem e o protocolo da Pol\u00edcia Judici\u00e1ria foi acionado para a remo\u00e7\u00e3o do corpo.<\/p>\n","protected":false},"excerpt":{"rendered":"Um homem portugu\u00eas de 27 anos morreu este domingo na sequ\u00eancia de uma queda num hotel em Ibiza,&hellip;\n","protected":false},"author":2,"featured_media":15403,"comment_status":"","ping_status":"","sticky":false,"template":"","format":"standard","meta":{"footnotes":""},"categories":[8],"tags":[59,27,28,640,445,15,16,14,25,26,21,22,62,12,13,19,20,32,23,24,33,58,17,18,29,30,31],"class_list":{"0":"post-15402","1":"post","2":"type-post","3":"status-publish","4":"format-standard","5":"has-post-thumbnail","7":"category-principais-noticias","8":"tag-acidente","9":"tag-breaking-news","10":"tag-breakingnews","11":"tag-espanha","12":"tag-europa","13":"tag-featured-news","14":"tag-featurednews","15":"tag-headlines","16":"tag-latest-news","17":"tag-latestnews","18":"tag-main-news","19":"tag-mainnews","20":"tag-mundo","21":"tag-news","22":"tag-noticias","23":"tag-noticias-principais","24":"tag-noticiasprincipais","25":"tag-portugal","26":"tag-principais-noticias","27":"tag-principaisnoticias","28":"tag-pt","29":"tag-sociedade","30":"tag-top-stories","31":"tag-topstories","32":"tag-ultimas","33":"tag-ultimas-noticias","34":"tag-ultimasnoticias"},"share_on_mastodon":{"url":"","error":""},"_links":{"self":[{"href":"https:\/\/www.europesays.com\/pt\/wp-json\/wp\/v2\/posts\/15402","targetHints":{"allow":["GET"]}}],"collection":[{"href":"https:\/\/www.europesays.com\/pt\/wp-json\/wp\/v2\/posts"}],"about":[{"href":"https:\/\/www.europesays.com\/pt\/wp-json\/wp\/v2\/types\/post"}],"author":[{"embeddable":true,"href":"https:\/\/www.europesays.com\/pt\/wp-json\/wp\/v2\/users\/2"}],"replies":[{"embeddable":true,"href":"https:\/\/www.europesays.com\/pt\/wp-json\/wp\/v2\/comments?post=15402"}],"version-history":[{"count":0,"href":"https:\/\/www.europesays.com\/pt\/wp-json\/wp\/v2\/posts\/15402\/revisions"}],"wp:featuredmedia":[{"embeddable":true,"href":"https:\/\/www.europesays.com\/pt\/wp-json\/wp\/v2\/media\/15403"}],"wp:attachment":[{"href":"https:\/\/www.europesays.com\/pt\/wp-json\/wp\/v2\/media?parent=15402"}],"wp:term":[{"taxonomy":"category","embeddable":true,"href":"https:\/\/www.europesays.com\/pt\/wp-json\/wp\/v2\/categories?post=15402"},{"taxonomy":"post_tag","embeddable":true,"href":"https:\/\/www.europesays.com\/pt\/wp-json\/wp\/v2\/tags?post=15402"}],"curies":[{"name":"wp","href":"https:\/\/api.w.org\/{rel}","templated":true}]}}