{"id":154022,"date":"2025-11-16T18:11:08","date_gmt":"2025-11-16T18:11:08","guid":{"rendered":"https:\/\/www.europesays.com\/pt\/154022\/"},"modified":"2025-11-16T18:11:08","modified_gmt":"2025-11-16T18:11:08","slug":"equador-anuncia-prisao-de-um-dos-maiores-narcotraficantes-da-america-latina-equador","status":"publish","type":"post","link":"https:\/\/www.europesays.com\/pt\/154022\/","title":{"rendered":"Equador anuncia pris\u00e3o de um dos maiores narcotraficantes da Am\u00e9rica Latina | Equador"},"content":{"rendered":"<p>Foi preso em Espanha o l\u00edder de um dos maiores gangues de tr\u00e1fico de drogas do Equador, numa opera\u00e7\u00e3o conjunta das pol\u00edcias dos dois pa\u00edses, confirmou o Presidente equatoriano Daniel Noboa este domingo, 16 de Novembro.<\/p>\n<p>\u201cHoje retrocedem as m\u00e1fias. Hoje ganha o Equador\u201d, salientou Noboa, citado pela ag\u00eancia de not\u00edcias espanhola Europa Press.<\/p>\n<p>Wilmer Geovanny Chavarria, conhecido como &#8220;Pipo&#8221; Chavarria, liderava o cartel Los Lobos, considerado a maior organiza\u00e7\u00e3o de narcotr\u00e1fico do Equador, que os EUA designaram, em Setembro, como organiza\u00e7\u00e3o terrorista internacional, juntamente com o gangue Los Choneros, tamb\u00e9m do Equador.<\/p>\n<p>\u201cPipo\u201d Chavarria controlava opera\u00e7\u00f5es de explora\u00e7\u00e3o mineira ilegais e rotas de tr\u00e1fico de droga, em parceria com o Cartel Jalisco e o Cartel de Sinaloa, ambos do M\u00e9xico. Foi detido em M\u00e1laga, informou Pablo Maldonado, comandante da Pol\u00edcia Nacional do Equador.<\/p>\n<p>O l\u00edder criminoso tinha forjado a pr\u00f3pria morte em 2021, mudando de identidade e refugiando-se na Europa, enquanto \u201cordenava assassinatos no Equador\u201d. J\u00e1 depois da morte dissimulada de Chavarria, suspeita-se que o cartel ter\u00e1 sido respons\u00e1vel pela <a href=\"https:\/\/www.publico.pt\/2024\/01\/09\/mundo\/noticia\/criminosos-invadem-televisao-publica-equador-directo-pais-estado-emergencia-2076283\" rel=\"nofollow noopener\" target=\"_blank\">invas\u00e3o, em directo<\/a>, dos est\u00fadios da televis\u00e3o p\u00fablica equatoriana, em 2024.<\/p>\n<p>\u201cAlguns deram-no como morto, procur\u00e1mo-lo no seu pr\u00f3prio inferno\u201d, disse o Presidente numa publica\u00e7\u00e3o nas redes sociais, em que aplaudiu tamb\u00e9m o \u201ctrabalho conjunto\u201d de colabora\u00e7\u00e3o com a pol\u00edcia espanhola.<\/p>\n<p>\u201cPara combater o crime transnacional, a coopera\u00e7\u00e3o internacional \u00e9 uma necessidade\u201d, acrescentou.<\/p>\n<p>O Ministro do Interior equatoriano, John Reimberg, informou, atrav\u00e9s das redes sociais, que Chavarria \u00e9 tido como respons\u00e1vel por pelo menos 400 mortes, tendo gerido opera\u00e7\u00f5es criminosas a partir da pris\u00e3o entre 2011 e 2019.<\/p>\n<p>O cartel Los Lobos \u00e9 suspeito de ter orquestrado o <a href=\"https:\/\/www.publico.pt\/2023\/08\/10\/mundo\/noticia\/candidato-presidente-equador-assassinado-2059806\" rel=\"nofollow noopener\" target=\"_blank\">assassinato<\/a> de Fernando Villavicencio, candidato presidencial morto a tiro em 2023.<\/p>\n<p>\u201cPipo\u201d Chavarria tem ainda outros antecedentes criminais que remontam ao in\u00edcio dos anos 2000, entre os quais roubo, associa\u00e7\u00e3o criminosa, tr\u00e1fico de drogas, atentados terroristas e homic\u00eddios encomendados, acrescenta a Europa Press<\/p>\n<p>Presen\u00e7a militar estrangeira referendada este domingo<\/p>\n<p>\u200bA not\u00edcia da deten\u00e7\u00e3o surge no mesmo dia, 16, em que \u00e9 referendada uma altera\u00e7\u00e3o \u00e0 constitui\u00e7\u00e3o do Equador, que permitir\u00e1 o regresso de bases militares estrangeiras ao pa\u00eds. Noboa defende que a viabiliza\u00e7\u00e3o da presen\u00e7a militar estrangeira \u00e9 fulcral no combate ao crime organizado.<\/p>\n<p>Estudos da empresa de sondagens Cedatos sugerem que quase dois ter\u00e7os da popula\u00e7\u00e3o s\u00e3o favor\u00e1veis \u00e0 mudan\u00e7a. Se aprovada, a Constitui\u00e7\u00e3o voltar\u00e1 a permitir, 20 anos depois da cl\u00e1usula constitucional proibitiva, que os EUA ocupem bases na costa pac\u00edfica do Equador, avan\u00e7a a Deutsche Welle.<\/p>\n<p>Para o Equador, sairiam refor\u00e7ados os la\u00e7os com os EUA, que Noboa v\u00ea como fulcrais para combater a viol\u00eancia no pa\u00eds. Para a Administra\u00e7\u00e3o Trump, este seria um passo relevante na campanha contra as redes de tr\u00e1fico de droga sul-americanas.\u200b<\/p>\n<p>Kristi Noem, secret\u00e1ria da Seguran\u00e7a Interna norte-americana, visitou o pa\u00eds antes da vota\u00e7\u00e3o, tendo visitado antigas bases militares dos EUA nas cidades costeiras de Manta e Salinas, actualmente utilizadas pelas for\u00e7as armadas equatorianas.<\/p>\n<p>O Presidente equatoriano tem seguido uma estrat\u00e9gia de militariza\u00e7\u00e3o no combate \u00e0 crescente viol\u00eancia por parte de grupos de crime organizado, num pa\u00eds que outrora foi considerado um dos mais seguros da Am\u00e9rica Latina.<\/p>\n<p>Analistas dizem que a captura de l\u00edderes de organiza\u00e7\u00f5es criminosas tem tend\u00eancia a provocar mais viol\u00eancia e assassinatos.<\/p>\n","protected":false},"excerpt":{"rendered":"Foi preso em Espanha o l\u00edder de um dos maiores gangues de tr\u00e1fico de drogas do Equador, numa&hellip;\n","protected":false},"author":2,"featured_media":154023,"comment_status":"","ping_status":"","sticky":false,"template":"","format":"standard","meta":{"footnotes":""},"categories":[50],"tags":[1028,27,28,6792,640,15,16,14,25,26,21,22,62,12,13,19,20,23,24,17,18,2953,29,30,31,63,64,65],"class_list":{"0":"post-154022","1":"post","2":"type-post","3":"status-publish","4":"format-standard","5":"has-post-thumbnail","7":"category-mundo","8":"tag-america-latina","9":"tag-breaking-news","10":"tag-breakingnews","11":"tag-equador","12":"tag-espanha","13":"tag-featured-news","14":"tag-featurednews","15":"tag-headlines","16":"tag-latest-news","17":"tag-latestnews","18":"tag-main-news","19":"tag-mainnews","20":"tag-mundo","21":"tag-news","22":"tag-noticias","23":"tag-noticias-principais","24":"tag-noticiasprincipais","25":"tag-principais-noticias","26":"tag-principaisnoticias","27":"tag-top-stories","28":"tag-topstories","29":"tag-trafico-de-droga","30":"tag-ultimas","31":"tag-ultimas-noticias","32":"tag-ultimasnoticias","33":"tag-world","34":"tag-world-news","35":"tag-worldnews"},"share_on_mastodon":{"url":"https:\/\/pubeurope.com\/@pt\/115560728679038872","error":""},"_links":{"self":[{"href":"https:\/\/www.europesays.com\/pt\/wp-json\/wp\/v2\/posts\/154022","targetHints":{"allow":["GET"]}}],"collection":[{"href":"https:\/\/www.europesays.com\/pt\/wp-json\/wp\/v2\/posts"}],"about":[{"href":"https:\/\/www.europesays.com\/pt\/wp-json\/wp\/v2\/types\/post"}],"author":[{"embeddable":true,"href":"https:\/\/www.europesays.com\/pt\/wp-json\/wp\/v2\/users\/2"}],"replies":[{"embeddable":true,"href":"https:\/\/www.europesays.com\/pt\/wp-json\/wp\/v2\/comments?post=154022"}],"version-history":[{"count":0,"href":"https:\/\/www.europesays.com\/pt\/wp-json\/wp\/v2\/posts\/154022\/revisions"}],"wp:featuredmedia":[{"embeddable":true,"href":"https:\/\/www.europesays.com\/pt\/wp-json\/wp\/v2\/media\/154023"}],"wp:attachment":[{"href":"https:\/\/www.europesays.com\/pt\/wp-json\/wp\/v2\/media?parent=154022"}],"wp:term":[{"taxonomy":"category","embeddable":true,"href":"https:\/\/www.europesays.com\/pt\/wp-json\/wp\/v2\/categories?post=154022"},{"taxonomy":"post_tag","embeddable":true,"href":"https:\/\/www.europesays.com\/pt\/wp-json\/wp\/v2\/tags?post=154022"}],"curies":[{"name":"wp","href":"https:\/\/api.w.org\/{rel}","templated":true}]}}