{"id":154032,"date":"2025-11-16T18:23:11","date_gmt":"2025-11-16T18:23:11","guid":{"rendered":"https:\/\/www.europesays.com\/pt\/154032\/"},"modified":"2025-11-16T18:23:11","modified_gmt":"2025-11-16T18:23:11","slug":"coloros-16-nos-smartphones-oppo-quem-recebe-primeiro","status":"publish","type":"post","link":"https:\/\/www.europesays.com\/pt\/154032\/","title":{"rendered":"ColorOS 16 nos smartphones OPPO! Quem recebe primeiro?"},"content":{"rendered":"<p>A OPPO j\u00e1 deu in\u00edcio amais um ciclo de atualiza\u00e7\u00f5es dos seus smartphones. Tal como outras marcas j\u00e1 o iniciaram, tamb\u00e9m a este fabricante tem a sua vers\u00e3o do Android 16. Assim, \u00e9 hora dos smartphones OPPO terem acesso a mais uma vers\u00e3o do Android. O ColorOS 16 \u00e9 uma realidade e a pergunta agora \u00e9 mesmo quem recebe primeiro esta atualiza\u00e7\u00e3o.<\/p>\n<p><a target=\"_blank\" href=\"https:\/\/pplware.sapo.pt\/wp-content\/uploads\/2025\/11\/coloros_16_.jpg\" onclick=\"refreshIframe()\" class=\"foobox\" rel=\"nofollow noopener\"><img fetchpriority=\"high\" decoding=\"async\" src=\"https:\/\/www.europesays.com\/pt\/wp-content\/uploads\/2025\/11\/coloros_16_-1024x512.jpg\" alt=\"OPPO ColorOS 16 atualiza\u00e7\u00e3o smartphones\" width=\"720\" height=\"360\" class=\"aligncenter size-large wp-image-1088799\"  \/><\/a>\n<\/p>\n<p>ColorOS 16 lan\u00e7ado para smartphones OPPO<\/p>\n<p>Depois do recente lan\u00e7amento do OPPO Find X9 e do Find X9 Pro, os modelos mais antigos da OPPO t\u00eam agora uma novidade. O lan\u00e7amento global do ColorOS 16, a vers\u00e3o da OPPO do Android 16, chegou e h\u00e1 novos smartphones a ter novidade. Descubra quem vai receber primeiro esta vers\u00e3o.<\/p>\n<p>Os smartphones Find N5 e Find X8 come\u00e7aram a receber a atualiza\u00e7\u00e3o na semana passada. Agora, e segundo a informa\u00e7\u00e3o da marca os donos dos Find N3, Find N3 Flip ou Find N3 Pad 3 Pro podem aguardar pela atualiza\u00e7\u00e3o, que come\u00e7ar\u00e1 a ser distribu\u00edda nos pr\u00f3ximos dias.<\/p>\n<p>No final deste m\u00eas, os Reno 14 e, em seguida, os Reno 13 receber\u00e3o a atualiza\u00e7\u00e3o do ColorOS, antes de uma s\u00e9rie de outros dispositivos a receberem em dezembro e posteriormente no &#8220;primeiro trimestre de 2026&#8221;. A OPPO <a target=\"_blank\" href=\"https:\/\/x.com\/colorosglobal\" rel=\"nofollow\">partilhou<\/a> os detalhes numa simples imagem, que reflete tudo o que est\u00e1 para chegar em breve.<\/p>\n<p><a target=\"_blank\" href=\"https:\/\/pplware.sapo.pt\/wp-content\/uploads\/2025\/11\/G4T_bDcb0AATCNg.jpeg\" onclick=\"refreshIframe()\" class=\"foobox\" rel=\"nofollow noopener\"><img loading=\"lazy\" decoding=\"async\" src=\"https:\/\/www.europesays.com\/pt\/wp-content\/uploads\/2025\/11\/G4T_bDcb0AATCNg-1024x1024.jpeg\" alt=\"OPPO ColorOS 16 atualiza\u00e7\u00e3o smartphones\" width=\"720\" height=\"720\" class=\"aligncenter size-large wp-image-1088797\"  \/><\/a><\/p>\n<p>Quem recebe primeiro esta atualiza\u00e7\u00e3o?<\/p>\n<p>Como a distribui\u00e7\u00e3o ocorre por lotes, algumas regi\u00f5es podem receber a atualiza\u00e7\u00e3o antes de outras. Para garantir que o smartphone est\u00e1 pronto para esta grande atualiza\u00e7\u00e3o, deve ser verificado se n\u00e3o existem atualiza\u00e7\u00f5es pendentes para instala\u00e7\u00e3o.<\/p>\n<p>O ColorOS 16, baseado no Android 16, \u00e9 uma grande atualiza\u00e7\u00e3o para os dispositivos OPPO, trazendo v\u00e1rias melhorias, melhorias de IA, melhorias visuais e uma s\u00e9rie de novas funcionalidades. \u00c9 uma atualiza\u00e7\u00e3o grande, com um tamanho de download de v\u00e1rios gigabytes. <\/p>\n<p>\u00c9 por isso importante que os utilizadores se certifiquem que o smartphone tem espa\u00e7o de armazenamento suficiente antes de descarregar o pacote de atualiza\u00e7\u00e3o. Para al\u00e9m disso, \u00e9 ainda essencial que a bateria tenha pelo menos 40% de carga antes de a instalar.<\/p>\n","protected":false},"excerpt":{"rendered":"A OPPO j\u00e1 deu in\u00edcio amais um ciclo de atualiza\u00e7\u00f5es dos seus smartphones. Tal como outras marcas j\u00e1&hellip;\n","protected":false},"author":2,"featured_media":154033,"comment_status":"","ping_status":"","sticky":false,"template":"","format":"standard","meta":{"footnotes":""},"categories":[84],"tags":[1730,109,107,108,33197,13070,32,33,105,103,104,954,106,110],"class_list":{"0":"post-154032","1":"post","2":"type-post","3":"status-publish","4":"format-standard","5":"has-post-thumbnail","7":"category-ciencia-e-tecnologia","8":"tag-atualizacao","9":"tag-ciencia","10":"tag-ciencia-e-tecnologia","11":"tag-cienciaetecnologia","12":"tag-coloros-16","13":"tag-oppo","14":"tag-portugal","15":"tag-pt","16":"tag-science","17":"tag-science-and-technology","18":"tag-scienceandtechnology","19":"tag-smartphones","20":"tag-technology","21":"tag-tecnologia"},"share_on_mastodon":{"url":"https:\/\/pubeurope.com\/@pt\/115560776027231103","error":""},"_links":{"self":[{"href":"https:\/\/www.europesays.com\/pt\/wp-json\/wp\/v2\/posts\/154032","targetHints":{"allow":["GET"]}}],"collection":[{"href":"https:\/\/www.europesays.com\/pt\/wp-json\/wp\/v2\/posts"}],"about":[{"href":"https:\/\/www.europesays.com\/pt\/wp-json\/wp\/v2\/types\/post"}],"author":[{"embeddable":true,"href":"https:\/\/www.europesays.com\/pt\/wp-json\/wp\/v2\/users\/2"}],"replies":[{"embeddable":true,"href":"https:\/\/www.europesays.com\/pt\/wp-json\/wp\/v2\/comments?post=154032"}],"version-history":[{"count":0,"href":"https:\/\/www.europesays.com\/pt\/wp-json\/wp\/v2\/posts\/154032\/revisions"}],"wp:featuredmedia":[{"embeddable":true,"href":"https:\/\/www.europesays.com\/pt\/wp-json\/wp\/v2\/media\/154033"}],"wp:attachment":[{"href":"https:\/\/www.europesays.com\/pt\/wp-json\/wp\/v2\/media?parent=154032"}],"wp:term":[{"taxonomy":"category","embeddable":true,"href":"https:\/\/www.europesays.com\/pt\/wp-json\/wp\/v2\/categories?post=154032"},{"taxonomy":"post_tag","embeddable":true,"href":"https:\/\/www.europesays.com\/pt\/wp-json\/wp\/v2\/tags?post=154032"}],"curies":[{"name":"wp","href":"https:\/\/api.w.org\/{rel}","templated":true}]}}