{"id":154034,"date":"2025-11-16T18:25:07","date_gmt":"2025-11-16T18:25:07","guid":{"rendered":"https:\/\/www.europesays.com\/pt\/154034\/"},"modified":"2025-11-16T18:25:07","modified_gmt":"2025-11-16T18:25:07","slug":"pelo-menos-32-meninas-violadas-numa-semana-pelos-paramilitares-no-darfur","status":"publish","type":"post","link":"https:\/\/www.europesays.com\/pt\/154034\/","title":{"rendered":"Pelo menos 32 meninas violadas numa semana pelos paramilitares no Darfur"},"content":{"rendered":"<p data-remotead-prev-elm=\"true\" data-remotead-elm-id=\"inread\">&#8220;O equipamento da Rede de M\u00e9dicos do Sud\u00e3o documentou, com base em informa\u00e7\u00f5es m\u00e9dicas e de campo confi\u00e1veis, 32 casos confirmados de viola\u00e7\u00e3o numa semana contra meninas da cidade de Al-Fashir que chegaram \u00e0 zona de Tawila&#8221;, revelou a Organiza\u00e7\u00e3o N\u00e3o-Governamental (ONG), em comunicado.<\/p>\n<p>Algumas destas viola\u00e7\u00f5es ocorreram dentro da pr\u00f3pria cidade de Al-Fashir ap\u00f3s ter sido tomada pelas RSF, enquanto outras foram cometidas quando as menores tentavam fugir para Tawila, uma localidade a cerca de 70 quil\u00f3metros a oeste da cidade, para a qual escaparam dezenas de milhares de civis nas \u00faltimas semanas, acrescenta-se na nota.<\/p>\n<p>A Rede de M\u00e9dicos do Sud\u00e3o condenou estas viola\u00e7\u00f5es &#8220;cometidas por membros das RSF&#8221; e lembrou que &#8220;estes crimes constituem uma flagrante viola\u00e7\u00e3o do direito internacional humanit\u00e1rio&#8221;, acrescentando que &#8220;representam crimes de guerra e crimes contra a humanidade&#8221;.<\/p>\n<p data-remotead-prev-elm=\"true\" data-remotead-elm-id=\"centro1\">&#8220;Revelam a magnitude da desordem e dos abusos sistem\u00e1ticos que sofrem mulheres e meninas nas zonas controladas pelas RSF, num contexto de total falta de prote\u00e7\u00e3o e absoluta impunidade&#8221;, lamentou a ONG, que pediu &#8220;uma investiga\u00e7\u00e3o internacional urgente e independente&#8221; a estes crimes.<\/p>\n<p>Ap\u00f3s a queda de Al-Fashir, em 26 de outubro, numerosas organiza\u00e7\u00f5es de direitos humanos e tamb\u00e9m as Na\u00e7\u00f5es Unidas denunciaram m\u00faltiplos abusos por parte dos paramilitares contra civis que ficaram retidos na cidade, enquanto o Governo sudan\u00eas afirma que mais de 2000 pessoas foram assassinadas num \u00fanico dia.<\/p>\n<p>A guerra no Sud\u00e3o come\u00e7ou em 15 de abril de 2023 e, desde ent\u00e3o, dezenas de milhares de pessoas morreram, mais de 13 milh\u00f5es foram for\u00e7adas a abandonar as suas casas e mais da metade da popula\u00e7\u00e3o sudanesa enfrenta inseguran\u00e7a alimentar aguda, segundo a ONU.<\/p>\n","protected":false},"excerpt":{"rendered":"&#8220;O equipamento da Rede de M\u00e9dicos do Sud\u00e3o documentou, com base em informa\u00e7\u00f5es m\u00e9dicas e de campo confi\u00e1veis,&hellip;\n","protected":false},"author":2,"featured_media":154035,"comment_status":"","ping_status":"","sticky":false,"template":"","format":"standard","meta":{"footnotes":""},"categories":[50],"tags":[27,28,838,15952,15,16,14,25,26,21,22,62,12,13,19,20,23,24,7290,17,18,29,30,31,8102,63,64,65],"class_list":{"0":"post-154034","1":"post","2":"type-post","3":"status-publish","4":"format-standard","5":"has-post-thumbnail","7":"category-mundo","8":"tag-breaking-news","9":"tag-breakingnews","10":"tag-criancas","11":"tag-darfur","12":"tag-featured-news","13":"tag-featurednews","14":"tag-headlines","15":"tag-latest-news","16":"tag-latestnews","17":"tag-main-news","18":"tag-mainnews","19":"tag-mundo","20":"tag-news","21":"tag-noticias","22":"tag-noticias-principais","23":"tag-noticiasprincipais","24":"tag-principais-noticias","25":"tag-principaisnoticias","26":"tag-sudao","27":"tag-top-stories","28":"tag-topstories","29":"tag-ultimas","30":"tag-ultimas-noticias","31":"tag-ultimasnoticias","32":"tag-violacao","33":"tag-world","34":"tag-world-news","35":"tag-worldnews"},"share_on_mastodon":{"url":"https:\/\/pubeurope.com\/@pt\/115560783900665858","error":""},"_links":{"self":[{"href":"https:\/\/www.europesays.com\/pt\/wp-json\/wp\/v2\/posts\/154034","targetHints":{"allow":["GET"]}}],"collection":[{"href":"https:\/\/www.europesays.com\/pt\/wp-json\/wp\/v2\/posts"}],"about":[{"href":"https:\/\/www.europesays.com\/pt\/wp-json\/wp\/v2\/types\/post"}],"author":[{"embeddable":true,"href":"https:\/\/www.europesays.com\/pt\/wp-json\/wp\/v2\/users\/2"}],"replies":[{"embeddable":true,"href":"https:\/\/www.europesays.com\/pt\/wp-json\/wp\/v2\/comments?post=154034"}],"version-history":[{"count":0,"href":"https:\/\/www.europesays.com\/pt\/wp-json\/wp\/v2\/posts\/154034\/revisions"}],"wp:featuredmedia":[{"embeddable":true,"href":"https:\/\/www.europesays.com\/pt\/wp-json\/wp\/v2\/media\/154035"}],"wp:attachment":[{"href":"https:\/\/www.europesays.com\/pt\/wp-json\/wp\/v2\/media?parent=154034"}],"wp:term":[{"taxonomy":"category","embeddable":true,"href":"https:\/\/www.europesays.com\/pt\/wp-json\/wp\/v2\/categories?post=154034"},{"taxonomy":"post_tag","embeddable":true,"href":"https:\/\/www.europesays.com\/pt\/wp-json\/wp\/v2\/tags?post=154034"}],"curies":[{"name":"wp","href":"https:\/\/api.w.org\/{rel}","templated":true}]}}