{"id":154038,"date":"2025-11-16T18:27:26","date_gmt":"2025-11-16T18:27:26","guid":{"rendered":"https:\/\/www.europesays.com\/pt\/154038\/"},"modified":"2025-11-16T18:27:26","modified_gmt":"2025-11-16T18:27:26","slug":"ugt-pondera-passar-greve-geral-de-um-para-dois-dias-observador","status":"publish","type":"post","link":"https:\/\/www.europesays.com\/pt\/154038\/","title":{"rendered":"UGT pondera passar greve geral de um para dois dias \u2013 Observador"},"content":{"rendered":"<p>Perante o anteprojeto da reforma laboral e apesar de ced\u00eancias como a reposi\u00e7\u00e3o de tr\u00eas dias de f\u00e9rias dependentes da assiduidade, a UGT considera passar a greve geral marcada para 11 de dezembro, para dois dias, caso o Governo mantenha a sua proposta. \u201c\u00c9 um cen\u00e1rio poss\u00edvel, est\u00e1 tudo nas m\u00e3os do Governo\u201d, indicou fonte oficial da unidade sindical \u00e0 <a href=\"https:\/\/cnnportugal.iol.pt\/greve\/greve-geral\/ugt-ameaca-passar-greve-geral-de-dezembro-para-dois-dias-se-governo-nao-ceder-mais\/20251115\/6918fed6d34e2bd5c6d40eb5\" rel=\"nofollow noopener\" target=\"_blank\">CNN Portugal<\/a>.<\/p>\n<p>M\u00e1rio Mour\u00e3o, o secret\u00e1rio-geral da UGT, deu uma entrevista \u00e0 Antena 1 e ao<a href=\"https:\/\/www.jornaldenegocios.pt\/economia\/emprego\/lei-laboral\/detalhe\/mario-mourao-o-governo-encostou-a-ugt-a-parede\" rel=\"nofollow noopener\" target=\"_blank\"> Jornal de Neg\u00f3cios<\/a> em que acusou o Executivo de encostar a UGT \u00e0 parede. \u201cN\u00e3o vou dizer como. E a partir desse momento n\u00f3s viemos para a UGT, sa\u00edmos da reuni\u00e3o, e no dia seguinte fiz a reuni\u00e3o do secretariado executivo e disse: meus amigos, ontem passou-se isto, e n\u00f3s temos que passar \u00e0 fase seguinte, porque aquilo que percebemos \u00e9 que o Governo vai levar a proposta tal como est\u00e1 para a Assembleia da Rep\u00fablica. A n\u00e3o ser que a UGT se comprometa a fazer um acordo. Mas n\u00f3s n\u00e3o damos cheques em branco. E n\u00f3s n\u00e3o podemos perder a rua\u201d, explicou.<\/p>\n<blockquote class=\"wp-embedded-content\" data-secret=\"aPffhEkyaT\">\n<p><a href=\"https:\/\/observador.pt\/2025\/11\/14\/governo-propoe-repor-tres-dias-de-ferias-mas-nao-desiste-do-banco-de-horas-individual-alteracoes-nao-chegaram-para-ugt-desistir-da-greve\/\" rel=\"nofollow noopener\" target=\"_blank\">Governo prop\u00f5e repor tr\u00eas dias de f\u00e9rias, mas n\u00e3o desiste do banco de horas individual. Altera\u00e7\u00f5es n\u00e3o chegaram para UGT desistir da greve<\/a><\/p>\n<\/blockquote>\n<p>Na entrevista, o secret\u00e1rio-geral da unidade sindical ressalvou que, perante a simplifica\u00e7\u00e3o dos despedimentos por justa causa ou a possibilidade generalizada de n\u00e3o reintegrar o trabalhador em caso de despedimento il\u00edcito, os tr\u00eas dias de f\u00e9rias n\u00e3o eram suficientes para aceitar as mudan\u00e7as propostas pelo Governo. \u201cPara que \u00e9 que os trabalhadores querem trinta dias de f\u00e9rias? Se forem despedidos v\u00e3o ter o tempo todo\u201d, lamentou.<\/p>\n<p>Esta sexta-feira, o Governo enviou um documento \u00e0 UGT em que admitia mais ced\u00eancias como a reposi\u00e7\u00e3o dos 40 dias de forma\u00e7\u00e3o anual para todos os trabalhadores e altera\u00e7\u00f5es \u00e0s licen\u00e7as para amamenta\u00e7\u00e3o.<\/p>\n","protected":false},"excerpt":{"rendered":"Perante o anteprojeto da reforma laboral e apesar de ced\u00eancias como a reposi\u00e7\u00e3o de tr\u00eas dias de f\u00e9rias&hellip;\n","protected":false},"author":2,"featured_media":154039,"comment_status":"","ping_status":"","sticky":false,"template":"","format":"standard","meta":{"footnotes":""},"categories":[8],"tags":[27,28,1054,476,15,16,1322,14,25,26,21,22,12,13,19,20,32,23,24,33,2393,17,18,849,31790,29,30,31],"class_list":{"0":"post-154038","1":"post","2":"type-post","3":"status-publish","4":"format-standard","5":"has-post-thumbnail","7":"category-principais-noticias","8":"tag-breaking-news","9":"tag-breakingnews","10":"tag-cu00f3digo-do-trabalho","11":"tag-economia","12":"tag-featured-news","13":"tag-featurednews","14":"tag-greve","15":"tag-headlines","16":"tag-latest-news","17":"tag-latestnews","18":"tag-main-news","19":"tag-mainnews","20":"tag-news","21":"tag-noticias","22":"tag-noticias-principais","23":"tag-noticiasprincipais","24":"tag-portugal","25":"tag-principais-noticias","26":"tag-principaisnoticias","27":"tag-pt","28":"tag-sindicatos","29":"tag-top-stories","30":"tag-topstories","31":"tag-trabalho","32":"tag-ugt","33":"tag-ultimas","34":"tag-ultimas-noticias","35":"tag-ultimasnoticias"},"share_on_mastodon":{"url":"https:\/\/pubeurope.com\/@pt\/115560791769442256","error":""},"_links":{"self":[{"href":"https:\/\/www.europesays.com\/pt\/wp-json\/wp\/v2\/posts\/154038","targetHints":{"allow":["GET"]}}],"collection":[{"href":"https:\/\/www.europesays.com\/pt\/wp-json\/wp\/v2\/posts"}],"about":[{"href":"https:\/\/www.europesays.com\/pt\/wp-json\/wp\/v2\/types\/post"}],"author":[{"embeddable":true,"href":"https:\/\/www.europesays.com\/pt\/wp-json\/wp\/v2\/users\/2"}],"replies":[{"embeddable":true,"href":"https:\/\/www.europesays.com\/pt\/wp-json\/wp\/v2\/comments?post=154038"}],"version-history":[{"count":0,"href":"https:\/\/www.europesays.com\/pt\/wp-json\/wp\/v2\/posts\/154038\/revisions"}],"wp:featuredmedia":[{"embeddable":true,"href":"https:\/\/www.europesays.com\/pt\/wp-json\/wp\/v2\/media\/154039"}],"wp:attachment":[{"href":"https:\/\/www.europesays.com\/pt\/wp-json\/wp\/v2\/media?parent=154038"}],"wp:term":[{"taxonomy":"category","embeddable":true,"href":"https:\/\/www.europesays.com\/pt\/wp-json\/wp\/v2\/categories?post=154038"},{"taxonomy":"post_tag","embeddable":true,"href":"https:\/\/www.europesays.com\/pt\/wp-json\/wp\/v2\/tags?post=154038"}],"curies":[{"name":"wp","href":"https:\/\/api.w.org\/{rel}","templated":true}]}}