{"id":154042,"date":"2025-11-16T18:29:11","date_gmt":"2025-11-16T18:29:11","guid":{"rendered":"https:\/\/www.europesays.com\/pt\/154042\/"},"modified":"2025-11-16T18:29:11","modified_gmt":"2025-11-16T18:29:11","slug":"criadores-invadem-louvre-e-penduram-quadro-ao-lado-da-mona-lisa","status":"publish","type":"post","link":"https:\/\/www.europesays.com\/pt\/154042\/","title":{"rendered":"Criadores invadem Louvre e penduram quadro ao lado da Mona Lisa"},"content":{"rendered":"<p>\t\t<a href=\"http:\/\/www.facebook.com\/sharer\/sharer.php?u=https:\/\/www.diariodocentrodomundo.com.br\/essencial\/criadores-invadem-louvre-e-penduram-quadro-ao-lado-da-mona-lisa\/\" target=\"_blank\" class=\"facebook-share\" rel=\"nofollow noopener\"><\/a><br \/>\n\t\t<a href=\"https:\/\/twitter.com\/share?url=https:\/\/www.diariodocentrodomundo.com.br\/essencial\/criadores-invadem-louvre-e-penduram-quadro-ao-lado-da-mona-lisa\/\" target=\"_blank\" class=\"twitter-share\" rel=\"nofollow noopener\"><\/a><br \/>\n\t\t<a href=\"#\" class=\"whatsapp-share\" data-url=\"https:\/\/www.diariodocentrodomundo.com.br\/essencial\/criadores-invadem-louvre-e-penduram-quadro-ao-lado-da-mona-lisa\/\" data-title=\"Criadores invadem Louvre e penduram quadro ao lado da Mona Lisa\"><\/a><br \/>\n\t<a href=\"https:\/\/www.linkedin.com\/sharing\/share-offsite\/?url=https:\/\/www.diariodocentrodomundo.com.br\/essencial\/criadores-invadem-louvre-e-penduram-quadro-ao-lado-da-mona-lisa\/\" target=\"_blank\" class=\"linkedin-share\" rel=\"nofollow noopener\"><\/a><br \/>\n   <a href=\"https:\/\/www.threads.net\/intent\/post?text=Criadores+invadem+Louvre+e+penduram+quadro+ao+lado+da+Mona+Lisa&amp;url=https%3A%2F%2Fwww.diariodocentrodomundo.com.br%2Fessencial%2Fcriadores-invadem-louvre-e-penduram-quadro-ao-lado-da-mona-lisa%2F\" target=\"_blank\" class=\"threads-share\" rel=\"nofollow noopener\"><img decoding=\"async\" class=\"threads-icon perfmatters-lazy\" src=\"https:\/\/www.diariodocentrodomundo.com.br\/wp-content\/themes\/Newsmag\/images\/icons\/threads.svg\"\/><\/a> <\/p>\n<p>            <img fetchpriority=\"high\" decoding=\"async\" class=\"wp-image-1491744 size-full\" src=\"https:\/\/www.europesays.com\/pt\/wp-content\/uploads\/2025\/11\/1763272612691967a44c462_1763272612_3x2_lg.jpg\" alt=\"\" width=\"1024\" height=\"682\"  \/>O garoto belga j\u00e1 tinha invadido o est\u00e1dio Allianz Arena, em Munique, na final da Liga dos Campe\u00f5es<\/p>\n<p>Dois criadores de conte\u00fado belgas voltaram a expor fragilidades na seguran\u00e7a do Museu do Louvre ao pendurar, clandestinamente, um quadro pr\u00f3prio na mesma sala onde fica a Mona Lisa. Neal e Senne, conhecidos por invas\u00f5es e desafios que acumulam milh\u00f5es de visualiza\u00e7\u00f5es no TikTok, registraram toda a opera\u00e7\u00e3o em v\u00eddeo e divulgaram nas redes sociais. A a\u00e7\u00e3o ocorreu poucas semanas ap\u00f3s a dupla ter invadido o est\u00e1dio Allianz Arena, em Munique, na final da Liga dos Campe\u00f5es.<\/p>\n<p>Para entrar com a obra, os dois desmontaram a moldura original e recriaram uma estrutura dobr\u00e1vel usando pe\u00e7as de LEGO, al\u00e9m de enrolar a tela para facilitar a passagem pelos detectores. No v\u00eddeo, afirmam que a entrada seria imposs\u00edvel com uma moldura comum. J\u00e1 dentro do museu, esperaram o per\u00edodo pr\u00f3ximo ao fechamento, quando h\u00e1 menos visitantes, para reconstruir discretamente o quadro.<\/p>\n<p>A tentativa inicial era pendurar a pintura ao lado da Mona Lisa, o ponto mais vigiado do Louvre, mas a presen\u00e7a constante de seguran\u00e7as tornou o plano invi\u00e1vel. Mesmo assim, conseguiram instalar a obra em outra parede da mesma sala, permanecendo poucos segundos no local antes de deixar o museu. Eles dizem que n\u00e3o queriam provocar a equipe de seguran\u00e7a nem correr o risco de serem detidos.<\/p>\n<p>O epis\u00f3dio ocorre logo ap\u00f3s o Louvre refor\u00e7ar os protocolos internos por causa do roubo de 19 de outubro, aumentando o constrangimento para a dire\u00e7\u00e3o. Nas redes, a dupla afirmou que sabia dos riscos, mas decidiu realizar a a\u00e7\u00e3o pela \u201caventura\u201d e pela repercuss\u00e3o viral. O museu n\u00e3o comentou oficialmente o caso at\u00e9 o momento.<\/p>\n<p>        <script async src=\"https:\/\/platform.twitter.com\/widgets.js\" charset=\"utf-8\"><\/script><\/p>\n","protected":false},"excerpt":{"rendered":"O garoto belga j\u00e1 tinha invadido o est\u00e1dio Allianz Arena, em Munique, na final da Liga dos Campe\u00f5es&hellip;\n","protected":false},"author":2,"featured_media":154043,"comment_status":"","ping_status":"","sticky":false,"template":"","format":"standard","meta":{"footnotes":""},"categories":[144],"tags":[207,205,206,203,201,202,204,114,115,32,33],"class_list":{"0":"post-154042","1":"post","2":"type-post","3":"status-publish","4":"format-standard","5":"has-post-thumbnail","7":"category-arte-e-design","8":"tag-arte","9":"tag-arte-e-design","10":"tag-artedesign","11":"tag-arts","12":"tag-arts-and-design","13":"tag-artsanddesign","14":"tag-design","15":"tag-entertainment","16":"tag-entretenimento","17":"tag-portugal","18":"tag-pt"},"share_on_mastodon":{"url":"https:\/\/pubeurope.com\/@pt\/115560800101677480","error":""},"_links":{"self":[{"href":"https:\/\/www.europesays.com\/pt\/wp-json\/wp\/v2\/posts\/154042","targetHints":{"allow":["GET"]}}],"collection":[{"href":"https:\/\/www.europesays.com\/pt\/wp-json\/wp\/v2\/posts"}],"about":[{"href":"https:\/\/www.europesays.com\/pt\/wp-json\/wp\/v2\/types\/post"}],"author":[{"embeddable":true,"href":"https:\/\/www.europesays.com\/pt\/wp-json\/wp\/v2\/users\/2"}],"replies":[{"embeddable":true,"href":"https:\/\/www.europesays.com\/pt\/wp-json\/wp\/v2\/comments?post=154042"}],"version-history":[{"count":0,"href":"https:\/\/www.europesays.com\/pt\/wp-json\/wp\/v2\/posts\/154042\/revisions"}],"wp:featuredmedia":[{"embeddable":true,"href":"https:\/\/www.europesays.com\/pt\/wp-json\/wp\/v2\/media\/154043"}],"wp:attachment":[{"href":"https:\/\/www.europesays.com\/pt\/wp-json\/wp\/v2\/media?parent=154042"}],"wp:term":[{"taxonomy":"category","embeddable":true,"href":"https:\/\/www.europesays.com\/pt\/wp-json\/wp\/v2\/categories?post=154042"},{"taxonomy":"post_tag","embeddable":true,"href":"https:\/\/www.europesays.com\/pt\/wp-json\/wp\/v2\/tags?post=154042"}],"curies":[{"name":"wp","href":"https:\/\/api.w.org\/{rel}","templated":true}]}}