{"id":154045,"date":"2025-11-16T18:34:12","date_gmt":"2025-11-16T18:34:12","guid":{"rendered":"https:\/\/www.europesays.com\/pt\/154045\/"},"modified":"2025-11-16T18:34:12","modified_gmt":"2025-11-16T18:34:12","slug":"adeyemi-multado-em-centenas-de-milhares-de-euros-por-porte-ilegal-de-armas","status":"publish","type":"post","link":"https:\/\/www.europesays.com\/pt\/154045\/","title":{"rendered":"Adeyemi multado em centenas de milhares de euros por porte ilegal de armas"},"content":{"rendered":"<p style=\"margin-bottom:11px\">Karim Adeyemi, avan\u00e7ado do Dortmund de 23 anos, vive um arranque de \u00e9poca pouco prol\u00edfero e com problemas fora do relvado. O extremo alem\u00e3o foi multado por posse ilegal de armas, mais concretamente de uma soqueira e um taser, vendo o cadastro criminal manchado. O caso envolve tamb\u00e9m a companheira do jogador, a rapper su\u00ed\u00e7a Loredana Zefi.<\/p>\n<p>De acordo com o Bild, Adeyemi vai pagar uma multa de 450 mil euros, montante calculado com base no rendimento auferido e que pode ser dividido em 60 presta\u00e7\u00f5es. A mesma fonte questionou as autoridades, que esclareceram que a decis\u00e3o se tornou vinculativa a 30 de outubro.<\/p>\n<p>Ora, o advogado de Adeyemi argumenta que a acusa\u00e7\u00e3o partiu de uma \u00abcaixa misteriosa\u00bb encomendada via TikTok. J\u00e1 o Dortmund lembra que \u00ableva a s\u00e9rio as acusa\u00e7\u00f5es criminais\u00bb.<\/p>\n<p>Nas \u00faltimas semanas, a imprensa internacional tem apontado \u00e0 sa\u00edda de Adeyemi do Dortmund, at\u00e9 porque leva tr\u00eas golos e tr\u00eas assist\u00eancias em 14 jogos. O contrato dura at\u00e9 junho de 2027, mas a imprensa brit\u00e2nica aponta o Manchester United como poss\u00edvel sa\u00edda.<\/p>\n","protected":false},"excerpt":{"rendered":"Karim Adeyemi, avan\u00e7ado do Dortmund de 23 anos, vive um arranque de \u00e9poca pouco prol\u00edfero e com problemas&hellip;\n","protected":false},"author":2,"featured_media":154046,"comment_status":"","ping_status":"","sticky":false,"template":"","format":"standard","meta":{"footnotes":""},"categories":[87],"tags":[33199,1305,5688,1848,604,135,33198,82,46,32,33,47,134],"class_list":{"0":"post-154045","1":"post","2":"type-post","3":"status-publish","4":"format-standard","5":"has-post-thumbnail","7":"category-desporto","8":"tag-adeyemi","9":"tag-alemanha","10":"tag-armas","11":"tag-bundesliga","12":"tag-crime","13":"tag-desporto","14":"tag-dortmund","15":"tag-internacional","16":"tag-maisfutebol","17":"tag-portugal","18":"tag-pt","19":"tag-pura-paixao","20":"tag-sports"},"share_on_mastodon":{"url":"https:\/\/pubeurope.com\/@pt\/115560819214884550","error":""},"_links":{"self":[{"href":"https:\/\/www.europesays.com\/pt\/wp-json\/wp\/v2\/posts\/154045","targetHints":{"allow":["GET"]}}],"collection":[{"href":"https:\/\/www.europesays.com\/pt\/wp-json\/wp\/v2\/posts"}],"about":[{"href":"https:\/\/www.europesays.com\/pt\/wp-json\/wp\/v2\/types\/post"}],"author":[{"embeddable":true,"href":"https:\/\/www.europesays.com\/pt\/wp-json\/wp\/v2\/users\/2"}],"replies":[{"embeddable":true,"href":"https:\/\/www.europesays.com\/pt\/wp-json\/wp\/v2\/comments?post=154045"}],"version-history":[{"count":0,"href":"https:\/\/www.europesays.com\/pt\/wp-json\/wp\/v2\/posts\/154045\/revisions"}],"wp:featuredmedia":[{"embeddable":true,"href":"https:\/\/www.europesays.com\/pt\/wp-json\/wp\/v2\/media\/154046"}],"wp:attachment":[{"href":"https:\/\/www.europesays.com\/pt\/wp-json\/wp\/v2\/media?parent=154045"}],"wp:term":[{"taxonomy":"category","embeddable":true,"href":"https:\/\/www.europesays.com\/pt\/wp-json\/wp\/v2\/categories?post=154045"},{"taxonomy":"post_tag","embeddable":true,"href":"https:\/\/www.europesays.com\/pt\/wp-json\/wp\/v2\/tags?post=154045"}],"curies":[{"name":"wp","href":"https:\/\/api.w.org\/{rel}","templated":true}]}}