{"id":15406,"date":"2025-08-04T11:21:11","date_gmt":"2025-08-04T11:21:11","guid":{"rendered":"https:\/\/www.europesays.com\/pt\/15406\/"},"modified":"2025-08-04T11:21:11","modified_gmt":"2025-08-04T11:21:11","slug":"marli-silveira-celebra-homenagem-na-feira-do-livro-de-santa-cruz","status":"publish","type":"post","link":"https:\/\/www.europesays.com\/pt\/15406\/","title":{"rendered":"Marli Silveira celebra homenagem na Feira do Livro de Santa Cruz"},"content":{"rendered":"<p>A escritora e professora santa-cruzense Marli Silveira tem na filosofia uma de suas \u00e1reas de forma\u00e7\u00e3o e de atua\u00e7\u00e3o. Sua condi\u00e7\u00e3o de pensadora deve ter sido colocada \u00e0 prova, em busca de resili\u00eancia, diante da gravidade do cen\u00e1rio da enchente no Rio Grande do Sul em abril e maio de 2024, com reflexos que se estendem at\u00e9 os dias atuais (e ao futuro). Ocorre que Marli era para ter vivenciado, justamente naqueles dias de calamidade, as alegrias como homenageada da Feira do Livro de sua terra natal. Por causa das chuvas, nada do planejado p\u00f4de acontecer.<\/p>\n<p>S\u00f3 agora, um ano e tr\u00eas meses depois, finalmente poder\u00e1 desfrutar dessa honraria. A 35\u00aa Feira do Livro, mantida a numera\u00e7\u00e3o, foi aberta nessa sexta-feira, 1\u00ba, na Pra\u00e7a Get\u00falio Vargas, e a homenagem a Marli segue devidamente reafirmada. Assim, essa mestre em Filosofia e doutora em Educa\u00e7\u00e3o poder\u00e1 curtir, com serenidade, dias de celebra\u00e7\u00e3o da sua obra, composta por mais de 30 livros. Dois inclusive ter\u00e3o lan\u00e7amento na feira: Corpos ardidos e Invent\u00e1rio das esta\u00e7\u00f5es, este em parceria com seu editor, Roberto Schmitt-Prym (pela Besti\u00e1rio), tamb\u00e9m seu colega na Academia Rio-grandense de Letras (ARL), que ter\u00e1 sess\u00e3o de aut\u00f3grafos no s\u00e1bado, 9, \u00e0s 14 horas.<\/p>\n<p>Marli \u00e9 a atual presidente da Academia de Letras de Santa Cruz do Sul, al\u00e9m de ter sido a primeira (e at\u00e9 agora \u00fanica) mulher da regi\u00e3o a ingressar na ARL. Em entrevista ao Magazine, ela fala de sua rela\u00e7\u00e3o com Feira do Livro e compartilha alguns de seus gostos em termos de obras e autores.<\/p>\n<p><strong>LEIA TAMB\u00c9M: <a href=\"https:\/\/www.gaz.com.br\/feira-do-livro-de-santa-cruz-completa-mais-de-tres-decadas-de-memorias\/\" target=\"_blank\" rel=\"noreferrer noopener nofollow\">Feira do Livro de Santa Cruz completa mais de tr\u00eas d\u00e9cadas de mem\u00f3rias<\/a><\/strong><\/p>\n<p>Pingue-pongue liter\u00e1rio<\/p>\n<p><strong>Qual sua mais antiga lembran\u00e7a associada a uma Feira do Livro?<\/strong><\/p>\n<p>Dif\u00edcil localizar no tempo-espa\u00e7o a lembran\u00e7a mais antiga associada a uma Feira do Livro, pois s\u00e3o muitas as mem\u00f3rias vinculadas ao livro, \u00e0s bibliotecas, aos livros nas pra\u00e7as e\/ou ambi\u00eancias liter\u00e1rias trazidas pelas proximidades sentidas da leitura, do conv\u00edvio, do cheiro e dos sons da literatura. Posso dizer, com razo\u00e1vel lucidez, que vivo das m\u00faltiplas e misturadas maneiras de lembrar de tudo o que vivi, do cultivo das cercanias que o tempo cicatriza na minha mem\u00f3ria e das saudades de tantos afetos, sentidos e pessoas que continuam comigo sonhando pelas p\u00e1ginas dos livros e pela leitura de letras e mundos, mesmo que a dist\u00e2ncia, muitas vezes, seja incapaz de reparar os fragmentos, lampejos e tonalidades. Mas guardo como uma esp\u00e9cie de indica\u00e7\u00e3o no horizonte a lembran\u00e7a da primeira vez que vi algu\u00e9m lendo um livro meu. Tinha 16 anos quando lancei meu primeiro livro: \u00e9 absolutamente indescrit\u00edvel este instante que parece demarcar uma trajet\u00f3ria que pouco se sabe, como uma intui\u00e7\u00e3o afinada \u00e0s chegadas antevistas.<\/p>\n<p><strong>Primeiro livro de que tem mem\u00f3ria de ter lido?<\/strong><\/p>\n<p>A cabana do Pai Tom\u00e1s, cole\u00e7\u00e3o Minha Biblioteca.<\/p>\n<p><strong>Qual livro citaria como o mais importante de todos os que leu?<\/strong><\/p>\n<p>Realmente n\u00e3o tenho uma \u00fanica resposta para essa pergunta, pois s\u00e3o muitos os livros que marcaram e continuam marcando minhas leituras. Na Filosofia, por exemplo, minha incurs\u00e3o \u00e0s implica\u00e7\u00f5es da fenomenologia e da filosofia existencial me aproxima de autores como Heidegger, Merleau-Ponty, Husserl, Sartre, Simone, Camus, entre outros. Como tamb\u00e9m me ocupo da est\u00e9tica, al\u00e9m de outros temas, transito dos gregos aos contempor\u00e2neos. Na literatura, s\u00e3o tantos autores e autoras, imposs\u00edvel destacar uma obra. Para responder, momentaneamente, vou citar O mito de S\u00edsifo, de Albert Camus.\u00a0<\/p>\n<p><strong>LEIA TAMB\u00c9M: <a href=\"https:\/\/www.gaz.com.br\/patrona-da-feira-do-livro-martha-medeiros-participa-do-evento-na-proxima-quarta\/\" target=\"_blank\" rel=\"noreferrer noopener nofollow\">Patrona da Feira do Livro, Martha Medeiros participa do evento na pr\u00f3xima quarta<\/a><\/strong><\/p>\n<p><strong>O que est\u00e1s lendo nesse momento?<\/strong><\/p>\n<p>Leio diversas obras de dois autores brasileiros e ou que vivem no Brasil: Jeanne Marie Gagnebin e M\u00e1rcio Seligmann-Silva. Tenho me ocupado da pesquisa sobre o tema do testemunho e s\u00e3o autores fundamentais para pensar a mem\u00f3ria, a hist\u00f3ria, a literatura, o esquecimento, entre outros.<\/p>\n<p><strong>Qual o personagem mais marcante entre todos que j\u00e1 leu?<\/strong><\/p>\n<p>S\u00e3o muitos, mas vou citar o narrador ou o \u201chomem rid\u00edculo\u201d, da obra O sonho de um homem rid\u00edculo, de Dostoi\u00e9vski.<\/p>\n<p>Um autor e uma autora nacionais de sua predile\u00e7\u00e3o.<\/p>\n<p>Guimar\u00e3es Rosa e Lygia Fagundes Telles.<\/p>\n<p>Um autor e uma autora internacionais de sua predile\u00e7\u00e3o.<\/p>\n<p>Albert Camus, Milan Kundera, Martha Nussbaum, Dostoi\u00e9vski, Kafka, Tolstoi, Wislawa Szymborska, Fernando Pessoa, Bertolt Brecht, entre tantos outros.<\/p>\n<p><strong>LEIA TAMB\u00c9M: <a href=\"https:\/\/www.gaz.com.br\/personalidade-incentivadora-da-leitura-elenor-schneider-e-mestre-leitor\/\" target=\"_blank\" rel=\"noreferrer noopener nofollow\">Personalidade incentivadora da leitura, Elenor Schneider \u00e9 mestre leitor<\/a><\/strong><\/p>\n<p><strong>Qual seu g\u00eanero liter\u00e1rio preferido?<\/strong><\/p>\n<p>Como j\u00e1 referi em uma das quest\u00f5es, sou melhor leitora de livros te\u00f3ricos, muito embora a fronteira entre filosofia e literatura seja um dos recortes pelos quais desdobro minhas incurs\u00f5es de pesquisa e produ\u00e7\u00e3o filos\u00f3fico-liter\u00e1ria, inclusive.\u00a0<\/p>\n<p><strong>Qual livro mais vezes releu e por qu\u00ea?<\/strong><\/p>\n<p>Ser e tempo, de Martin Heidegger, e \u201cA terceira margem do rio\u201d, de Guimar\u00e3es Rosa. Porque Heidegger \u00e9 meu autor de base das pesquisas que realizei e realizo no campo da Filosofia, reconhecendo a necessidade de uma postura cr\u00edtica, e Rosa porque o referido conto atravessa conceitos e categorias que abordo nas minhas aulas e discuss\u00f5es nessa tens\u00e3o entre filosofia, literatura e humanidades.<\/p>\n<p><strong>Qual livro gostaria de ter escrito, de que gostaria de ser a autora?<\/strong><\/p>\n<p>Sou a autora dos livros que gostei\/gosto de escrever.<\/p>\n<p><strong>Quantos livros tens na biblioteca pessoal?<\/strong><\/p>\n<p>Em torno de 7 mil livros.<\/p>\n<p><strong>LEIA TAMB\u00c9M: <a href=\"https:\/\/www.gaz.com.br\/romancista-e-tradutora-julia-dantas-participa-de-bate-papo-na-feira-do-livro\/\" target=\"_blank\" rel=\"noreferrer noopener nofollow\">Romancista e tradutora, Julia Dantas participa de bate-papo na Feira do Livro<\/a><\/strong><\/p>\n<p><strong>Qual o pr\u00f3ximo livro que deseja adquirir?<\/strong><\/p>\n<p>O esp\u00edrito da floresta, de Davi Kopenawa e Bruce Albert.<\/p>\n<p><strong>Sobre qual tema gostaria de escrever um livro, mas ainda n\u00e3o o fez?<\/strong><\/p>\n<p>Sobre o ressentimento e o feminic\u00eddio. Escrevi um pequeno artigo sobre o tema, mas pretendo aprofundar a pesquisa. Tamb\u00e9m desejo ampliar meus estudos sobre o testemunho e, quem sabe, adentrar o tema da loucura. O que vou fazer de in\u00e9dito, mas com paci\u00eancia, \u00e9 a minha primeira tradu\u00e7\u00e3o, que deve come\u00e7ar em 2026.<\/p>\n<p><strong>Qual a maior emo\u00e7\u00e3o pessoal em rela\u00e7\u00e3o \u00e0 leitura de um livro?<\/strong><\/p>\n<p>Quando \u201cvejo\u201d melhor.<\/p>\n<p><a href=\"https:\/\/www.gaz.com.br\/editoria\/cultura-e-lazer\/\" rel=\"nofollow noopener\" target=\"_blank\"><strong>LEIA MAIS DE CULTURA E LAZER<\/strong><\/a><\/p>\n<p class=\"has-pale-cyan-blue-background-color has-background\" style=\"text-transform:uppercase\"><strong>quer receber not\u00edcias de Santa Cruz do Sul e regi\u00e3o no seu celular?<\/strong>\u00a0Entre no nosso NOVO CANAL DO<strong> WhatsApp<\/strong> <a href=\"https:\/\/whatsapp.com\/channel\/0029Va96d75JP210Rzmkf00B\" target=\"_blank\" rel=\"noreferrer noopener nofollow\"><strong>CLICANDO AQUI<\/strong><\/a> \ud83d\udcf2. Ainda n\u00e3o \u00e9 <strong>assinante Gazeta?<\/strong> <strong><a href=\"https:\/\/assinaturas.gaz.com.br\/assine\/\" target=\"_blank\" rel=\"noreferrer noopener nofollow\">Clique aqui<\/a> <\/strong>e fa\u00e7a agora!<\/p>\n","protected":false},"excerpt":{"rendered":"A escritora e professora santa-cruzense Marli Silveira tem na filosofia uma de suas \u00e1reas de forma\u00e7\u00e3o e de&hellip;\n","protected":false},"author":2,"featured_media":15407,"comment_status":"","ping_status":"","sticky":false,"template":"","format":"standard","meta":{"footnotes":""},"categories":[143],"tags":[169,114,115,170,32,33],"class_list":{"0":"post-15406","1":"post","2":"type-post","3":"status-publish","4":"format-standard","5":"has-post-thumbnail","7":"category-livros","8":"tag-books","9":"tag-entertainment","10":"tag-entretenimento","11":"tag-livros","12":"tag-portugal","13":"tag-pt"},"share_on_mastodon":{"url":"","error":""},"_links":{"self":[{"href":"https:\/\/www.europesays.com\/pt\/wp-json\/wp\/v2\/posts\/15406","targetHints":{"allow":["GET"]}}],"collection":[{"href":"https:\/\/www.europesays.com\/pt\/wp-json\/wp\/v2\/posts"}],"about":[{"href":"https:\/\/www.europesays.com\/pt\/wp-json\/wp\/v2\/types\/post"}],"author":[{"embeddable":true,"href":"https:\/\/www.europesays.com\/pt\/wp-json\/wp\/v2\/users\/2"}],"replies":[{"embeddable":true,"href":"https:\/\/www.europesays.com\/pt\/wp-json\/wp\/v2\/comments?post=15406"}],"version-history":[{"count":0,"href":"https:\/\/www.europesays.com\/pt\/wp-json\/wp\/v2\/posts\/15406\/revisions"}],"wp:featuredmedia":[{"embeddable":true,"href":"https:\/\/www.europesays.com\/pt\/wp-json\/wp\/v2\/media\/15407"}],"wp:attachment":[{"href":"https:\/\/www.europesays.com\/pt\/wp-json\/wp\/v2\/media?parent=15406"}],"wp:term":[{"taxonomy":"category","embeddable":true,"href":"https:\/\/www.europesays.com\/pt\/wp-json\/wp\/v2\/categories?post=15406"},{"taxonomy":"post_tag","embeddable":true,"href":"https:\/\/www.europesays.com\/pt\/wp-json\/wp\/v2\/tags?post=15406"}],"curies":[{"name":"wp","href":"https:\/\/api.w.org\/{rel}","templated":true}]}}