{"id":154072,"date":"2025-11-16T19:01:11","date_gmt":"2025-11-16T19:01:11","guid":{"rendered":"https:\/\/www.europesays.com\/pt\/154072\/"},"modified":"2025-11-16T19:01:11","modified_gmt":"2025-11-16T19:01:11","slug":"ana-castela-faz-22-anos-os-22-momentos-mais-marcantes-da-carreira-da-boiadeira-g1","status":"publish","type":"post","link":"https:\/\/www.europesays.com\/pt\/154072\/","title":{"rendered":"Ana Castela faz 22 anos: os 22 momentos mais marcantes da carreira da Boiadeira &#8211; G1"},"content":{"rendered":"<ol>\n<li><a href=\"https:\/\/news.google.com\/rss\/articles\/CBMi3wFBVV95cUxPYzRvZkFJTXl5NWdQT3U4RHdTdGNjUHB5V2lwcGpBMzlIdVN6NGUxMm5XYnRDcDhNSzU1VGxaYnZWc1lHcWJobjh2eHBHd0swVTZ1VkNfZUs5TmR4VWtfVDQ0RVJmWlVMYjF4ZmpuUjJiR3F2RXJaWk1vRW53S1pKWEVhRDNMRGU3Z2o3YzRUZXRZbEtuSDhxMW1BWE9lSnJReFk3Qno0a3BRc0V5VERMVXJtdDFCaHRJY2ZlbEtCd3MzTEJZcFNtS2NoRTVHa2oyZ0RjSHJRVTBvQ1VYV0lV0gHuAUFVX3lxTE1ZQzg0N1llVWY3LVE1V3cyYkJkMUpMQ0Y1MlJFQ2Izd1JaTF9WSWc2a1BobGNGRF9nQi1GMER3TGFjSkwzSW5mMWppaDRiWkVha1BpRzJ3aUN0bl9CdjNqOFA5SW03N09pOGFmRldrQ0szb2ZYWV8wTks5VWt0RDlpNVhjZldFRFhiN1FRUElIN3JVV3ZOT28tZC0zRkFPVVZLNTU3VWYtbGdubjRZWG9wTkM0akRyU2ZVQVVsZGdEMlhEYndVa0x0dkllckxNMGpOel9jZ3VXZXAzRDlZYjdaRlU4dGJjSnh0X1hORUE?oc=5\" target=\"_blank\" rel=\"nofollow noopener\">Ana Castela faz 22 anos: os 22 momentos mais marcantes da carreira da Boiadeira<\/a>&nbsp;&nbsp;G1<\/li>\n<li><a href=\"https:\/\/news.google.com\/rss\/articles\/CBMiywFBVV95cUxQRi0xVXYwc1lwb05xWEx6U0U5LVRQSkt2S3N6bU5fZV9hTXN1VHRSNkxYUzB6ZmNZbUhFVGVKN0FmRHZSR255ZlhhN29PbFdmSVlGdlJiWEVIdnBNdzdDQlpFclVFT2pqT0VrWDRqZnRqaGhUUkVDSGpnaEw5WnpxVE5kRFlSUmE2TDdkYzJXZ0V4R0ZJdHFHc0Q3SEhEbUU1UjZBczhuejdxZGlkWm5zY1U1bEpUVVdKcW1POHJEQ3lfV0FNVTlCOFVxVdIB2gFBVV95cUxPTWFDTzBYTmt4TjNxa0lFeU5oRHdnODdBcDRBTHNxT3NwckxIU09yWVJJb3ZYVnlDRWZCcElvRVFiS1o5VlpwM2t5cjZQWVdrcXVILUUxMGFOUnd6cTExVEVyOUFHelBPdFdMaDk0SHd0S0VnMFFjS0kyci1DcHFGZWtUMTVtclNGOHZPZUZWNzk4d0xuS01MRlNLTGhsYzlUQ1dScEUzYURSMUlvczlrSlFUanVEeFdRUHpDdDRHYlF5djNZWDBwcnkwTlhWQkdSRUpucllGYnJFUQ?oc=5\" target=\"_blank\" rel=\"nofollow noopener\">Ana Castela mostra look e detalhes de sua festa de anivers\u00e1rio; veja fotos<\/a>&nbsp;&nbsp;O Globo<\/li>\n<li><a href=\"https:\/\/news.google.com\/rss\/articles\/CBMiywFBVV95cUxNNnpCRUFYcXZ4NHJSblB0ZzNqcWNGb01lX2VJNXNrQXdaYUhhUEtubFFveTExbmRaVGd1Qno4eDg1VFVYUjVJQWd5Vm1rLWdFdW9HaXB2NkhpYnluQVlfSzFXLU5lSHFrWkZSMXJQZUFrN2pDSElNSWR5U3N6SWFITk5oenJ6THhPTUxKdzJhYWw3MV9ZTHJyRjRYemwyWXRqQ0lCX0p6QTgxRDladWZsUTZoRHMweGZWTEE4N3lpTnRqd0IyWEFwZDJNUdIB0AFBVV95cUxPcTZELW8wc2ZoNjRmR0dmdXdRZUlTc2YzUEVjakxwc3lwc0tuTXVPSUpkUGdmdURFeFdDMjRCTEF5RWZLdWJzdS14S2I4dzhSSVRZdEVnUjhBdEhfQk9JRXFHNFNMdVd0ZVNfMXh0X2QwOEZpMl8tdFczekFyd0ZaMkl1NzRRbjJYYmFMSkI0WHBQdEZ1LXE1Sm1HMzFhY1RSM2YwQ0hMZmNmLXdDa1lWQWVsdjNWajdRX3JtWDRaRnRFejdPZUE3RGE1STVfbm9l?oc=5\" target=\"_blank\" rel=\"nofollow noopener\">Ana Castela faz 22 anos e ganha declara\u00e7\u00e3o de Z\u00e9 Felipe com foto in\u00e9dita<\/a>&nbsp;&nbsp;NaTelinha<\/li>\n<li><a href=\"https:\/\/news.google.com\/rss\/articles\/CBMirAFBVV95cUxQRklWSU1FbUlQUXpQYzRvU1V2M3VUUnc3bFNWdjFyWnYyMVk0d2Y5QzRvZkx0QjN3Vlc3bjB1Snc4UktrVkhkbjNUQm8ydG1kX0gzY3lic0Vtemx1eXBaVWo0Rm15S0Z1U0M0REFPNlFXbm1YZ0htQUJ6YVZkaDRkV3dhWm9KaDdmd3RSX3lyRnlfNmh6ZFBoUnB1aS0zWl9yRjBUanlCQ2NFdDNO?oc=5\" target=\"_blank\" rel=\"nofollow noopener\">Com bolo gigante, veja como foi a festa de anivers\u00e1rio surpresa de Ana Castela<\/a>&nbsp;&nbsp;Midiamax<\/li>\n<li><a href=\"https:\/\/news.google.com\/rss\/articles\/CBMi9wFBVV95cUxNQjB2RTg5TGxjZzN5MklkdUp2bEZTNFY0MWdNSGo0anQwN1JDV1FEUmFRRjlVM3JMblVPUVoyTUlEMVdCWDMzMDFWay1wUjQyREc0azVmZHZ3MnYwYnA2Q3lvUlRHMVp2aWtZdnFUaThqY0RMQkZTZGNYVjE5QkI0TnNINEpyMEtYZzVMT1RVeTZDcnZpeEN5RWF3MXBBVTZWaUxMb2hzd182S24yai1MSTdpdFZWZ1VxbVRyWVB1NWlSNndzQ1FEQnI0cVVXbDRwbGVLcXZwQ3VDaUdhOE9zdGtjR2VEN2Uwc0ZCS1p5OWJxVDBOWVdF?oc=5\" target=\"_blank\" rel=\"nofollow noopener\">ERROU? Z\u00e9 Felipe faz surpresa de anivers\u00e1rio para Ana Castela e divide opini\u00f5es<\/a>&nbsp;&nbsp;Terra<\/li>\n<\/ol>\n","protected":false},"excerpt":{"rendered":"Ana Castela faz 22 anos: os 22 momentos mais marcantes da carreira da Boiadeira&nbsp;&nbsp;G1 Ana Castela mostra look&hellip;\n","protected":false},"author":2,"featured_media":154073,"comment_status":"","ping_status":"","sticky":false,"template":"","format":"standard","meta":{"footnotes":""},"categories":[141],"tags":[114,115,149,150,32,33],"class_list":{"0":"post-154072","1":"post","2":"type-post","3":"status-publish","4":"format-standard","5":"has-post-thumbnail","7":"category-musica","8":"tag-entertainment","9":"tag-entretenimento","10":"tag-music","11":"tag-musica","12":"tag-portugal","13":"tag-pt"},"share_on_mastodon":{"url":"https:\/\/pubeurope.com\/@pt\/115560925362124619","error":""},"_links":{"self":[{"href":"https:\/\/www.europesays.com\/pt\/wp-json\/wp\/v2\/posts\/154072","targetHints":{"allow":["GET"]}}],"collection":[{"href":"https:\/\/www.europesays.com\/pt\/wp-json\/wp\/v2\/posts"}],"about":[{"href":"https:\/\/www.europesays.com\/pt\/wp-json\/wp\/v2\/types\/post"}],"author":[{"embeddable":true,"href":"https:\/\/www.europesays.com\/pt\/wp-json\/wp\/v2\/users\/2"}],"replies":[{"embeddable":true,"href":"https:\/\/www.europesays.com\/pt\/wp-json\/wp\/v2\/comments?post=154072"}],"version-history":[{"count":0,"href":"https:\/\/www.europesays.com\/pt\/wp-json\/wp\/v2\/posts\/154072\/revisions"}],"wp:featuredmedia":[{"embeddable":true,"href":"https:\/\/www.europesays.com\/pt\/wp-json\/wp\/v2\/media\/154073"}],"wp:attachment":[{"href":"https:\/\/www.europesays.com\/pt\/wp-json\/wp\/v2\/media?parent=154072"}],"wp:term":[{"taxonomy":"category","embeddable":true,"href":"https:\/\/www.europesays.com\/pt\/wp-json\/wp\/v2\/categories?post=154072"},{"taxonomy":"post_tag","embeddable":true,"href":"https:\/\/www.europesays.com\/pt\/wp-json\/wp\/v2\/tags?post=154072"}],"curies":[{"name":"wp","href":"https:\/\/api.w.org\/{rel}","templated":true}]}}