{"id":154076,"date":"2025-11-16T19:04:21","date_gmt":"2025-11-16T19:04:21","guid":{"rendered":"https:\/\/www.europesays.com\/pt\/154076\/"},"modified":"2025-11-16T19:04:21","modified_gmt":"2025-11-16T19:04:21","slug":"adultos-50-com-doencas-cronicas-enfrentam-maior-risco-de-vsr-e-herpes-zoster","status":"publish","type":"post","link":"https:\/\/www.europesays.com\/pt\/154076\/","title":{"rendered":"Adultos 50+ com doen\u00e7as cr\u00f4nicas enfrentam maior risco de VSR e Herpes Zoster"},"content":{"rendered":"<p data-path-to-node=\"2\">Adultos com 50 anos ou mais que apresentam doen\u00e7as cr\u00f4nicas t\u00eam uma maior exposi\u00e7\u00e3o a complica\u00e7\u00f5es s\u00e9rias provocadas pelo V\u00edrus Sincicial Respirat\u00f3rio (VSR) e pelo Herpes Zoster. Condi\u00e7\u00f5es preexistentes como Diabetes e Doen\u00e7a Pulmonar Obstrutiva Cr\u00f4nica (DPOC) comprometem a capacidade de defesa do organismo contra agentes infecciosos, resultando em um aumento da probabilidade de hospitaliza\u00e7\u00f5es prolongadas e \u00f3bitos.<\/p>\n<p data-path-to-node=\"3\">O sistema imunol\u00f3gico de indiv\u00edduos a partir dos 50 anos de idade passa por um enfraquecimento progressivo, um processo denominado imunossenesc\u00eancia. Esta altera\u00e7\u00e3o natural diminui gradualmente a capacidade de resposta contra agentes infecciosos. Quando essa altera\u00e7\u00e3o se associa a comorbidades como diabetes, DPOC, asma, insufici\u00eancia card\u00edaca e outras doen\u00e7as cardiovasculares, estabelece-se um cen\u00e1rio de alto risco para o agravamento de infec\u00e7\u00f5es. Nessa situa\u00e7\u00e3o, a combina\u00e7\u00e3o do envelhecimento com as doen\u00e7as cr\u00f4nicas aumenta a probabilidade de complica\u00e7\u00f5es severas, como aquelas causadas pelo VSR e pelo Herpes Zoster.<\/p>\n<p data-path-to-node=\"4\">Estudos indicam que portadores de DPOC com 65 anos ou mais podem ter uma probabilidade de hospitaliza\u00e7\u00e3o por VSR aumentada em at\u00e9 13 vezes. A DPOC afeta 210 milh\u00f5es de pessoas globalmente e \u00e9 classificada como a quinta principal causa de morte no Brasil. De forma semelhante, pessoas com 65 anos ou mais que vivem com diabetes (condi\u00e7\u00e3o que atinge mais de 13 milh\u00f5es de brasileiros) apresentam um risco de hospitaliza\u00e7\u00e3o por VSR at\u00e9 6,4 vezes maior.<\/p>\n<p data-path-to-node=\"5\">A infec\u00e7\u00e3o pelo VSR pode atuar como um fator de desequil\u00edbrio, desencadeando o agravamento de doen\u00e7as cr\u00f4nicas, mesmo quando estas est\u00e3o sob controle cl\u00ednico. Uma an\u00e1lise retrospectiva de 10 anos no Brasil (2013 a 2023) demonstrou que idosos com comorbidades infectados pelo VSR registraram taxas elevadas de admiss\u00e3o em Unidades de Terapia Intensiva (UTI) e de letalidade. A taxa m\u00e9dia de letalidade foi de 25,9%, e 71,5% dos casos analisados apresentavam pelo menos uma doen\u00e7a cr\u00f4nica. As doen\u00e7as cardiovasculares foram as mais prevalentes (64,2%), seguidas por diabetes (32%) e doen\u00e7as pulmonares (26,5%).<\/p>\n<p data-path-to-node=\"6\">O alerta de vulnerabilidade se estende ao Herpes Zoster, popularmente conhecido como \u201ccobreiro\u201d. Esta condi\u00e7\u00e3o resulta da reativa\u00e7\u00e3o do v\u00edrus Varicela-Zoster, o mesmo agente causador da catapora, que permanece inativo no sistema nervoso. O v\u00edrus pode reaparecer de forma imprevis\u00edvel anos ap\u00f3s a infec\u00e7\u00e3o inicial, afetando particularmente adultos com idade mais avan\u00e7ada ou aqueles com comprometimento imunol\u00f3gico, como \u00e9 o caso de indiv\u00edduos com doen\u00e7as cr\u00f4nicas.<\/p>\n<p data-path-to-node=\"7\">O Herpes Zoster frequentemente causa dor intensa e de longa dura\u00e7\u00e3o, impactando a qualidade de vida. A principal complica\u00e7\u00e3o associada \u00e9 a Neuralgia P\u00f3s-Herp\u00e9tica, uma dor de car\u00e1ter cr\u00f4nico que pode persistir por mais de 90 dias ap\u00f3s a resolu\u00e7\u00e3o das les\u00f5es cut\u00e2neas, podendo durar anos.<\/p>\n<p data-path-to-node=\"8\">Considerando a proximidade de datas como o Dia Mundial do <a href=\"https:\/\/brasil.perfil.com\/saude\/cresce-a-diabetes-tipo-2-em-pacientes-cardiovasculares.phtml\" rel=\"nofollow noopener\" target=\"_blank\">Diabetes<\/a> (14 de novembro) e o Dia Mundial da DPOC (19 de novembro), especialistas refor\u00e7am a necessidade de a\u00e7\u00f5es de conscientiza\u00e7\u00e3o e preven\u00e7\u00e3o direcionadas a este grupo populacional. A <a href=\"https:\/\/www.instagram.com\/dramaisakairalla\/\" rel=\"nofollow noopener\" target=\"_blank\">geriatra e cl\u00ednica geral <strong>Maisa Kairalla<\/strong><\/a>, membro de importantes entidades de sa\u00fade, salienta que o envelhecimento natural e a presen\u00e7a de doen\u00e7as cr\u00f4nicas enfraquecem as defesas do organismo, proporcionando uma maior incid\u00eancia de infec\u00e7\u00f5es respirat\u00f3rias virais graves (incluindo o VSR) e de Herpes Zoster. A m\u00e9dica refor\u00e7a que essas doen\u00e7as s\u00e3o pass\u00edveis de preven\u00e7\u00e3o por vacina\u00e7\u00e3o.<\/p>\n<p>\t\t\t\t\t\t\t\t\t\t\t\t\t\t\t\t<script async src=\"\/\/www.instagram.com\/embed.js\"><\/script><\/p>\n","protected":false},"excerpt":{"rendered":"Adultos com 50 anos ou mais que apresentam doen\u00e7as cr\u00f4nicas t\u00eam uma maior exposi\u00e7\u00e3o a complica\u00e7\u00f5es s\u00e9rias provocadas&hellip;\n","protected":false},"author":2,"featured_media":154077,"comment_status":"","ping_status":"","sticky":false,"template":"","format":"standard","meta":{"footnotes":""},"categories":[86],"tags":[33208,1027,33209,4693,11151,13870,1490,116,11176,26581,10891,33210,33211,32,33,33212,117,2820,33213],"class_list":{"0":"post-154076","1":"post","2":"type-post","3":"status-publish","4":"format-standard","5":"has-post-thumbnail","7":"category-saude","8":"tag-comorbidades","9":"tag-diabetes","10":"tag-doenca-pulmonar-obstrutiva-cronica","11":"tag-doencas-cardiovasculares","12":"tag-doencas-cronicas","13":"tag-dpoc","14":"tag-envelhecimento","15":"tag-health","16":"tag-herpes-zoster","17":"tag-imunossenescencia","18":"tag-infeccoes-respiratorias","19":"tag-neuralgia-pos-herpetica","20":"tag-pessoas-50","21":"tag-portugal","22":"tag-pt","23":"tag-risco-de-hospitalizacao","24":"tag-saude","25":"tag-vacinacao","26":"tag-virus-sincicial-respiratorio-vsr"},"share_on_mastodon":{"url":"https:\/\/pubeurope.com\/@pt\/115560937131863204","error":""},"_links":{"self":[{"href":"https:\/\/www.europesays.com\/pt\/wp-json\/wp\/v2\/posts\/154076","targetHints":{"allow":["GET"]}}],"collection":[{"href":"https:\/\/www.europesays.com\/pt\/wp-json\/wp\/v2\/posts"}],"about":[{"href":"https:\/\/www.europesays.com\/pt\/wp-json\/wp\/v2\/types\/post"}],"author":[{"embeddable":true,"href":"https:\/\/www.europesays.com\/pt\/wp-json\/wp\/v2\/users\/2"}],"replies":[{"embeddable":true,"href":"https:\/\/www.europesays.com\/pt\/wp-json\/wp\/v2\/comments?post=154076"}],"version-history":[{"count":0,"href":"https:\/\/www.europesays.com\/pt\/wp-json\/wp\/v2\/posts\/154076\/revisions"}],"wp:featuredmedia":[{"embeddable":true,"href":"https:\/\/www.europesays.com\/pt\/wp-json\/wp\/v2\/media\/154077"}],"wp:attachment":[{"href":"https:\/\/www.europesays.com\/pt\/wp-json\/wp\/v2\/media?parent=154076"}],"wp:term":[{"taxonomy":"category","embeddable":true,"href":"https:\/\/www.europesays.com\/pt\/wp-json\/wp\/v2\/categories?post=154076"},{"taxonomy":"post_tag","embeddable":true,"href":"https:\/\/www.europesays.com\/pt\/wp-json\/wp\/v2\/tags?post=154076"}],"curies":[{"name":"wp","href":"https:\/\/api.w.org\/{rel}","templated":true}]}}