{"id":154086,"date":"2025-11-16T19:14:20","date_gmt":"2025-11-16T19:14:20","guid":{"rendered":"https:\/\/www.europesays.com\/pt\/154086\/"},"modified":"2025-11-16T19:14:20","modified_gmt":"2025-11-16T19:14:20","slug":"francisco-monteiro-ja-foste-barbara-parada-muito-cumplice-de-companhia-especial","status":"publish","type":"post","link":"https:\/\/www.europesays.com\/pt\/154086\/","title":{"rendered":"&#8220;Francisco Monteiro, j\u00e1 foste&#8221;: B\u00e1rbara Parada muito c\u00famplice de companhia especial&#8230;"},"content":{"rendered":"<p>No passado fim de semana,\u00a0<a href=\"https:\/\/selfie.iol.pt\/famosos\/big-brother\/tive-de-seguir-o-meu-instinto-apos-24-horas-barbara-parada-anuncia-bem-vindo-a-minha-vida-martim\/20251109\/6910eaacd34e2bd5c6d3cd71\" target=\"_blank\" rel=\"nofollow noopener\">B\u00e1rbara Parada<\/a>\u00a0partilhou uma importante novidade: a\u00a0finalista do &#8220;<a href=\"https:\/\/tvi.iol.pt\/bigbrother\/\" target=\"_blank\" wbo-id=\"47\" rel=\"nofollow noopener\">Big Brother<\/a>\u00a02022&#8243; adotou um novo c\u00e3ozinho.<\/p>\n<p>Entretanto, B\u00e1rbara Parada recorreu ao Instagram para publicar fotografias in\u00e9ditas desta companhia \u00fanica.<\/p>\n<p>&#8220;As pessoas gostaram tanto destas fotografias que at\u00e9 vieram para o feed. E merecia um pr\u00e9mio por ter conseguido tirar estas selfies com ele quietinho, \u00e9 t\u00e3o dif\u00edcil&#8221;, assinalou a jovem na legenda das imagens.<\/p>\n<p>Na caixa de coment\u00e1rios da publica\u00e7\u00e3o, os seguidores n\u00e3o se mostraram indiferentes. &#8220;Que coisa boa&#8221;; &#8220;<a href=\"https:\/\/selfie.iol.pt\/famosos\/casa-dos-segredos\/um-dia-pelos-estudios-da-tvi-ja-ves-francisco-monteiro-revela-mensagens-de-ex-concorrente-do-big-brother\/20251101\/6905c7a8d34e3caad84ac8c6\" target=\"_blank\" rel=\"nofollow noopener\">Francisco Monteiro<\/a>, j\u00e1 foste&#8221; e &#8220;Fofinhos lindos&#8221; s\u00e3o exemplos das mensagens deixadas pelos f\u00e3s.<\/p>\n<p>Veja, agora, as imagens partilhadas por B\u00e1rbara Parada na galeria de fotografias que prepar\u00e1mos para si.<\/p>\n","protected":false},"excerpt":{"rendered":"No passado fim de semana,\u00a0B\u00e1rbara Parada\u00a0partilhou uma importante novidade: a\u00a0finalista do &#8220;Big Brother\u00a02022&#8243; adotou um novo c\u00e3ozinho. Entretanto,&hellip;\n","protected":false},"author":2,"featured_media":154087,"comment_status":"","ping_status":"","sticky":false,"template":"","format":"standard","meta":{"footnotes":""},"categories":[142],"tags":[1353,2151,48,2632,114,115,980,2071,1015,619,32,33,1014,1315,1012,151,162],"class_list":{"0":"post-154086","1":"post","2":"type-post","3":"status-publish","4":"format-standard","5":"has-post-thumbnail","7":"category-tv","8":"tag-animais","9":"tag-barbara-parada","10":"tag-big-brother","11":"tag-casa-dos-segredos","12":"tag-entertainment","13":"tag-entretenimento","14":"tag-famosos","15":"tag-francisco-monteiro","16":"tag-instagram","17":"tag-nacional","18":"tag-portugal","19":"tag-pt","20":"tag-reality-show","21":"tag-secret-story","22":"tag-selfie","23":"tag-tv","24":"tag-tvi"},"share_on_mastodon":{"url":"https:\/\/pubeurope.com\/@pt\/115560976678728388","error":""},"_links":{"self":[{"href":"https:\/\/www.europesays.com\/pt\/wp-json\/wp\/v2\/posts\/154086","targetHints":{"allow":["GET"]}}],"collection":[{"href":"https:\/\/www.europesays.com\/pt\/wp-json\/wp\/v2\/posts"}],"about":[{"href":"https:\/\/www.europesays.com\/pt\/wp-json\/wp\/v2\/types\/post"}],"author":[{"embeddable":true,"href":"https:\/\/www.europesays.com\/pt\/wp-json\/wp\/v2\/users\/2"}],"replies":[{"embeddable":true,"href":"https:\/\/www.europesays.com\/pt\/wp-json\/wp\/v2\/comments?post=154086"}],"version-history":[{"count":0,"href":"https:\/\/www.europesays.com\/pt\/wp-json\/wp\/v2\/posts\/154086\/revisions"}],"wp:featuredmedia":[{"embeddable":true,"href":"https:\/\/www.europesays.com\/pt\/wp-json\/wp\/v2\/media\/154087"}],"wp:attachment":[{"href":"https:\/\/www.europesays.com\/pt\/wp-json\/wp\/v2\/media?parent=154086"}],"wp:term":[{"taxonomy":"category","embeddable":true,"href":"https:\/\/www.europesays.com\/pt\/wp-json\/wp\/v2\/categories?post=154086"},{"taxonomy":"post_tag","embeddable":true,"href":"https:\/\/www.europesays.com\/pt\/wp-json\/wp\/v2\/tags?post=154086"}],"curies":[{"name":"wp","href":"https:\/\/api.w.org\/{rel}","templated":true}]}}