{"id":154088,"date":"2025-11-16T19:15:14","date_gmt":"2025-11-16T19:15:14","guid":{"rendered":"https:\/\/www.europesays.com\/pt\/154088\/"},"modified":"2025-11-16T19:15:14","modified_gmt":"2025-11-16T19:15:14","slug":"camara-aprova-criacao-do-dia-nacional-do-hip-hop","status":"publish","type":"post","link":"https:\/\/www.europesays.com\/pt\/154088\/","title":{"rendered":"C\u00e2mara aprova cria\u00e7\u00e3o do Dia Nacional do Hip-Hop"},"content":{"rendered":"<p>Proposta tamb\u00e9m cria a semana de valoriza\u00e7\u00e3o da cultura hip-hop; texto vai ao Senado<\/p>\n<p>A C\u00e2mara dos Deputados aprovou na 3\u00aa feira (11.nov.2025) uma proposta que institui o Dia Nacional do Hip-Hop, em 11 de agosto, e a Semana de Valoriza\u00e7\u00e3o da Cultura Hip-Hop, a ser celebrada anualmente. De autoria do Poder Executivo, o Projeto de Lei 5660\/23 segue agora para o Senado.<\/p>\n<p>O relator do projeto, deputado <a href=\"https:\/\/monitor-hml.poder360.com.br\/politicos-do-brasil\/1169577\/ORLANDO-SILVA?ano=2022\" target=\"_blank\" rel=\"noopener nofollow\">Orlando Silva<\/a> (PC do B-SP), afirmou que reconhecer a cultura do hip-hop \u00e9 reparar uma d\u00edvida hist\u00f3rica do Estado brasileiro com as express\u00f5es culturais negras e perif\u00e9ricas. \u201cAo aprovar este projeto de lei, a C\u00e2mara dos Deputados declara que o Brasil precisa olhar com orgulho para as suas ruas, para as suas quebradas, para os seus becos e vielas, porque \u00e9 ali que pulsa o cora\u00e7\u00e3o criativo do pa\u00eds.\u201d<\/p>\n<p>Ele classificou o ritmo como \u201cgrito coletivo\u201d de pessoas invisibilizadas na sociedade e \u201cquilombo urbano\u201d, que afirma a beleza da favela como lugar de produ\u00e7\u00e3o de saber, est\u00e9tica e futuro.<\/p>\n<p>A ministra da Cultura, Margareth Menezes, defendeu na justifica\u00e7\u00e3o ao texto a cria\u00e7\u00e3o da data para facilitar a destina\u00e7\u00e3o de recursos p\u00fablicos para manifesta\u00e7\u00f5es ligadas ao tema. \u201c\u00c9 uma forma de transmitir a resili\u00eancia de um povo que sempre foi relegado a segundo, terceiro e at\u00e9 quarto plano das pol\u00edticas p\u00fablicas. Antes de tudo, \u00e9 um manifesto dos exclu\u00eddos que precisa ser ouvido e interpretado\u201d, disse a ministra no texto do projeto.<\/p>\n<p><strong>Resist\u00eancia e criatividade<\/strong><\/p>\n<p>Orlando Silva afirmou que a cultura hip-hop \u00e9 um dos fen\u00f4menos mais marcantes e transformadores da hist\u00f3ria contempor\u00e2nea da humanidade. \u201cO hip-hop foi e \u00e9, desde sempre, uma pedagogia da resist\u00eancia, uma filosofia de vida baseada na dignidade, na criatividade e na solidariedade\u201d, disse.<\/p>\n<p>O deputado citou como princ\u00edpios fundamentais do movimento o MC (mestre de cerim\u00f4nias, ou os artistas do g\u00eanero musical), o DJ (disc jockey, quem seleciona e reproduz m\u00fasicas), o breaking, o graffiti e o conhecimento (a consci\u00eancia cr\u00edtica que une todos os elementos). \u201cEsses pilares formam uma \u00e9tica: a da autoafirma\u00e7\u00e3o, da coletividade e da transforma\u00e7\u00e3o social\u201d, disse.<\/p>\n<p>Para Silva, o hip-hop \u00e9 um dos principais instrumentos da vocaliza\u00e7\u00e3o dos sonhos e das dores da juventude negra brasileira. \u201cNas batalhas de rima, os jovens encontram espa\u00e7o para denunciar o racismo, o genoc\u00eddio, a fome, a falta de oportunidades, mas tamb\u00e9m para celebrar a vida, o afeto e a pot\u00eancia de ser quem se \u00e9\u201d, afirmou.<\/p>\n<p><strong>Debate em Plen\u00e1rio<\/strong><\/p>\n<p>Durante o debate em Plen\u00e1rio, a deputada <a href=\"https:\/\/monitor.poder360.com.br\/politicos-do-brasil\/425155\/ERIKA-KOKAY?ano=2022\" target=\"_blank\" rel=\"noopener nofollow\">Erika Kokay<\/a> (PT-DF) disse que o Brasil invisibilizado mostra sua potencialidade a partir da cultura hip-hop. \u201c\u00c9 grito para dizer que as quebradas t\u00eam um pulsar e uma vida absolutamente essencial, at\u00e1vica, ligada a nossas pr\u00f3prias exist\u00eancias\u201d, disse.<\/p>\n<p>Segundo a l\u00edder do Psol, deputada <a href=\"https:\/\/www.poder360.com.br\/poder-congresso\/camara-votara-isencao-do-ir-ate-5-000-em-1o-de-outubro-diz-motta\/\" target=\"_blank\" rel=\"noopener nofollow\">Tal\u00edria Petrone<\/a> (RJ), \u00e9 uma repara\u00e7\u00e3o instituir um dia para valorizar a cultura das quebradas, das favelas, do povo preto. \u201cAquelas letras que valorizam o saber do povo preto nas periferias, expressa no hip-hop, v\u00e3o ter um dia para serem celebradas e para poder dizer que s\u00e3o culturas que constituem o pa\u00eds\u201d, afirmou.<\/p>\n<p>Com informa\u00e7\u00f5es da <a href=\"https:\/\/www.camara.leg.br\/noticias\/1222017-camara-aprova-criacao-do-dia-nacional-do-hip-hop\/\" rel=\"nofollow noopener\" target=\"_blank\">Ag\u00eancia C\u00e2mara<\/a>.<\/p>\n","protected":false},"excerpt":{"rendered":"Proposta tamb\u00e9m cria a semana de valoriza\u00e7\u00e3o da cultura hip-hop; texto vai ao Senado A C\u00e2mara dos Deputados&hellip;\n","protected":false},"author":2,"featured_media":154089,"comment_status":"","ping_status":"","sticky":false,"template":"","format":"standard","meta":{"footnotes":""},"categories":[141],"tags":[114,115,149,150,32,33],"class_list":{"0":"post-154088","1":"post","2":"type-post","3":"status-publish","4":"format-standard","5":"has-post-thumbnail","7":"category-musica","8":"tag-entertainment","9":"tag-entretenimento","10":"tag-music","11":"tag-musica","12":"tag-portugal","13":"tag-pt"},"share_on_mastodon":{"url":"https:\/\/pubeurope.com\/@pt\/115560980358754042","error":""},"_links":{"self":[{"href":"https:\/\/www.europesays.com\/pt\/wp-json\/wp\/v2\/posts\/154088","targetHints":{"allow":["GET"]}}],"collection":[{"href":"https:\/\/www.europesays.com\/pt\/wp-json\/wp\/v2\/posts"}],"about":[{"href":"https:\/\/www.europesays.com\/pt\/wp-json\/wp\/v2\/types\/post"}],"author":[{"embeddable":true,"href":"https:\/\/www.europesays.com\/pt\/wp-json\/wp\/v2\/users\/2"}],"replies":[{"embeddable":true,"href":"https:\/\/www.europesays.com\/pt\/wp-json\/wp\/v2\/comments?post=154088"}],"version-history":[{"count":0,"href":"https:\/\/www.europesays.com\/pt\/wp-json\/wp\/v2\/posts\/154088\/revisions"}],"wp:featuredmedia":[{"embeddable":true,"href":"https:\/\/www.europesays.com\/pt\/wp-json\/wp\/v2\/media\/154089"}],"wp:attachment":[{"href":"https:\/\/www.europesays.com\/pt\/wp-json\/wp\/v2\/media?parent=154088"}],"wp:term":[{"taxonomy":"category","embeddable":true,"href":"https:\/\/www.europesays.com\/pt\/wp-json\/wp\/v2\/categories?post=154088"},{"taxonomy":"post_tag","embeddable":true,"href":"https:\/\/www.europesays.com\/pt\/wp-json\/wp\/v2\/tags?post=154088"}],"curies":[{"name":"wp","href":"https:\/\/api.w.org\/{rel}","templated":true}]}}