{"id":154092,"date":"2025-11-16T19:18:12","date_gmt":"2025-11-16T19:18:12","guid":{"rendered":"https:\/\/www.europesays.com\/pt\/154092\/"},"modified":"2025-11-16T19:18:12","modified_gmt":"2025-11-16T19:18:12","slug":"rato-captura-morcego-em-pleno-voo-e-devora-animal-em-comportamento-inedito","status":"publish","type":"post","link":"https:\/\/www.europesays.com\/pt\/154092\/","title":{"rendered":"Rato captura morcego em pleno voo e devora animal em comportamento in\u00e9dito"},"content":{"rendered":"<p>  <img class=\"content-first-image wp-image-2719289 size-full\" loading=\"eager\" decoding=\"sync\" fetchpriority=\"high\" src=\"https:\/\/www.europesays.com\/pt\/wp-content\/uploads\/2025\/11\/rato-captura-morcego-1.jpg\" alt=\"Rato capturou morcego no ar\" width=\"1200\" height=\"630\"  \/>Rato capturou morcego no arFoto: Reprodu\u00e7\u00e3o\/ND Mais<\/p>\n<p>Um registro feito em uma caverna no norte da Alemanha e divulgado por cientistas que monitoravam o local entre 2020 e 2024 chocou a comunidade cient\u00edfica por seu comportamento nunca antes visto: um <a href=\"https:\/\/ndmais.com.br\/casa-e-jardinagem\/como-manter-os-ratos-bem-longe-da-sua-casa-tecnica-caseira-acaba-com-eles\/\" rel=\"nofollow noopener\" target=\"_blank\">rato<\/a> saltando no ar, agarrando um morcego em movimento e o devorando em seguida.<\/p>\n<p>A cena chamou aten\u00e7\u00e3o n\u00e3o s\u00f3 pela agilidade do rato, mas pelo risco que esse comportamento pode gerar na <a href=\"https:\/\/ndmais.com.br\/saude\/doenca-transmitida-pelo-rato-que-matou-menino-vitimou-outras-3-pessoas-em-sc-em-2022-veja-onde\/\" rel=\"nofollow noopener\" target=\"_blank\">transmiss\u00e3o de doen\u00e7as<\/a>, j\u00e1 que ambos os animais s\u00e3o capazes de ser portadores de v\u00edrus perigosos aos humanos.<\/p>\n<p>O v\u00eddeo foi analisado por pesquisadores do Museu de Hist\u00f3ria Natural de Berlim e descrito em um estudo publicado <a href=\"https:\/\/www.sciencedirect.com\/science\/article\/pii\/S2351989425004950\" target=\"_blank\" rel=\"noopener nofollow\">na revista Global Ecology and Conservation em novembro de 2025<\/a>.<\/p>\n<p><a class=\"cta-discover d-flex justify-content-between align-items-center w-100\" target=\"_blank\" rel=\"nofollow noopner noopener\" href=\"https:\/\/profile.google.com\/cp\/Cg0vZy8xMXZ5cjY4NHho\">   Fa\u00e7a como milh\u00f5es de leitores informados: siga o ND Mais no Google.  Seguir<\/a> <\/p>\n<p>Segundo o bi\u00f3logo Florian Gloza-Rausch, autor do relat\u00f3rio, \u201cat\u00e9 onde sabemos, esse tipo de comportamento de rato n\u00e3o havia sido documentado cientificamente antes\u201d.<\/p>\n<p>O que o registro in\u00e9dito representa aos humanos?<\/p>\n<p>As imagens foram registradas em uma caverna onde milhares de morcegos hibernam todos os anos na Alemanha. Os cientistas instalaram c\u00e2meras infravermelhas e dispositivos de imagem t\u00e9rmica para acompanhar a atividade noturna, em completa escurid\u00e3o.<\/p>\n<p><img class=\"wp-image-2719288 size-full\" loading=\"lazy\" decoding=\"async\" src=\"https:\/\/www.europesays.com\/pt\/wp-content\/uploads\/2025\/11\/rato-captura-morcego-2.jpg\" alt=\"Intera\u00e7\u00e3o entre ratos e morcegos pode ser um perigo para os humanos\" width=\"1200\" height=\"630\"  \/>Intera\u00e7\u00e3o entre ratos e morcegos pode ser um perigo para os humanosFoto: Reprodu\u00e7\u00e3o\/ND Mais<\/p>\n<p>O comportamento registrado impressiona pela precis\u00e3o. No v\u00eddeo, o rato marrom aparece de p\u00e9 sobre as patas traseiras enquanto os morcegos circulam acima dele. Quando um deles voa baixo o suficiente, o roedor salta e o captura no ar, cravando os dentes antes de arrastar a presa para um canto da caverna.<\/p>\n<p>Como o ambiente estava totalmente escuro, os autores acreditam que o rato detectou o movimento das asas dos morcegos por meio dos bigodes, capazes de perceber mudan\u00e7as na press\u00e3o do ar.<\/p>\n<p>Os pesquisadores tamb\u00e9m relataram que \u201cratos foram frequentemente observados patrulhando a plataforma de pouso na entrada da caverna\u201d, o que indica um padr\u00e3o de ca\u00e7a.<\/p>\n<p>A cena gerou preocupa\u00e7\u00e3o porque os dois animais carregam v\u00edrus conhecidos por infectar humanos. Os morcegos s\u00e3o hospedeiros naturais de <a href=\"https:\/\/ndmais.com.br\/saude\/cientistas-descobrem-novo-coronavirus-em-morcegos-no-brasil\/\" rel=\"nofollow noopener\" target=\"_blank\">coronav\u00edrus<\/a>, Ebola, Marburg e raiva, enquanto os ratos s\u00e3o comuns vetores urbanos, convivendo perto de popula\u00e7\u00f5es humanas.<\/p>\n<p><img class=\"wp-image-2719305 size-full\" loading=\"lazy\" decoding=\"async\" src=\"https:\/\/www.europesays.com\/pt\/wp-content\/uploads\/2025\/11\/rato-captura-morcego-3.jpg\" alt=\"Os dois animais s\u00e3o capazes de transmitir v\u00edrus perigosos aos humanos\" width=\"1200\" height=\"630\"  \/>Os dois animais s\u00e3o capazes de transmitir v\u00edrus perigosos aos humanosFoto: Reprodu\u00e7\u00e3o\/ND Mais<\/p>\n<p>Embora o estudo n\u00e3o tenha investigado diretamente a transmiss\u00e3o de doen\u00e7as, os autores alertam que o contato f\u00edsico extremo mostrado no v\u00eddeo poderia facilitar a troca de pat\u00f3genos.<\/p>\n<p>\u201cEssas intera\u00e7\u00f5es podem facilitar a transmiss\u00e3o de pat\u00f3genos associados a morcegos para roedores, potencialmente alterando a din\u00e2mica da doen\u00e7a e ampliando as oportunidades de transmiss\u00e3o para humanos e animais dom\u00e9sticos\u201d, afirmam.<\/p>\n<p>A hip\u00f3tese preocupa cientistas porque, se um v\u00edrus t\u00edpico de morcego passasse a circular em ratos, animais que vivem pr\u00f3ximos \u00e0s pessoas, novas combina\u00e7\u00f5es e adapta\u00e7\u00f5es poderiam ocorrer. Em teoria, isso aumentaria as chances de variantes capazes de infectar humanos surgirem.<\/p>\n<p>No entanto, os autores fazem quest\u00e3o de refor\u00e7ar que o registro, por si s\u00f3, n\u00e3o indica risco emergente. \u201c\u00c9 importante ressaltar que nossas descobertas n\u00e3o indicam um risco zoon\u00f3tico imediato\u201d, concluem.<\/p>\n<p class=\"ndmais-content-video-caption\">Veja o momento em que o rato captura e devora o morcegoV\u00eddeo: Reprodu\u00e7\u00e3o\/ND Mais<\/p>\n","protected":false},"excerpt":{"rendered":"Rato capturou morcego no arFoto: Reprodu\u00e7\u00e3o\/ND Mais Um registro feito em uma caverna no norte da Alemanha e&hellip;\n","protected":false},"author":2,"featured_media":154093,"comment_status":"","ping_status":"","sticky":false,"template":"","format":"standard","meta":{"footnotes":""},"categories":[86],"tags":[1353,726,1967,116,1968,32,33,4066,117],"class_list":{"0":"post-154092","1":"post","2":"type-post","3":"status-publish","4":"format-standard","5":"has-post-thumbnail","7":"category-saude","8":"tag-animais","9":"tag-brasil","10":"tag-contedo-de-internet","11":"tag-health","12":"tag-notcia","13":"tag-portugal","14":"tag-pt","15":"tag-sade","16":"tag-saude"},"share_on_mastodon":{"url":"https:\/\/pubeurope.com\/@pt\/115560992263191978","error":""},"_links":{"self":[{"href":"https:\/\/www.europesays.com\/pt\/wp-json\/wp\/v2\/posts\/154092","targetHints":{"allow":["GET"]}}],"collection":[{"href":"https:\/\/www.europesays.com\/pt\/wp-json\/wp\/v2\/posts"}],"about":[{"href":"https:\/\/www.europesays.com\/pt\/wp-json\/wp\/v2\/types\/post"}],"author":[{"embeddable":true,"href":"https:\/\/www.europesays.com\/pt\/wp-json\/wp\/v2\/users\/2"}],"replies":[{"embeddable":true,"href":"https:\/\/www.europesays.com\/pt\/wp-json\/wp\/v2\/comments?post=154092"}],"version-history":[{"count":0,"href":"https:\/\/www.europesays.com\/pt\/wp-json\/wp\/v2\/posts\/154092\/revisions"}],"wp:featuredmedia":[{"embeddable":true,"href":"https:\/\/www.europesays.com\/pt\/wp-json\/wp\/v2\/media\/154093"}],"wp:attachment":[{"href":"https:\/\/www.europesays.com\/pt\/wp-json\/wp\/v2\/media?parent=154092"}],"wp:term":[{"taxonomy":"category","embeddable":true,"href":"https:\/\/www.europesays.com\/pt\/wp-json\/wp\/v2\/categories?post=154092"},{"taxonomy":"post_tag","embeddable":true,"href":"https:\/\/www.europesays.com\/pt\/wp-json\/wp\/v2\/tags?post=154092"}],"curies":[{"name":"wp","href":"https:\/\/api.w.org\/{rel}","templated":true}]}}