{"id":154123,"date":"2025-11-16T19:46:16","date_gmt":"2025-11-16T19:46:16","guid":{"rendered":"https:\/\/www.europesays.com\/pt\/154123\/"},"modified":"2025-11-16T19:46:16","modified_gmt":"2025-11-16T19:46:16","slug":"estudo-aponta-que-cafe-ajuda-no-combate-ao-cancer-de-prostata","status":"publish","type":"post","link":"https:\/\/www.europesays.com\/pt\/154123\/","title":{"rendered":"Estudo aponta que caf\u00e9 ajuda no combate ao c\u00e2ncer de pr\u00f3stata"},"content":{"rendered":"<p>O <a href=\"https:\/\/www.bonsfluidos.com.br\/saude\/cafe-pode-ajudar-a-combater-o-cancer-de-prostata-entenda-estudo.phtml\" rel=\"nofollow noopener\" target=\"_blank\">caf\u00e9<\/a>, t\u00e3o presente no dia a dia dos brasileiros, ganhou novas evid\u00eancias cient\u00edficas que refor\u00e7am seu potencial funcional. Uma pesquisa desenvolvida pela Universidade Federal Fluminense (UFF), em parceria com institui\u00e7\u00f5es como a Unirio, a Embrapa Rond\u00f4nia e o Instituto Nacional de C\u00e2ncer (INCA), mostrou que compostos bioativos presentes no gr\u00e3o t\u00eam a\u00e7\u00e3o direta contra c\u00e9lulas tumorais do c\u00e2ncer de pr\u00f3stata.<\/p>\n<p>O estudo analisou diferentes formas de extra\u00e7\u00e3o e tipos de torra do Caf\u00e9 Robusta Amaz\u00f4nica, produzido em <strong>Rond\u00f4nia<\/strong>. Ele constatou que, quando preparado de modo a preservar a solubilidade e os componentes mais importantes \u2013 como <a href=\"https:\/\/www.bonsfluidos.com.br\/bem-estar\/cafeina-pode-influenciar-seus-sonhos-cientistas-em-sono-explica.phtml\" rel=\"nofollow noopener\" target=\"_blank\">cafe\u00edna<\/a> e \u00e1cidos clorog\u00eanicos \u2013 o caf\u00e9 apresenta efeito significativo na redu\u00e7\u00e3o da prolifera\u00e7\u00e3o tumoral.<\/p>\n<p> <strong>O que o caf\u00e9 fez no organismo durante os testes?<\/strong> <\/p>\n<p>As an\u00e1lises ocorreram em laborat\u00f3rio, em condi\u00e7\u00f5es controladas (in vitro). Mesmo assim, os resultados chamaram aten\u00e7\u00e3o. Os extratos do caf\u00e9 foram capazes de diminuir a quantidade de <a href=\"https:\/\/www.bonsfluidos.com.br\/saude\/metodo-pioneiro-busca-impedir-retorno-do-cancer-de-mama-confira.phtml\" rel=\"nofollow noopener\" target=\"_blank\">c\u00e9lulas tumorais<\/a> vi\u00e1veis e impedir que elas continuassem se multiplicando. O dado mais interessante \u00e9 que essa a\u00e7\u00e3o ocorreu ao mesmo tempo em que as c\u00e9lulas saud\u00e1veis preservaram-se, um ponto essencial quando se fala em tratamentos mais seguros e menos agressivos.<\/p>\n<p><strong>Fernanda Santos<\/strong>, mestranda do Programa de P\u00f3s-Gradua\u00e7\u00e3o em Ci\u00eancias Aplicadas a Produtos para a Sa\u00fade, explica que uma das maiores dificuldades no combate ao <a href=\"https:\/\/www.bonsfluidos.com.br\/autoconhecimento\/fabiana-justus-se-emociona-ao-falar-sobre-terapia-no-pos-cancer.phtml\" rel=\"nofollow noopener\" target=\"_blank\">c\u00e2ncer<\/a> \u00e9 justamente o ritmo acelerado com que as c\u00e9lulas malignas se proliferam. E, segundo ela, o extrato de caf\u00e9 conseguiu bloquear etapas do ciclo celular respons\u00e1veis por esse avan\u00e7o.<\/p>\n<p> <strong>Um futuro promissor (e acess\u00edvel)<\/strong> <\/p>\n<p>Os pesquisadores acreditam que os achados podem abrir portas para estudos relacionados n\u00e3o apenas ao <a href=\"https:\/\/www.bonsfluidos.com.br\/saude\/cancer-de-prostata-podera-ser-detectado-pela-urina-entenda-como.phtml\" rel=\"nofollow noopener\" target=\"_blank\">c\u00e2ncer<\/a> de pr\u00f3stata, mas tamb\u00e9m a outros tipos de tumores. O Caf\u00e9 Robusta Amaz\u00f4nica \u00e9 fruto do trabalho de pequenos produtores da regi\u00e3o Norte e tem papel significativo para a economia de Rond\u00f4nia. Ver uma bebida t\u00e3o popular e culturalmente brasileira ganhar destaque pela sua capacidade terap\u00eautica fortalece ainda mais esse ciclo. A investiga\u00e7\u00e3o acontece atrav\u00e9s do Centro Integrado de An\u00e1lises em Alimentos e Nutri\u00e7\u00e3o (CIAN-UFF) e coordenada pelo professor <strong>Anderson Junger Teodoro<\/strong>, do departamento de Nutri\u00e7\u00e3o.<\/p>\n<p><strong>Leia tamb\u00e9m:<\/strong> \u201c<a href=\"https:\/\/www.bonsfluidos.com.br\/saude\/nova-cirurgia-para-tratamento-de-parkinson-e-realizada-no-brasil-saiba-mais.phtml\" rel=\"nofollow noopener\" target=\"_blank\">Nova cirurgia para tratamento de Parkinson ocorre no Brasil\u201d<\/a><\/p>\n","protected":false},"excerpt":{"rendered":"O caf\u00e9, t\u00e3o presente no dia a dia dos brasileiros, ganhou novas evid\u00eancias cient\u00edficas que refor\u00e7am seu potencial&hellip;\n","protected":false},"author":2,"featured_media":154124,"comment_status":"","ping_status":"","sticky":false,"template":"","format":"standard","meta":{"footnotes":""},"categories":[86],"tags":[11133,2373,1776,2137,116,1208,32,22913,33,117],"class_list":{"0":"post-154123","1":"post","2":"type-post","3":"status-publish","4":"format-standard","5":"has-post-thumbnail","7":"category-saude","8":"tag-bebida","9":"tag-cafe","10":"tag-cancer","11":"tag-cancer-de-prostata","12":"tag-health","13":"tag-medicina","14":"tag-portugal","15":"tag-prostata","16":"tag-pt","17":"tag-saude"},"share_on_mastodon":{"url":"https:\/\/pubeurope.com\/@pt\/115561102244132233","error":""},"_links":{"self":[{"href":"https:\/\/www.europesays.com\/pt\/wp-json\/wp\/v2\/posts\/154123","targetHints":{"allow":["GET"]}}],"collection":[{"href":"https:\/\/www.europesays.com\/pt\/wp-json\/wp\/v2\/posts"}],"about":[{"href":"https:\/\/www.europesays.com\/pt\/wp-json\/wp\/v2\/types\/post"}],"author":[{"embeddable":true,"href":"https:\/\/www.europesays.com\/pt\/wp-json\/wp\/v2\/users\/2"}],"replies":[{"embeddable":true,"href":"https:\/\/www.europesays.com\/pt\/wp-json\/wp\/v2\/comments?post=154123"}],"version-history":[{"count":0,"href":"https:\/\/www.europesays.com\/pt\/wp-json\/wp\/v2\/posts\/154123\/revisions"}],"wp:featuredmedia":[{"embeddable":true,"href":"https:\/\/www.europesays.com\/pt\/wp-json\/wp\/v2\/media\/154124"}],"wp:attachment":[{"href":"https:\/\/www.europesays.com\/pt\/wp-json\/wp\/v2\/media?parent=154123"}],"wp:term":[{"taxonomy":"category","embeddable":true,"href":"https:\/\/www.europesays.com\/pt\/wp-json\/wp\/v2\/categories?post=154123"},{"taxonomy":"post_tag","embeddable":true,"href":"https:\/\/www.europesays.com\/pt\/wp-json\/wp\/v2\/tags?post=154123"}],"curies":[{"name":"wp","href":"https:\/\/api.w.org\/{rel}","templated":true}]}}