{"id":154150,"date":"2025-11-16T20:10:17","date_gmt":"2025-11-16T20:10:17","guid":{"rendered":"https:\/\/www.europesays.com\/pt\/154150\/"},"modified":"2025-11-16T20:10:17","modified_gmt":"2025-11-16T20:10:17","slug":"amor-no-escurinho-da-noite-dylan-e-ines-trocam-beijos-apaixonados-no-meio-dos-edredoes-secret-story","status":"publish","type":"post","link":"https:\/\/www.europesays.com\/pt\/154150\/","title":{"rendered":"Amor no escurinho da noite: Dylan e In\u00eas trocam beijos apaixonados no meio dos edred\u00f5es &#8211; Secret Story"},"content":{"rendered":"<p>No Secret Story 9, Dylan e In\u00eas trocam beijos apaixonados na cama, no escurinho da noite e mostram-se mais c\u00famplices do que nunca.\u00a0<\/p>\n<p><strong>H\u00e1 cinco concorrentes em risco de abandonar a casa mais vigiada do Pa\u00eds no pr\u00f3ximo domingo.\u00a0<\/strong><\/p>\n<p>VOTE PARA SALVAR:<\/p>\n<p>ANA \u2013 761 20 20 01<br \/>ANA CRISTINA \u2013 761 20 20 02<br \/>DYLAN \u2013 761 20 20 07<br \/>LEANDRO \u2013 761 20 20 12<br \/>PEDRO &#8211; 761 20 20 18<\/p>\n<p><strong><a href=\"https:\/\/tvi.iol.pt\/secretstory\/aominuto\" rel=\"nofollow noopener\" target=\"_blank\">Acompanhe tudo o que se passa na casa mais vigiada do Pa\u00eds<\/a><\/strong><\/p>\n","protected":false},"excerpt":{"rendered":"No Secret Story 9, Dylan e In\u00eas trocam beijos apaixonados na cama, no escurinho da noite e mostram-se&hellip;\n","protected":false},"author":2,"featured_media":154151,"comment_status":"","ping_status":"","sticky":false,"template":"","format":"standard","meta":{"footnotes":""},"categories":[142],"tags":[19105,114,115,19033,15353,19034,32,33,151,19032],"class_list":{"0":"post-154150","1":"post","2":"type-post","3":"status-publish","4":"format-standard","5":"has-post-thumbnail","7":"category-tv","8":"tag-dylan","9":"tag-entertainment","10":"tag-entretenimento","11":"tag-galas-em-video","12":"tag-ines","13":"tag-melhores-momentos-casa-dos-segredos","14":"tag-portugal","15":"tag-pt","16":"tag-tv","17":"tag-videos-secret-story-tvi"},"share_on_mastodon":{"url":"https:\/\/pubeurope.com\/@pt\/115561196737639930","error":""},"_links":{"self":[{"href":"https:\/\/www.europesays.com\/pt\/wp-json\/wp\/v2\/posts\/154150","targetHints":{"allow":["GET"]}}],"collection":[{"href":"https:\/\/www.europesays.com\/pt\/wp-json\/wp\/v2\/posts"}],"about":[{"href":"https:\/\/www.europesays.com\/pt\/wp-json\/wp\/v2\/types\/post"}],"author":[{"embeddable":true,"href":"https:\/\/www.europesays.com\/pt\/wp-json\/wp\/v2\/users\/2"}],"replies":[{"embeddable":true,"href":"https:\/\/www.europesays.com\/pt\/wp-json\/wp\/v2\/comments?post=154150"}],"version-history":[{"count":0,"href":"https:\/\/www.europesays.com\/pt\/wp-json\/wp\/v2\/posts\/154150\/revisions"}],"wp:featuredmedia":[{"embeddable":true,"href":"https:\/\/www.europesays.com\/pt\/wp-json\/wp\/v2\/media\/154151"}],"wp:attachment":[{"href":"https:\/\/www.europesays.com\/pt\/wp-json\/wp\/v2\/media?parent=154150"}],"wp:term":[{"taxonomy":"category","embeddable":true,"href":"https:\/\/www.europesays.com\/pt\/wp-json\/wp\/v2\/categories?post=154150"},{"taxonomy":"post_tag","embeddable":true,"href":"https:\/\/www.europesays.com\/pt\/wp-json\/wp\/v2\/tags?post=154150"}],"curies":[{"name":"wp","href":"https:\/\/api.w.org\/{rel}","templated":true}]}}