{"id":154194,"date":"2025-11-16T20:44:12","date_gmt":"2025-11-16T20:44:12","guid":{"rendered":"https:\/\/www.europesays.com\/pt\/154194\/"},"modified":"2025-11-16T20:44:12","modified_gmt":"2025-11-16T20:44:12","slug":"sacrificios-lacos-quebrados-e-uma-cadeira-do-terror-vem-ai-mais-uma-gala-explosiva-secret-story","status":"publish","type":"post","link":"https:\/\/www.europesays.com\/pt\/154194\/","title":{"rendered":"Sacrif\u00edcios, la\u00e7os quebrados e uma cadeira do terror: Vem a\u00ed mais uma gala explosiva &#8211; Secret Story"},"content":{"rendered":"<p>Hoje \u00e9 noite de gala do <strong>Secret Story &#8211; Casa dos Segredos 9<\/strong>. <a href=\"https:\/\/tvi.iol.pt\/secretstory\/aominuto\" rel=\"nofollow noopener\" target=\"_blank\">Est\u00e1 preparado para mais uma emiss\u00e3o de emo\u00e7\u00f5es fortes onde tudo pode acontecer<\/a>? Contamos-lhe tudo o que pode esperar desta gala, em que a casa vai dizer adeus a mais um concorrente.\u00a0<\/p>\n<p>A G<strong>ala de hoje vai ser tudo menos um para\u00edso para alguns dos concorrentes<\/strong>! A noite est\u00e1 recheada de decis\u00f5es que v\u00e3o mexer com as alian\u00e7as. Ser\u00e1 que h\u00e1 amizades que v\u00e3o ser postas em causa? N\u00e3o pode mesmo perder.\u00a0<\/p>\n<p>Esta noite, os grupos v\u00e3o ter de sacrificar um dos membros&#8230; mas nem tudo \u00e9 o que parece! <strong>Ser\u00e1 que os &#8220;exclu\u00eddos&#8221; v\u00e3o ser na verdade os grandes privilegiados?<\/strong> N\u00e3o perca.<\/p>\n<p>A <strong>Voz vai colocar \u00e0 prova a agilidade e a rapidez dos concorrentes na prova da imunidade<\/strong>. Prepare-se para presenciar um momento ins\u00f3lito, em que s\u00f3 um vai ganhar a t\u00e3o ambicionada imunidade e garantir mais uma semana de estadia na casa mais vigiada do Pa\u00eds!<\/p>\n<p>Esta noite, <strong>uma cadeira vai atormentar os concorrentes durante a Gala!<\/strong> H\u00e1 consequ\u00eancias para quem l\u00e1 passar&#8230; e prometem mexer com toda a casa!\u00a0<\/p>\n<p>\n  \u00a0\n<\/p>\n<p><strong>Hoje \u00e9 noite de gala e h\u00e1 cinco concorrentes em risco de abandonar a casa mais vigiada do Pa\u00eds no pr\u00f3ximo domingo.<\/strong><\/p>\n<p><strong>VOTE PARA SALVAR:<\/strong><\/p>\n<p>ANA \u2013 761 20 20 01<\/p>\n<p>ANA CRISTINA \u2013 761 20 20 02<\/p>\n<p>DYLAN \u2013 761 20 20 07<\/p>\n<p>LEANDRO \u2013 761 20 20 12<\/p>\n<p>PEDRO &#8211; 761 20 20 18<\/p>\n","protected":false},"excerpt":{"rendered":"Hoje \u00e9 noite de gala do Secret Story &#8211; Casa dos Segredos 9. Est\u00e1 preparado para mais uma&hellip;\n","protected":false},"author":2,"featured_media":154195,"comment_status":"","ping_status":"","sticky":false,"template":"","format":"standard","meta":{"footnotes":""},"categories":[85],"tags":[166,114,115,330,18800,32,33,1315,162,18801],"class_list":{"0":"post-154194","1":"post","2":"type-post","3":"status-publish","4":"format-standard","5":"has-post-thumbnail","7":"category-entretenimento","8":"tag-cristina-ferreira","9":"tag-entertainment","10":"tag-entretenimento","11":"tag-gala","12":"tag-momentos-virais-secret-story","13":"tag-portugal","14":"tag-pt","15":"tag-secret-story","16":"tag-tvi","17":"tag-videos-virais-concorrentes"},"share_on_mastodon":{"url":"https:\/\/pubeurope.com\/@pt\/115561330395568519","error":""},"_links":{"self":[{"href":"https:\/\/www.europesays.com\/pt\/wp-json\/wp\/v2\/posts\/154194","targetHints":{"allow":["GET"]}}],"collection":[{"href":"https:\/\/www.europesays.com\/pt\/wp-json\/wp\/v2\/posts"}],"about":[{"href":"https:\/\/www.europesays.com\/pt\/wp-json\/wp\/v2\/types\/post"}],"author":[{"embeddable":true,"href":"https:\/\/www.europesays.com\/pt\/wp-json\/wp\/v2\/users\/2"}],"replies":[{"embeddable":true,"href":"https:\/\/www.europesays.com\/pt\/wp-json\/wp\/v2\/comments?post=154194"}],"version-history":[{"count":0,"href":"https:\/\/www.europesays.com\/pt\/wp-json\/wp\/v2\/posts\/154194\/revisions"}],"wp:featuredmedia":[{"embeddable":true,"href":"https:\/\/www.europesays.com\/pt\/wp-json\/wp\/v2\/media\/154195"}],"wp:attachment":[{"href":"https:\/\/www.europesays.com\/pt\/wp-json\/wp\/v2\/media?parent=154194"}],"wp:term":[{"taxonomy":"category","embeddable":true,"href":"https:\/\/www.europesays.com\/pt\/wp-json\/wp\/v2\/categories?post=154194"},{"taxonomy":"post_tag","embeddable":true,"href":"https:\/\/www.europesays.com\/pt\/wp-json\/wp\/v2\/tags?post=154194"}],"curies":[{"name":"wp","href":"https:\/\/api.w.org\/{rel}","templated":true}]}}