{"id":154210,"date":"2025-11-16T20:56:17","date_gmt":"2025-11-16T20:56:17","guid":{"rendered":"https:\/\/www.europesays.com\/pt\/154210\/"},"modified":"2025-11-16T20:56:17","modified_gmt":"2025-11-16T20:56:17","slug":"jogador-campeao-pelo-benfica-opta-pela-quarta-divisao-brasileira-em-vez-da-segunda-divisao-espanhola","status":"publish","type":"post","link":"https:\/\/www.europesays.com\/pt\/154210\/","title":{"rendered":"Jogador campe\u00e3o pelo Benfica opta pela quarta divis\u00e3o brasileira em vez da segunda divis\u00e3o espanhola"},"content":{"rendered":"<p>&#8211; Advertisement &#8211;<\/p>\n<p>Gabriel Pires optou por aceitar a proposta do Portuguesa de S\u00e3o Paulo, em vez de se juntar ao Sporting Gij\u00f3n, da segunda divis\u00e3o espanhola. O ex-<a href=\"https:\/\/bolanarede.pt\/etiqueta\/benfica\/\" target=\"_blank\" rel=\"noreferrer noopener nofollow\">Benfica <\/a>estava livre no mercado ap\u00f3s ter terminado contrato com o Panserraikos.<\/p>\n<p>O acordo entre o m\u00e9dio de 32 anos e o <a href=\"https:\/\/bolanarede.pt\/etiqueta\/sporting-gijon\/\" target=\"_blank\" rel=\"noreferrer noopener nofollow\">Sporting Gij\u00f3n<\/a> n\u00e3o se concretizou devido a diverg\u00eancias financeiras, e pouco tempo depois, Gabriel Pires surpreende e junta-se ao Portuguesa de S\u00e3o Paulo, clube da Serie D do Brasil, equivalente \u00e0 quarta divis\u00e3o brasileira.<\/p>\n<p>\u00abO projeto chamou-me \u00e0 aten\u00e7\u00e3o, assim como a hip\u00f3tese de disputar o Paulist\u00e3o, uma competi\u00e7\u00e3o muito forte. \u00c9 uma oportunidade de voltar a demonstrar o meu futebol. Os adeptos podem esperar dedica\u00e7\u00e3o e entrega total\u00bb, afirmou o jogador, durante a sua apresenta\u00e7\u00e3o no novo clube.<\/p>\n","protected":false},"excerpt":{"rendered":"&#8211; Advertisement &#8211; Gabriel Pires optou por aceitar a proposta do Portuguesa de S\u00e3o Paulo, em vez de&hellip;\n","protected":false},"author":2,"featured_media":154211,"comment_status":"","ping_status":"","sticky":false,"template":"","format":"standard","meta":{"footnotes":""},"categories":[87],"tags":[260,135,33243,32,31596,33,8435,134],"class_list":{"0":"post-154210","1":"post","2":"type-post","3":"status-publish","4":"format-standard","5":"has-post-thumbnail","7":"category-desporto","8":"tag-atualidade","9":"tag-desporto","10":"tag-gabriel-pires","11":"tag-portugal","12":"tag-portuguesa","13":"tag-pt","14":"tag-sporting-gijon","15":"tag-sports"},"share_on_mastodon":{"url":"https:\/\/pubeurope.com\/@pt\/115561377701835479","error":""},"_links":{"self":[{"href":"https:\/\/www.europesays.com\/pt\/wp-json\/wp\/v2\/posts\/154210","targetHints":{"allow":["GET"]}}],"collection":[{"href":"https:\/\/www.europesays.com\/pt\/wp-json\/wp\/v2\/posts"}],"about":[{"href":"https:\/\/www.europesays.com\/pt\/wp-json\/wp\/v2\/types\/post"}],"author":[{"embeddable":true,"href":"https:\/\/www.europesays.com\/pt\/wp-json\/wp\/v2\/users\/2"}],"replies":[{"embeddable":true,"href":"https:\/\/www.europesays.com\/pt\/wp-json\/wp\/v2\/comments?post=154210"}],"version-history":[{"count":0,"href":"https:\/\/www.europesays.com\/pt\/wp-json\/wp\/v2\/posts\/154210\/revisions"}],"wp:featuredmedia":[{"embeddable":true,"href":"https:\/\/www.europesays.com\/pt\/wp-json\/wp\/v2\/media\/154211"}],"wp:attachment":[{"href":"https:\/\/www.europesays.com\/pt\/wp-json\/wp\/v2\/media?parent=154210"}],"wp:term":[{"taxonomy":"category","embeddable":true,"href":"https:\/\/www.europesays.com\/pt\/wp-json\/wp\/v2\/categories?post=154210"},{"taxonomy":"post_tag","embeddable":true,"href":"https:\/\/www.europesays.com\/pt\/wp-json\/wp\/v2\/tags?post=154210"}],"curies":[{"name":"wp","href":"https:\/\/api.w.org\/{rel}","templated":true}]}}