{"id":154225,"date":"2025-11-16T21:07:12","date_gmt":"2025-11-16T21:07:12","guid":{"rendered":"https:\/\/www.europesays.com\/pt\/154225\/"},"modified":"2025-11-16T21:07:12","modified_gmt":"2025-11-16T21:07:12","slug":"dona-de-mim-jaques-surta-improvisa-e-tenta-manter-a-pose-enquanto-tudo-desmorona-ao-redor","status":"publish","type":"post","link":"https:\/\/www.europesays.com\/pt\/154225\/","title":{"rendered":"&#8216;Dona de Mim&#8217;: Jaques surta, improvisa e tenta manter a pose enquanto tudo desmorona ao redor"},"content":{"rendered":"<p data-end=\"857\" data-start=\"459\">A semana promete para Jaques \u2014 e promete justamente aquilo que ele mais gosta: caos criado por ele mesmo. Na segunda-feira (17), o empres\u00e1rio parte para o cl\u00e1ssico \u201ceu mando, voc\u00ea obedece\u201d ao amea\u00e7ar Danilo por revelar a Filipa que ele age por puro interesse. Irritado com as desconfian\u00e7as de Samuel, Jaques segue tentando manter o controle\u2026 aquele controle imagin\u00e1rio que s\u00f3 existe na cabe\u00e7a dele.<\/p>\n<p><strong>Fa\u00e7a parte do grupo do Di\u00e1rio no <\/strong><a href=\"https:\/\/bit.ly\/CanalDiarioDoLitoral\" target=\"_blank\" rel=\"nofollow noopener\">WhatsApp<\/a> <strong>e<\/strong> <a href=\"https:\/\/t.me\/diariodolitoral\" target=\"_blank\" rel=\"nofollow\">Telegram<\/a><strong>.<br \/>Mantenha-se bem informado.<\/strong><\/p>\n<p data-end=\"1216\" data-start=\"859\">Na ter\u00e7a-feira (18), Jaques recusa a sopa feita por Filipa como quem nega um jantar de luxo por \u201cquest\u00f5es pessoais\u201d, sem desconfiar que ela est\u00e1 t\u00e3o calma que at\u00e9 assusta. Quando finalmente decide comer, cai no sono gra\u00e7as aos rem\u00e9dios colocados por ela. Ao despertar, encontra Filipa ao seu lado \u2014 e fica com aquela cara de \u201conde foi que perdi o roteiro?\u201d.\n\t\t\t<\/p>\n<p class=\"texto-continue listagem-detalhe\">Continua depois da publicidade<\/p>\n<p data-end=\"1547\" data-start=\"1218\">Na quarta-feira (19), Filipa finge que os dois passaram a noite juntos, e Jaques simplesmente trava: confuso, desconfiado e com o ego tentando calcular se aquilo era vit\u00f3ria, derrota ou golpe. Mauro ainda o alerta sobre a visita de Leo e Filipa a Ricardo, deixando Jaques completamente paranoico com a chance de ser desmascarado.<\/p>\n<p data-end=\"1875\" data-start=\"1549\">Na quinta-feira (20), Jaques se irrita ao ouvir Filipa questionar sua culpa na morte de Abel \u2014 nada como jogar gasolina na fogueira emocional dele. Em seguida, declara ser o verdadeiro dono de tudo que foi de Abel, como quem d\u00e1 entrevista exclusiva para o pr\u00f3prio espelho. A rea\u00e7\u00e3o revoltada de Filipa s\u00f3 aumenta seu inc\u00f4modo.\n\t\t\t<\/p>\n<p class=\"texto-continue listagem-detalhe\">Continua depois da publicidade<\/p>\n<p data-end=\"2158\" data-start=\"1877\">Na sexta-feira (21), ele passa a desconfiar ainda mais da ex ao notar seu comportamento provocador durante a aula de teatro. Jaques tenta manter a fachada de homem seguro, elegante e no controle \u2014 mas por dentro est\u00e1 acuado, cada vez mais consciente de que a mar\u00e9 virou contra ele.<\/p>\n<p data-end=\"2440\" data-start=\"2160\">E no s\u00e1bado (22), ele acompanha Filipa ao hospital e, ao reconhecer o perfume de T\u00e2nia no ar, liga todos os alertas internos que possui (e mais alguns que inventou na hora). Jaques percebe que h\u00e1 movimentos acontecendo nos bastidores \u2014 e que sua t\u00e3o amada m\u00e1scara est\u00e1 por um fio.<\/p>\n<p>Resumo da obra<\/p>\n<p data-end=\"2440\" data-start=\"2160\">Durante a semana, Jaques se v\u00ea cercado por acusa\u00e7\u00f5es, manipula\u00e7\u00f5es e armadilhas criadas por Filipa, enquanto tenta manter a postura de quem sabe exatamente o que est\u00e1 fazendo. Ele amea\u00e7a Danilo, cai no golpe da sopa adulterada, acorda confuso ao lado da ex e se irrita com suspeitas relacionadas a Abel.\n\t\t\t<\/p>\n<p class=\"texto-continue listagem-detalhe\">Continua depois da publicidade<\/p>\n<p data-end=\"2440\" data-start=\"2160\">\u00c0 medida que Filipa o provoca e aliados se movimentam, Jaques percebe que est\u00e1 sendo encurralado. O perfume de T\u00e2nia no hospital refor\u00e7a sua paranoia: sua imagem de controle est\u00e1 perto de ruir por completo.<\/p>\n<p>Confira algumas imagens de Jaques<\/p>\n<p><img decoding=\"async\" src=\"https:\/\/www.diariodolitoral.com.br\/application\/themes\/diariodolitoral.com.br\/images\/icone_arrow_2.svg\" loading=\"lazy\" alt=\"Anterior\" class=\"seta-galeria\"\/><img decoding=\"async\" src=\"https:\/\/www.diariodolitoral.com.br\/application\/themes\/diariodolitoral.com.br\/images\/icone_arrow_1.svg\" loading=\"lazy\" alt=\"Pr\u00f3xima\" class=\"seta-galeria\"\/><\/p>\n<p>\u201cDona de Mim\u201d \u00e9 uma obra de Rosane Svartman, com dire\u00e7\u00e3o de Allan Fiterman.<\/p>\n<p>Relembre os \u00faltimos cap\u00edtulos<\/p>\n<blockquote class=\"twitter-tweet\" data-media-max-width=\"560\"><p>&#13;<\/p>\n<p dir=\"ltr\" lang=\"pt\">Olha elee! T\u00e3o bom mo\u00e7o Filipa t\u00e1 abrindo o olho pro seu lado, Jaques <a href=\"https:\/\/twitter.com\/hashtag\/DonaDeMim?src=hash&amp;ref_src=twsrc%5Etfw\" rel=\"nofollow noopener\" target=\"_blank\">#DonaDeMim<\/a> <a href=\"https:\/\/t.co\/C8BShmtSAE\" rel=\"nofollow\">pic.twitter.com\/C8BShmtSAE<\/a>\n\t\t\t<\/p>\n<p class=\"texto-continue listagem-detalhe\">Continua depois da publicidade<\/p>\n<p>\t&#13;<br \/>\n\u2014 <a href=\"https:\/\/www.diariodolitoral.com.br\/tags\/tv\/\" rel=\"nofollow noopener\" target=\"_blank\">TV<\/a> Globo (@tvglobo) <a href=\"https:\/\/twitter.com\/tvglobo\/status\/1988741063326990744?ref_src=twsrc%5Etfw\" rel=\"nofollow noopener\" target=\"_blank\">November 12, 2025<\/a><\/p><\/blockquote>\n<blockquote class=\"twitter-tweet\" data-media-max-width=\"560\"><p>&#13;<\/p>\n<p dir=\"ltr\" lang=\"pt\">&#8220;Por que o espanto?&#8221; \ufe0f EITAAA, Jaques, vai responder o que agora? <a href=\"https:\/\/twitter.com\/hashtag\/DonaDeMim?src=hash&amp;ref_src=twsrc%5Etfw\" rel=\"nofollow noopener\" target=\"_blank\">#DonaDeMim<\/a> <a href=\"https:\/\/t.co\/ypyprzaM19\" rel=\"nofollow\">pic.twitter.com\/ypyprzaM19<\/a><\/p>\n<p>&#13;<br \/>\n\u2014 TV Globo (@tvglobo) <a href=\"https:\/\/twitter.com\/tvglobo\/status\/1988743385268817935?ref_src=twsrc%5Etfw\" rel=\"nofollow noopener\" target=\"_blank\">November 12, 2025<\/a><\/p><\/blockquote>\n<p>Os cap\u00edtulos de \u201cDona de Mim\u201d s\u00e3o fornecidos pela emissora e est\u00e3o sujeitos a altera\u00e7\u00e3o.<\/p>\n<p>Acompanhe os resumos das suas <a href=\"https:\/\/www.diariodolitoral.com.br\/tags\/novelas\/\" rel=\"nofollow noopener\" target=\"_blank\">novelas<\/a> favoritas aqui no Di\u00e1rio do Litoral.\n\t\t\t<\/p>\n<p class=\"texto-continue listagem-detalhe\">Continua depois da publicidade<\/p>\n<p>\t\t\t\t\t\t\t\t\t<script async src=\"https:\/\/platform.twitter.com\/widgets.js\" charset=\"utf-8\"><\/script><\/p>\n","protected":false},"excerpt":{"rendered":"A semana promete para Jaques \u2014 e promete justamente aquilo que ele mais gosta: caos criado por ele&hellip;\n","protected":false},"author":2,"featured_media":154226,"comment_status":"","ping_status":"","sticky":false,"template":"","format":"standard","meta":{"footnotes":""},"categories":[142],"tags":[114,115,753,161,32,33,151],"class_list":{"0":"post-154225","1":"post","2":"type-post","3":"status-publish","4":"format-standard","5":"has-post-thumbnail","7":"category-tv","8":"tag-entertainment","9":"tag-entretenimento","10":"tag-globo","11":"tag-novelas","12":"tag-portugal","13":"tag-pt","14":"tag-tv"},"share_on_mastodon":{"url":"https:\/\/pubeurope.com\/@pt\/115561421171959116","error":""},"_links":{"self":[{"href":"https:\/\/www.europesays.com\/pt\/wp-json\/wp\/v2\/posts\/154225","targetHints":{"allow":["GET"]}}],"collection":[{"href":"https:\/\/www.europesays.com\/pt\/wp-json\/wp\/v2\/posts"}],"about":[{"href":"https:\/\/www.europesays.com\/pt\/wp-json\/wp\/v2\/types\/post"}],"author":[{"embeddable":true,"href":"https:\/\/www.europesays.com\/pt\/wp-json\/wp\/v2\/users\/2"}],"replies":[{"embeddable":true,"href":"https:\/\/www.europesays.com\/pt\/wp-json\/wp\/v2\/comments?post=154225"}],"version-history":[{"count":0,"href":"https:\/\/www.europesays.com\/pt\/wp-json\/wp\/v2\/posts\/154225\/revisions"}],"wp:featuredmedia":[{"embeddable":true,"href":"https:\/\/www.europesays.com\/pt\/wp-json\/wp\/v2\/media\/154226"}],"wp:attachment":[{"href":"https:\/\/www.europesays.com\/pt\/wp-json\/wp\/v2\/media?parent=154225"}],"wp:term":[{"taxonomy":"category","embeddable":true,"href":"https:\/\/www.europesays.com\/pt\/wp-json\/wp\/v2\/categories?post=154225"},{"taxonomy":"post_tag","embeddable":true,"href":"https:\/\/www.europesays.com\/pt\/wp-json\/wp\/v2\/tags?post=154225"}],"curies":[{"name":"wp","href":"https:\/\/api.w.org\/{rel}","templated":true}]}}