{"id":154257,"date":"2025-11-16T21:28:17","date_gmt":"2025-11-16T21:28:17","guid":{"rendered":"https:\/\/www.europesays.com\/pt\/154257\/"},"modified":"2025-11-16T21:28:17","modified_gmt":"2025-11-16T21:28:17","slug":"da-poltrona-aos-armarios-reunimos-os-melhores-achados-da-ikea-em-segunda-mao","status":"publish","type":"post","link":"https:\/\/www.europesays.com\/pt\/154257\/","title":{"rendered":"Da poltrona aos arm\u00e1rios, reunimos os melhores achados da Ikea em segunda m\u00e3o"},"content":{"rendered":"<p>Para mobiliar e decorar uma casa, a maioria das pessoas, quer tenha, ou n\u00e3o, um or\u00e7amento mais limitado, <a href=\"https:\/\/versa.iol.pt\/casa\/ikea\/das-almofadas-ao-candeeiro-ha-5-artigos-ikea-que-nao-parecem-ikea\/20251027\/68ffae41d34ee0c2fed1bbb4\" rel=\"nofollow noopener\" target=\"_blank\">acaba por fazer muitas compras na Ikea.<\/a> Muitos esquecem-se que a marca sueca tem um marketplace com pe\u00e7as em segunda m\u00e3o.\u00a0<\/p>\n<p>\u00c9 uma plataforma chamada <a href=\"https:\/\/preowned.ikea.com\/pt\/pt\" target=\"_blank\" rel=\"nofollow noopener\">Ikea Preowned<\/a> e permite comprar e vender pe\u00e7as da marca usadas, tal como o nome indica, mas, claro, ainda em bom estado. Isto significa que encontras certos artigos a metade do pre\u00e7o ou com um bom desconto e, normalmente, quase sem sinais de uso.\u00a0<\/p>\n<p>Fomos espreitar o que est\u00e1 dispon\u00edvel neste momento e sa\u00edmos com uma lista de favoritos que inclui, entre muitas outras coisas, uma secret\u00e1ria simples, em branco e com gavetas; assim como um camiseiro de uma das linhas mais populares da marca: a\u00a0BEST\u00c5.\u00a0<\/p>\n<p>Tamb\u00e9m descobrimos <a href=\"https:\/\/versa.iol.pt\/continente\/poltrona\/poupas-100-euros-com-a-poltrona-do-continente-que-parece-da-zara-home\/20251031\/6900bbdfd34ee0c2fed1c34e\" rel=\"nofollow noopener\" target=\"_blank\">uma poltrona<\/a> da marca, com almofadas em branco, e com um grande desconto: nova fica por \u20ac204 e em segunda m\u00e3o fica por \u20ac45.\u00a0<\/p>\n<p>Curioso? Espreita a galeria de imagens para analisares a nossa lista de favoritos.\u00a0<\/p>\n","protected":false},"excerpt":{"rendered":"Para mobiliar e decorar uma casa, a maioria das pessoas, quer tenha, ou n\u00e3o, um or\u00e7amento mais limitado,&hellip;\n","protected":false},"author":2,"featured_media":154258,"comment_status":"","ping_status":"","sticky":false,"template":"","format":"standard","meta":{"footnotes":""},"categories":[83],"tags":[1081,88,1875,204,89,90,754,3511,186,2018,1079,32,33,33249,1078,1080],"class_list":{"0":"post-154257","1":"post","2":"type-post","3":"status-publish","4":"format-standard","5":"has-post-thumbnail","7":"category-empresas","8":"tag-beleza","9":"tag-business","10":"tag-decoracao","11":"tag-design","12":"tag-economy","13":"tag-empresas","14":"tag-gastronomia","15":"tag-ikea","16":"tag-lifestyle","17":"tag-mobilia","18":"tag-moda","19":"tag-portugal","20":"tag-pt","21":"tag-segunda-mao","22":"tag-versa","23":"tag-viagens"},"share_on_mastodon":{"url":"https:\/\/pubeurope.com\/@pt\/115561503309900776","error":""},"_links":{"self":[{"href":"https:\/\/www.europesays.com\/pt\/wp-json\/wp\/v2\/posts\/154257","targetHints":{"allow":["GET"]}}],"collection":[{"href":"https:\/\/www.europesays.com\/pt\/wp-json\/wp\/v2\/posts"}],"about":[{"href":"https:\/\/www.europesays.com\/pt\/wp-json\/wp\/v2\/types\/post"}],"author":[{"embeddable":true,"href":"https:\/\/www.europesays.com\/pt\/wp-json\/wp\/v2\/users\/2"}],"replies":[{"embeddable":true,"href":"https:\/\/www.europesays.com\/pt\/wp-json\/wp\/v2\/comments?post=154257"}],"version-history":[{"count":0,"href":"https:\/\/www.europesays.com\/pt\/wp-json\/wp\/v2\/posts\/154257\/revisions"}],"wp:featuredmedia":[{"embeddable":true,"href":"https:\/\/www.europesays.com\/pt\/wp-json\/wp\/v2\/media\/154258"}],"wp:attachment":[{"href":"https:\/\/www.europesays.com\/pt\/wp-json\/wp\/v2\/media?parent=154257"}],"wp:term":[{"taxonomy":"category","embeddable":true,"href":"https:\/\/www.europesays.com\/pt\/wp-json\/wp\/v2\/categories?post=154257"},{"taxonomy":"post_tag","embeddable":true,"href":"https:\/\/www.europesays.com\/pt\/wp-json\/wp\/v2\/tags?post=154257"}],"curies":[{"name":"wp","href":"https:\/\/api.w.org\/{rel}","templated":true}]}}