{"id":15429,"date":"2025-08-04T11:36:07","date_gmt":"2025-08-04T11:36:07","guid":{"rendered":"https:\/\/www.europesays.com\/pt\/15429\/"},"modified":"2025-08-04T11:36:07","modified_gmt":"2025-08-04T11:36:07","slug":"jade-picon-busca-testes-para-voltar-as-novelas-da-globo-04-08-2025-outro-canal","status":"publish","type":"post","link":"https:\/\/www.europesays.com\/pt\/15429\/","title":{"rendered":"Jade Picon busca testes para voltar \u00e0s novelas da Globo &#8211; 04\/08\/2025 &#8211; Outro Canal"},"content":{"rendered":"<p>\n<strong class=\"c-signature__location\">Aracaju <\/strong>\n<\/p>\n<p>A influenciadora <a href=\"https:\/\/www1.folha.uol.com.br\/folha-topicos\/jade-picon\/\" rel=\"nofollow noopener\" target=\"_blank\">Jade Picon<\/a> est\u00e1 buscando novas oportunidades como atriz na <a href=\"https:\/\/www1.folha.uol.com.br\/folha-topicos\/globo\/\" rel=\"nofollow noopener\" target=\"_blank\">Globo<\/a>. Ap\u00f3s tr\u00eas anos longe das novelas, ela atualizou seu banco de cadastro na empresa e pretende fazer testes para as pr\u00f3ximas produ\u00e7\u00f5es do canal.<\/p>\n<p>Segundo apurou a coluna, Jade manifestou interesse em voltar \u00e0s novelas em 2026 e procurou a emissora para se informar sobre projetos futuros. Uma prova de que Jade est\u00e1 dedicada a retornar \u00e0 TV s\u00e3o alguns movimentos recentes feitos por ela.<\/p>\n<p><a href=\"https:\/\/f5.folha.uol.com.br\/celebridades\/2025\/04\/jade-picon-diz-se-equilibrar-entre-o-seja-o-que-deus-quiser-e-a-autopreservacao.shtml\" rel=\"nofollow noopener\" target=\"\">No \u00faltimo m\u00eas de junho, a influenciadora fez parte de uma oficina de novos atores<\/a> realizada pela emissora para desenvolver, aprimorar e descobrir novos talentos da atua\u00e7\u00e3o.<\/p>\n<p>Entre os nomes que estiveram no workshop promovido pela \u00e1rea de dramaturgia da emissora, est\u00e3o a funkeira MC Carol, a atriz Benedita Cas\u00e9, filha de Regina Cas\u00e9 e do artista pl\u00e1stico Luiz Zerbini; e Ant\u00f4nio Ben\u00edcio, filho dos atores Murilo Ben\u00edcio e Alessandra Negrini.<\/p>\n<p>Jade j\u00e1 era uma personalidade conhecida em 2022 por causa de seu sucesso na internet. No mesmo ano foi convidada a participar do BBB 22. Por l\u00e1, foi uma das protagonistas de sua edi\u00e7\u00e3o.<\/p>\n<p>Por causa do \u00eaxito no reality show, ela foi convidada para ser uma das protagonistas de &#8220;Travessia&#8221;, novela das nove que foi escrita por Gloria Perez. <a href=\"https:\/\/f5.folha.uol.com.br\/colunistas\/cristina-padiglione\/2022\/10\/jade-picon-ja-rende-lucros-a-globo-em-sua-estreia-como-atriz.shtml\" rel=\"nofollow noopener\" target=\"\">Por l\u00e1, foi criticada como a mimada Chiara, mas deu frutos publicit\u00e1rios para a emissora. <\/a><\/p>\n<p>Neste ano, Jade Picon gravou participa\u00e7\u00e3o no filme &#8220;Cinco J\u00falias&#8221;, que chega aos cinemas brasileiros no segundo semestre.<\/p>\n<p>Est\u00e3o previstos para 2026 testes para a <a href=\"https:\/\/www1.folha.uol.com.br\/folha-topicos\/novela\/\" rel=\"nofollow noopener\" target=\"_blank\">novela<\/a> das seis &#8220;Nobreza do Amor&#8221; (t\u00edtulo provis\u00f3rio), que substituir\u00e1 &#8220;\u00cata Mundo Melhor&#8221;; e a trama das nove assinada por Walcyr Carrasco, que entra no lugar de &#8220;Tr\u00eas Gra\u00e7as&#8221; em maio do ano que vem.<\/p>\n<p>  <a href=\"https:\/\/f5.folha.uol.com.br\/colunistas\/outro-canal\/\" rel=\"nofollow noopener\" target=\"_blank\"><br \/>\n    <img decoding=\"async\" src=\"https:\/\/www.europesays.com\/pt\/wp-content\/uploads\/2025\/07\/172599691166e09f6f54fe2_1725996911_1x1_xs.jpg\" alt=\"Foto de Outro Canal\" class=\"img-responsive c-lazyload\"\/><\/p>\n<p>  <\/a><\/p>\n<p class=\"author__description\">\n    Cobre diariamente os bastidores das novelas, do telejornalismo e da m\u00eddia esportiva. Tem como titular o jornalista Gabriel Vaquer\n  <\/p>\n","protected":false},"excerpt":{"rendered":"Aracaju A influenciadora Jade Picon est\u00e1 buscando novas oportunidades como atriz na Globo. Ap\u00f3s tr\u00eas anos longe das&hellip;\n","protected":false},"author":2,"featured_media":15430,"comment_status":"","ping_status":"","sticky":false,"template":"","format":"standard","meta":{"footnotes":""},"categories":[142],"tags":[219,935,211,223,114,115,224,225,226,753,221,220,222,6113,2931,32,33,2566,218,228,151,227],"class_list":{"0":"post-15429","1":"post","2":"type-post","3":"status-publish","4":"format-standard","5":"has-post-thumbnail","7":"category-tv","8":"tag-bichos","9":"tag-canais-de-tv","10":"tag-celebridades","11":"tag-colunistas","12":"tag-entertainment","13":"tag-entretenimento","14":"tag-estranho","15":"tag-eu-amo","16":"tag-fofices","17":"tag-globo","18":"tag-horoscopo","19":"tag-humanos","20":"tag-humor","21":"tag-jade-picon","22":"tag-novela","23":"tag-portugal","24":"tag-pt","25":"tag-televiso","26":"tag-televisao","27":"tag-tudo","28":"tag-tv","29":"tag-videos"},"share_on_mastodon":{"url":"","error":""},"_links":{"self":[{"href":"https:\/\/www.europesays.com\/pt\/wp-json\/wp\/v2\/posts\/15429","targetHints":{"allow":["GET"]}}],"collection":[{"href":"https:\/\/www.europesays.com\/pt\/wp-json\/wp\/v2\/posts"}],"about":[{"href":"https:\/\/www.europesays.com\/pt\/wp-json\/wp\/v2\/types\/post"}],"author":[{"embeddable":true,"href":"https:\/\/www.europesays.com\/pt\/wp-json\/wp\/v2\/users\/2"}],"replies":[{"embeddable":true,"href":"https:\/\/www.europesays.com\/pt\/wp-json\/wp\/v2\/comments?post=15429"}],"version-history":[{"count":0,"href":"https:\/\/www.europesays.com\/pt\/wp-json\/wp\/v2\/posts\/15429\/revisions"}],"wp:featuredmedia":[{"embeddable":true,"href":"https:\/\/www.europesays.com\/pt\/wp-json\/wp\/v2\/media\/15430"}],"wp:attachment":[{"href":"https:\/\/www.europesays.com\/pt\/wp-json\/wp\/v2\/media?parent=15429"}],"wp:term":[{"taxonomy":"category","embeddable":true,"href":"https:\/\/www.europesays.com\/pt\/wp-json\/wp\/v2\/categories?post=15429"},{"taxonomy":"post_tag","embeddable":true,"href":"https:\/\/www.europesays.com\/pt\/wp-json\/wp\/v2\/tags?post=15429"}],"curies":[{"name":"wp","href":"https:\/\/api.w.org\/{rel}","templated":true}]}}