{"id":154293,"date":"2025-11-16T22:07:08","date_gmt":"2025-11-16T22:07:08","guid":{"rendered":"https:\/\/www.europesays.com\/pt\/154293\/"},"modified":"2025-11-16T22:07:08","modified_gmt":"2025-11-16T22:07:08","slug":"mais-de-17-mil-imoveis-sao-vistoriados-em-acoes-de-combate-a-dengue","status":"publish","type":"post","link":"https:\/\/www.europesays.com\/pt\/154293\/","title":{"rendered":"Mais de 17 mil im\u00f3veis s\u00e3o vistoriados em a\u00e7\u00f5es de combate \u00e0 dengue"},"content":{"rendered":"<p>A Vigil\u00e2ncia em Sa\u00fade Ambiental, coordenada por Sandro Robbi e pelo secret\u00e1rio de Sa\u00fade Ricardo Minosso, vem refor\u00e7ando o trabalho de preven\u00e7\u00e3o e controle do Aedes aegypti em todo o munic\u00edpio. As equipes realizam a\u00e7\u00f5es cont\u00ednuas de inspe\u00e7\u00e3o, monitoramento e elimina\u00e7\u00e3o de focos do mosquito transmissor da dengue, chikungunya e zika. Entre as principais atividades est\u00e3o visitas domiciliares, orienta\u00e7\u00f5es \u00e0 popula\u00e7\u00e3o, elimina\u00e7\u00e3o de criadouros e identifica\u00e7\u00e3o laboratorial de larvas.&#13;\n<\/p>\n<p>De acordo com o balan\u00e7o divulgado, entre 1\u00ba de janeiro e 7 de novembro de 2025, foram visitados 17.423 im\u00f3veis, dos quais 457 apresentaram focos positivos do Aedes aegypti. Ao todo, foram encontrados 896 recipientes com presen\u00e7a de larvas, resultando na identifica\u00e7\u00e3o de 4.852 larvas, sendo 2.823 positivas para o mosquito. Al\u00e9m disso, 1.110 recipientes passaram por controle mec\u00e2nico para elimina\u00e7\u00e3o dos poss\u00edveis criadouros.&#13;\n<\/p>\n<p>Os recipientes com maior \u00edndice de positividade foram latas, frascos e pl\u00e1sticos utiliz\u00e1veis, vasos de planta com \u00e1gua, baldes, regadores, pneus, pratos e pingadeiras &#8211; todos itens que costumam acumular \u00e1gua parada e se tornam ambientes ideais para o desenvolvimento do inseto.&#13;\n<\/p>\n<p>Para a Secretaria de Sa\u00fade, os n\u00fameros refor\u00e7am a necessidade de manter a popula\u00e7\u00e3o engajada nas a\u00e7\u00f5es de preven\u00e7\u00e3o, eliminando objetos que possam acumular \u00e1gua e servindo de criadouro para o mosquito. A Vigil\u00e2ncia em Sa\u00fade Ambiental seguir\u00e1 com o monitoramento constante e com campanhas educativas para reduzir a infesta\u00e7\u00e3o e prevenir a transmiss\u00e3o da dengue no munic\u00edpio.                        <\/p>\n","protected":false},"excerpt":{"rendered":"A Vigil\u00e2ncia em Sa\u00fade Ambiental, coordenada por Sandro Robbi e pelo secret\u00e1rio de Sa\u00fade Ricardo Minosso, vem refor\u00e7ando&hellip;\n","protected":false},"author":2,"featured_media":154294,"comment_status":"","ping_status":"","sticky":false,"template":"","format":"standard","meta":{"footnotes":""},"categories":[86],"tags":[1896,33259,33260,33256,33258,1891,116,33257,13586,11086,32,1461,33,117,896,33255],"class_list":{"0":"post-154293","1":"post","2":"type-post","3":"status-publish","4":"format-standard","5":"has-post-thumbnail","7":"category-saude","8":"tag-aedes-aegypti","9":"tag-agentes-de-endemias","10":"tag-campanhas-educativas","11":"tag-combate-ao-mosquito","12":"tag-criadouros","13":"tag-dengue","14":"tag-health","15":"tag-inspecoes-domiciliares","16":"tag-larvas","17":"tag-monitoramento","18":"tag-portugal","19":"tag-prevencao","20":"tag-pt","21":"tag-saude","22":"tag-saude-publica","23":"tag-vigilancia-em-saude-ambiental"},"share_on_mastodon":{"url":"https:\/\/pubeurope.com\/@pt\/115561656920735858","error":""},"_links":{"self":[{"href":"https:\/\/www.europesays.com\/pt\/wp-json\/wp\/v2\/posts\/154293","targetHints":{"allow":["GET"]}}],"collection":[{"href":"https:\/\/www.europesays.com\/pt\/wp-json\/wp\/v2\/posts"}],"about":[{"href":"https:\/\/www.europesays.com\/pt\/wp-json\/wp\/v2\/types\/post"}],"author":[{"embeddable":true,"href":"https:\/\/www.europesays.com\/pt\/wp-json\/wp\/v2\/users\/2"}],"replies":[{"embeddable":true,"href":"https:\/\/www.europesays.com\/pt\/wp-json\/wp\/v2\/comments?post=154293"}],"version-history":[{"count":0,"href":"https:\/\/www.europesays.com\/pt\/wp-json\/wp\/v2\/posts\/154293\/revisions"}],"wp:featuredmedia":[{"embeddable":true,"href":"https:\/\/www.europesays.com\/pt\/wp-json\/wp\/v2\/media\/154294"}],"wp:attachment":[{"href":"https:\/\/www.europesays.com\/pt\/wp-json\/wp\/v2\/media?parent=154293"}],"wp:term":[{"taxonomy":"category","embeddable":true,"href":"https:\/\/www.europesays.com\/pt\/wp-json\/wp\/v2\/categories?post=154293"},{"taxonomy":"post_tag","embeddable":true,"href":"https:\/\/www.europesays.com\/pt\/wp-json\/wp\/v2\/tags?post=154293"}],"curies":[{"name":"wp","href":"https:\/\/api.w.org\/{rel}","templated":true}]}}