{"id":154295,"date":"2025-11-16T22:08:13","date_gmt":"2025-11-16T22:08:13","guid":{"rendered":"https:\/\/www.europesays.com\/pt\/154295\/"},"modified":"2025-11-16T22:08:13","modified_gmt":"2025-11-16T22:08:13","slug":"mae-de-pedro-jorge-da-murro-na-mesa-e-poe-ordem-nas-teams","status":"publish","type":"post","link":"https:\/\/www.europesays.com\/pt\/154295\/","title":{"rendered":"M\u00e3e de Pedro Jorge &#8216;d\u00e1 murro na mesa&#8217; e p\u00f5e ordem nas teams"},"content":{"rendered":"<p>\t\t\t\t\t\t\t\t\t\t\t\t<a href=\"#\" onclick=\"window.open('http:\/\/www.facebook.com\/sharer.php?u=https:\/\/cusquices.com\/mae-de-pedro-jorge-da-murro-na-mesa-e-poe-ordem-nas-teams\/&amp;t=M\u00e3e de Pedro Jorge \u2018d\u00e1 murro na mesa\u2019 e p\u00f5e ordem nas teams', 'facebookShare', 'width=626,height=436'); return false;\" title=\"Share on Facebook\"><\/p>\n<p>Share<\/p>\n<p><\/a><br \/>\n\t\t\t\t\t\t\t\t\t\t\t\t<a href=\"#\" onclick=\"window.open('http:\/\/twitter.com\/share?text=M\u00e3e de Pedro Jorge \u2018d\u00e1 murro na mesa\u2019 e p\u00f5e ordem nas teams -&amp;url=https:\/\/cusquices.com\/mae-de-pedro-jorge-da-murro-na-mesa-e-poe-ordem-nas-teams\/', 'twitterShare', 'width=626,height=436'); return false;\" title=\"Tweet This Post\"><\/p>\n<p>Tweet<\/p>\n<p><\/a><br \/>\n\t\t\t\t\t\t\t\t\t\t\t\t<a href=\"whatsapp:\/\/send?text=M\u00e3e de Pedro Jorge \u2018d\u00e1 murro na mesa\u2019 e p\u00f5e ordem nas teams https:\/\/cusquices.com\/mae-de-pedro-jorge-da-murro-na-mesa-e-poe-ordem-nas-teams\/\" rel=\"nofollow\"><\/p>\n<p>Share<\/p>\n<p><\/a><br \/>\n\t\t\t\t\t\t\t\t\t\t\t\t<a href=\"#\" onclick=\"window.open('http:\/\/pinterest.com\/pin\/create\/button\/?url=https:\/\/cusquices.com\/mae-de-pedro-jorge-da-murro-na-mesa-e-poe-ordem-nas-teams\/&amp;media=https:\/\/cusquices.com\/wp-content\/uploads\/2025\/10\/pedrojorge-1000x600.jpg&amp;description=M\u00e3e de Pedro Jorge \u2018d\u00e1 murro na mesa\u2019 e p\u00f5e ordem nas teams', 'pinterestShare', 'width=750,height=350'); return false;\" title=\"Pin This Post\"><\/p>\n<p>Share<\/p>\n<p><\/a><br \/>\n\t\t\t\t\t\t\t\t\t\t\t\t<a href=\"mailto:?subject=M\u00e3e de Pedro Jorge \u2018d\u00e1 murro na mesa\u2019 e p\u00f5e ordem nas teams&amp;BODY=I found this article interesting and thought of sharing it with you. Check it out: https:\/\/cusquices.com\/mae-de-pedro-jorge-da-murro-na-mesa-e-poe-ordem-nas-teams\/\"><\/p>\n<p>Email<\/p>\n<p><\/a><br \/>\n\t\t\t\t\t\t\t\t\t\t\t\t\t\t\t\t\t\t\t\t\t\t\t\t\t\t\t\t\t\t\t\t\t\t\t\t\t\t\t\t\t\t\t\t\t\t\t\t\t\t\t\t\t<a href=\"https:\/\/cusquices.com\/mae-de-pedro-jorge-da-murro-na-mesa-e-poe-ordem-nas-teams\/#respond\" rel=\"nofollow noopener\" target=\"_blank\"><\/p>\n<p><strong>Regina Geraldes<\/strong>, m\u00e3e de <strong>Pedro Jorge,<\/strong> decidiu p\u00f4r ordem e limites nas p\u00e1ginas de apoio ao filho. A m\u00e3e do concorrente recorreu \u00e0s redes sociais este domingo, 16 de novembro. Regina deixou bem claro que nenhuma equipa est\u00e1 autorizada a atuar ou falar em nome de Pedro Jorge enquanto este permanecer no jogo, deixando claro que qualquer movimento feito \u201cem representa\u00e7\u00e3o\u201d do concorrente n\u00e3o tem legitimidade.<\/p>\n<p><strong>\u201cPara as administradoras da team Pedro|MarisaSs9  \u2013 Est\u00e3o PROIBIDAS de actuar ou fazer o que quer que seja em nome do PEDRO JORGE. Enquanto ele n\u00e3o estiver em medida de tomar uma posi\u00e7\u00e3o em rela\u00e7\u00e3o a este assunto, sou EU, a m\u00e3e dele que toma. Como tal as administradoras que tomaram posse por auto cria\u00e7\u00e3o est\u00e3o PROIBIDAS de falar pelo Pedro Jorge.\u201d,<\/strong> come\u00e7ou por dizer a m\u00e3e de Pedro Jorge<\/p>\n<p>A m\u00e3e do concorrente foi mais longe: <strong>\u201cFica um trabalho a fazer como equipa da Marisa que j\u00e1 vos dava trabalho suficiente. Caber\u00e1 a ela pedir-vos satisfa\u00e7\u00f5es. Deixei abertura para entrar em contacto comigo, n\u00e3o o fizeram. N\u00e3o t\u00eam que pedir nada a nenhuma outra team de quais queres comprovativos ou saber quantos packs foram descarregados para \u201d votarem ou n\u00e3o\u201d com os \u20ac \u20ac\u20ac que j\u00e1 receberam em nome do Pedro. O que t\u00eam reunido \u00e9 at\u00e9 a data dos dois, e para contas corretas podem utilizar o que pertence ao Pedro em pack. A partir desta data o resto ser\u00e1 apenas da Marisa.\u201d<\/strong><\/p>\n<p><img loading=\"lazy\" decoding=\"async\" width=\"587\" height=\"1024\" src=\"https:\/\/www.europesays.com\/pt\/wp-content\/uploads\/2025\/11\/pedroj-comunicado-587x1024.png\" alt=\"\" class=\"wp-image-100267 webpexpress-processed\"  \/><\/p>\n<p><strong>Leia tamb\u00e9m:<\/strong><\/p>\n<p>\t\t\t\t\t\t\t\t\t\t\t\t\t\t\t\t\t\t\t\t\t\t\t\t\t<img decoding=\"async\" src=\"https:\/\/www.europesays.com\/pt\/wp-content\/uploads\/2025\/10\/cusquices-logo-52x.png\" class=\"webpexpress-processed\"\/><\/p>\n<p>\t\t\t\t\t\t\t\t\t\t\t\t\t\t\t\t\t\t\t\t\t            \t\t\t\t\t\t\t\t\t\t\t\t\t\t\t\t\t\t\t\t\t\t\t\t\t\t\t\t\t\t\t\t\t\t\t\t\t\t\t<script async src=\"https:\/\/platform.twitter.com\/widgets.js\" charset=\"utf-8\"><\/script><\/p>\n","protected":false},"excerpt":{"rendered":"Share Tweet Share Share Email Regina Geraldes, m\u00e3e de Pedro Jorge, decidiu p\u00f4r ordem e limites nas p\u00e1ginas&hellip;\n","protected":false},"author":2,"featured_media":133280,"comment_status":"","ping_status":"","sticky":false,"template":"","format":"standard","meta":{"footnotes":""},"categories":[85],"tags":[2632,49,114,115,21416,32,33],"class_list":{"0":"post-154295","1":"post","2":"type-post","3":"status-publish","4":"format-standard","5":"has-post-thumbnail","7":"category-entretenimento","8":"tag-casa-dos-segredos","9":"tag-destaques","10":"tag-entertainment","11":"tag-entretenimento","12":"tag-pedro-jorge","13":"tag-portugal","14":"tag-pt"},"share_on_mastodon":{"url":"https:\/\/pubeurope.com\/@pt\/115561660998321702","error":""},"_links":{"self":[{"href":"https:\/\/www.europesays.com\/pt\/wp-json\/wp\/v2\/posts\/154295","targetHints":{"allow":["GET"]}}],"collection":[{"href":"https:\/\/www.europesays.com\/pt\/wp-json\/wp\/v2\/posts"}],"about":[{"href":"https:\/\/www.europesays.com\/pt\/wp-json\/wp\/v2\/types\/post"}],"author":[{"embeddable":true,"href":"https:\/\/www.europesays.com\/pt\/wp-json\/wp\/v2\/users\/2"}],"replies":[{"embeddable":true,"href":"https:\/\/www.europesays.com\/pt\/wp-json\/wp\/v2\/comments?post=154295"}],"version-history":[{"count":0,"href":"https:\/\/www.europesays.com\/pt\/wp-json\/wp\/v2\/posts\/154295\/revisions"}],"wp:featuredmedia":[{"embeddable":true,"href":"https:\/\/www.europesays.com\/pt\/wp-json\/wp\/v2\/media\/133280"}],"wp:attachment":[{"href":"https:\/\/www.europesays.com\/pt\/wp-json\/wp\/v2\/media?parent=154295"}],"wp:term":[{"taxonomy":"category","embeddable":true,"href":"https:\/\/www.europesays.com\/pt\/wp-json\/wp\/v2\/categories?post=154295"},{"taxonomy":"post_tag","embeddable":true,"href":"https:\/\/www.europesays.com\/pt\/wp-json\/wp\/v2\/tags?post=154295"}],"curies":[{"name":"wp","href":"https:\/\/api.w.org\/{rel}","templated":true}]}}