{"id":154298,"date":"2025-11-16T22:12:12","date_gmt":"2025-11-16T22:12:12","guid":{"rendered":"https:\/\/www.europesays.com\/pt\/154298\/"},"modified":"2025-11-16T22:12:12","modified_gmt":"2025-11-16T22:12:12","slug":"pai-e-filho-morrem-baleados-em-restaurante-no-montijo-suspeito-em-fuga","status":"publish","type":"post","link":"https:\/\/www.europesays.com\/pt\/154298\/","title":{"rendered":"Pai e filho morrem baleados em restaurante no Montijo. Suspeito em fuga"},"content":{"rendered":"<p data-remotead-prev-elm=\"true\" data-remotead-elm-id=\"inread\">O alerta para a ocorr\u00eancia foi dado \u00e0s 19.55 horas, tendo a Guarda Nacional Republicana sido acionada para o local para prestar assist\u00eancia e isolar a \u00e1rea.<\/p>\n<p>As v\u00edtimas, em paragem cardiorrespirat\u00f3ria, foram alvo de manobras de suporte avan\u00e7ado de vida e, posteriormente, transportadas para o Hospital do Barreiro, com o acompanhamento das viaturas m\u00e9dicas de emerg\u00eancia e reanima\u00e7\u00e3o do Barreiro e de Loures, pertencentes ao INEM.<\/p>\n<p>Quanto ao suspeito do ataque, p\u00f4s-se em fuga antes da chegada das for\u00e7as de seguran\u00e7a, acrescentou a mesma fonte, admitindo que est\u00e1 a ser investigado se o autor dos disparos estaria, ou n\u00e3o, acompanhado.<\/p>\n<p data-remotead-prev-elm=\"true\" data-remotead-elm-id=\"centro1\">No local do crime est\u00e1 uma equipa a recolher elementos de prova da Pol\u00edcia Judici\u00e1ria, que ir\u00e1 apurar as circunst\u00e2ncias do sucedido.<\/p>\n<p>Para o local foram mobilizados 23 operacionais, apoiados por oito ve\u00edculos, incluindo meios dos bombeiros, GNR e INEM.<\/p>\n","protected":false},"excerpt":{"rendered":"O alerta para a ocorr\u00eancia foi dado \u00e0s 19.55 horas, tendo a Guarda Nacional Republicana sido acionada para&hellip;\n","protected":false},"author":2,"featured_media":154299,"comment_status":"","ping_status":"","sticky":false,"template":"","format":"standard","meta":{"footnotes":""},"categories":[10],"tags":[27,28,15,16,2002,14,603,25,26,21,22,26507,12,13,19,20,32,23,24,33,15286,17,18,29,30,31],"class_list":{"0":"post-154298","1":"post","2":"type-post","3":"status-publish","4":"format-standard","5":"has-post-thumbnail","7":"category-portugal","8":"tag-breaking-news","9":"tag-breakingnews","10":"tag-featured-news","11":"tag-featurednews","12":"tag-gnr","13":"tag-headlines","14":"tag-justica","15":"tag-latest-news","16":"tag-latestnews","17":"tag-main-news","18":"tag-mainnews","19":"tag-montijo","20":"tag-news","21":"tag-noticias","22":"tag-noticias-principais","23":"tag-noticiasprincipais","24":"tag-portugal","25":"tag-principais-noticias","26":"tag-principaisnoticias","27":"tag-pt","28":"tag-tiros","29":"tag-top-stories","30":"tag-topstories","31":"tag-ultimas","32":"tag-ultimas-noticias","33":"tag-ultimasnoticias"},"share_on_mastodon":{"url":"https:\/\/pubeurope.com\/@pt\/115561676413722339","error":""},"_links":{"self":[{"href":"https:\/\/www.europesays.com\/pt\/wp-json\/wp\/v2\/posts\/154298","targetHints":{"allow":["GET"]}}],"collection":[{"href":"https:\/\/www.europesays.com\/pt\/wp-json\/wp\/v2\/posts"}],"about":[{"href":"https:\/\/www.europesays.com\/pt\/wp-json\/wp\/v2\/types\/post"}],"author":[{"embeddable":true,"href":"https:\/\/www.europesays.com\/pt\/wp-json\/wp\/v2\/users\/2"}],"replies":[{"embeddable":true,"href":"https:\/\/www.europesays.com\/pt\/wp-json\/wp\/v2\/comments?post=154298"}],"version-history":[{"count":0,"href":"https:\/\/www.europesays.com\/pt\/wp-json\/wp\/v2\/posts\/154298\/revisions"}],"wp:featuredmedia":[{"embeddable":true,"href":"https:\/\/www.europesays.com\/pt\/wp-json\/wp\/v2\/media\/154299"}],"wp:attachment":[{"href":"https:\/\/www.europesays.com\/pt\/wp-json\/wp\/v2\/media?parent=154298"}],"wp:term":[{"taxonomy":"category","embeddable":true,"href":"https:\/\/www.europesays.com\/pt\/wp-json\/wp\/v2\/categories?post=154298"},{"taxonomy":"post_tag","embeddable":true,"href":"https:\/\/www.europesays.com\/pt\/wp-json\/wp\/v2\/tags?post=154298"}],"curies":[{"name":"wp","href":"https:\/\/api.w.org\/{rel}","templated":true}]}}