{"id":1543,"date":"2025-07-25T20:41:12","date_gmt":"2025-07-25T20:41:12","guid":{"rendered":"https:\/\/www.europesays.com\/pt\/1543\/"},"modified":"2025-07-25T20:41:12","modified_gmt":"2025-07-25T20:41:12","slug":"carol-biazin-a-menina-do-interior-que-e-a-nova-sensacao-da-pop-brasileira-estou-a-realizar-um-sonho-sapo-mag","status":"publish","type":"post","link":"https:\/\/www.europesays.com\/pt\/1543\/","title":{"rendered":"Carol Biazin, &quot;a menina do interior&quot; que \u00e9 a nova sensa\u00e7\u00e3o da pop brasileira: &quot;Estou a realizar um sonho&quot; &#8211; SAPO Mag"},"content":{"rendered":"<ol>\n<li><a href=\"https:\/\/news.google.com\/rss\/articles\/CBMizwFBVV95cUxQQUFGTHpEMlVkRmt2VGE0ajVub1AxT0x4RXd2MzNiUjhwR0I0bDBJXzl5YVg5SFhrMjdxRWxka0l4bDFtSTdDS2NwNW1HTlZhRUp2MC1wTUZOLWFYS0dnbjhoam9RYTA4ampCeUlBN2JvN3liZDRQWWtoUFBoSDZZRHo0UlE5eEx2M3I1eGZfaUIxUndSaExJU1FIT2phM2lnWDk1enpNQ0k4a1pKX3c5T3daV3ltVFJMMEpHUVFFZ0I2WmszdVpmYmtBeHNNeEE?oc=5\" target=\"_blank\" rel=\"nofollow noopener\">Carol Biazin, &#8220;a menina do interior&#8221; que \u00e9 a nova sensa\u00e7\u00e3o da pop brasileira: &#8220;Estou a realizar um sonho&#8221;<\/a>&nbsp;&nbsp;SAPO Mag<\/li>\n<li><a href=\"https:\/\/news.google.com\/rss\/articles\/CBMiyAFBVV95cUxOZnhkRHlZenhxRFJ0ZFI0dHdNUFhIMkRJQ2JmSXlkMUd0SzFWZTlKdDFFQUt0dWFqQkcwTnV4OFR3dUhFaFZ5TkJBSHFQd3BuNGt5Z0dNRWw5RWdzcDc5QjYxTmlzUlJMQnNqWE9NUEtpOUQ3VEthOGg2UkVBaDRIZ2kteEtPbXRNMVh5b1lYSDRXVl8ya3l3c2M0QThVenAweUwxYllHcm0ybkd1cjdTZlR1N0JpMGNSUnFud3VEUFlMQVJpN0p4UQ?oc=5\" target=\"_blank\" rel=\"nofollow noopener\">Carol Biazin: &#8220;As pessoas gostavam das minhas m\u00fasicas por ser muito sincera. Foi o que me deu coragem&#8221;<\/a>&nbsp;&nbsp;Di\u00e1rio de Not\u00edcias<\/li>\n<li><a href=\"https:\/\/news.google.com\/rss\/articles\/CBMihAFBVV95cUxOMXJTbkVwM2ZadDl2R2JCRjd1WDBNX1EtNUhjQ2JUOElsNnJIVXhpUlVoRkVDem90czFKSUNyMFJEOUdyY2hnX3YtWk54NUdlcXZFbFJBZEhmVTdQa2FHUkgyZnZTTE4wWWVNUFRiWWJsal80dnFmbW5oWWd6RHotVHFoRW4?oc=5\" target=\"_blank\" rel=\"nofollow noopener\">Carol Biazin Inicia Turn\u00ea Com Show Sold Out Em Portugal<\/a>&nbsp;&nbsp;Lesbocine<\/li>\n<li><a href=\"https:\/\/news.google.com\/rss\/articles\/CBMirgFBVV95cUxPZ2w3MHRrTk03a1dlZXltNjhFZUZ3aEJjNXZSQmZfdE1QbVNXek94OC1NYjVqY1FubWxXQWQ1ZUFjRm9VVHpXX1pYZDBuSGUtcnF6OUQwWk5TdG1pa2p0bVhoaGw3N1Y2S00yc2U0RzVxY3FuRWFEUXBIcmpuNk52WXVuUXp2dEg2T2IwTE5fb3BTSDBSdkcyc0RaSXFUZmctMFF5YkhUVHBhWHZ2RFE?oc=5\" target=\"_blank\" rel=\"nofollow noopener\">Carol Biazin conquista Portugal com estreia sold out da turn\u00ea \u201cNo Escuro, Quem \u00c9 Voc\u00ea?\u201d<\/a>&nbsp;&nbsp;Nation POP<\/li>\n<li><a href=\"https:\/\/news.google.com\/rss\/articles\/CBMilAFBVV95cUxPZi14a1RFZW83QXdqM2I5akpnRVQ1NmdKZGsxYTc0WGpDYTZnMzhTczJvdmVCaHc2SUN5Q2hYVE9OUkt2clFkSVluV1FqVzNCN0E2MWIxLWptUjRlNFVXbVhQV2F0TmdvYlAwRlAycl91bVVENnZ1QXg5bXlPaWZyMFh4dzVhRFlxZEFFdVpZRXR4UWFP?oc=5\" target=\"_blank\" rel=\"nofollow noopener\">Carol Biazin aquece MEO Mar\u00e9s Vivas: o concerto em imagens<\/a>&nbsp;&nbsp;SAPO Mag<\/li>\n<\/ol>\n","protected":false},"excerpt":{"rendered":"Carol Biazin, &#8220;a menina do interior&#8221; que \u00e9 a nova sensa\u00e7\u00e3o da pop brasileira: &#8220;Estou a realizar um&hellip;\n","protected":false},"author":2,"featured_media":1544,"comment_status":"","ping_status":"","sticky":false,"template":"","format":"standard","meta":{"footnotes":""},"categories":[141],"tags":[114,115,149,150,32,33],"class_list":{"0":"post-1543","1":"post","2":"type-post","3":"status-publish","4":"format-standard","5":"has-post-thumbnail","7":"category-musica","8":"tag-entertainment","9":"tag-entretenimento","10":"tag-music","11":"tag-musica","12":"tag-portugal","13":"tag-pt"},"share_on_mastodon":{"url":"","error":""},"_links":{"self":[{"href":"https:\/\/www.europesays.com\/pt\/wp-json\/wp\/v2\/posts\/1543","targetHints":{"allow":["GET"]}}],"collection":[{"href":"https:\/\/www.europesays.com\/pt\/wp-json\/wp\/v2\/posts"}],"about":[{"href":"https:\/\/www.europesays.com\/pt\/wp-json\/wp\/v2\/types\/post"}],"author":[{"embeddable":true,"href":"https:\/\/www.europesays.com\/pt\/wp-json\/wp\/v2\/users\/2"}],"replies":[{"embeddable":true,"href":"https:\/\/www.europesays.com\/pt\/wp-json\/wp\/v2\/comments?post=1543"}],"version-history":[{"count":0,"href":"https:\/\/www.europesays.com\/pt\/wp-json\/wp\/v2\/posts\/1543\/revisions"}],"wp:featuredmedia":[{"embeddable":true,"href":"https:\/\/www.europesays.com\/pt\/wp-json\/wp\/v2\/media\/1544"}],"wp:attachment":[{"href":"https:\/\/www.europesays.com\/pt\/wp-json\/wp\/v2\/media?parent=1543"}],"wp:term":[{"taxonomy":"category","embeddable":true,"href":"https:\/\/www.europesays.com\/pt\/wp-json\/wp\/v2\/categories?post=1543"},{"taxonomy":"post_tag","embeddable":true,"href":"https:\/\/www.europesays.com\/pt\/wp-json\/wp\/v2\/tags?post=1543"}],"curies":[{"name":"wp","href":"https:\/\/api.w.org\/{rel}","templated":true}]}}