{"id":154315,"date":"2025-11-16T22:26:08","date_gmt":"2025-11-16T22:26:08","guid":{"rendered":"https:\/\/www.europesays.com\/pt\/154315\/"},"modified":"2025-11-16T22:26:08","modified_gmt":"2025-11-16T22:26:08","slug":"tiroteio-em-restaurante-do-montijo-pai-e-filho-morrem-apos-desavenca-entre-socios","status":"publish","type":"post","link":"https:\/\/www.europesays.com\/pt\/154315\/","title":{"rendered":"Tiroteio em restaurante do Montijo: pai e filho morrem ap\u00f3s desaven\u00e7a entre s\u00f3cios"},"content":{"rendered":"<p>\t                Duas v\u00edtimas foram encontradas em paragem cardiorrespirat\u00f3ria<\/p>\n<p style=\"margin-bottom:11px\">Dois homens morreram este domingo depois de terem ficado feridos na sequ\u00eancia de um tiroteio no concelho do Montijo. Eram pai e filho, de 60 e 23 anos.<\/p>\n<p>Foram ambos encontrados em paragem cardiorrespirat\u00f3ria, sendo\u00a0transportados em manobras de reanima\u00e7\u00e3o para o Hospital do Barreiro.<\/p>\n<p>Apesar das tentativas, n\u00e3o foi poss\u00edvel reverter a paragem cardiorrespirat\u00f3ria.<\/p>\n<p>Em causa estar\u00e3o desaven\u00e7as entre os s\u00f3cios do restaurante &#8211; O Apeadeiro &#8211; Sarilhos\u00a0&#8211; onde teve lugar o tiroteio. Um dos s\u00f3cios ter\u00e1 disparado sobre o colega de neg\u00f3cios e sobre o filho deste.<\/p>\n<p>O tiroteio ter\u00e1 come\u00e7ado dentro do pr\u00f3prio restaurante, sendo que depois pai e filho cambalearam at\u00e9 ao exterior.<\/p>\n<p>S\u00e3o todos homens, de nacionalidade portuguesa. O alerta foi dada por volta das 20:00, hora de jantar.<\/p>\n<p>O suspeito colocou-se em fuga num Mercedes cinzento.<\/p>\n<p>Para a ocorr\u00eancia foram mobilizados os Bombeiros do Montijo, a Ambul\u00e2ncia de Socorro (ABS) de Alcochete, a ABS de Almada e militares da GNR do Montijo, que asseguraram o per\u00edmetro da ocorr\u00eancia e apoiam as equipas de emerg\u00eancia.<\/p>\n<p>A PJ tomou conta desta ocorr\u00eancia, investigando este crime, come\u00e7ando pela recolha de provas.<\/p>\n","protected":false},"excerpt":{"rendered":"Duas v\u00edtimas foram encontradas em paragem cardiorrespirat\u00f3ria Dois homens morreram este domingo depois de terem ficado feridos na&hellip;\n","protected":false},"author":2,"featured_media":154316,"comment_status":"","ping_status":"","sticky":false,"template":"","format":"standard","meta":{"footnotes":""},"categories":[10],"tags":[609,836,611,33262,27,28,607,608,333,832,604,135,610,476,15,16,301,830,14,603,25,26,570,21,22,831,833,26507,62,834,12,13,19,20,835,602,52,32,23,24,33,3512,17,18,29,30,31],"class_list":{"0":"post-154315","1":"post","2":"type-post","3":"status-publish","4":"format-standard","5":"has-post-thumbnail","7":"category-portugal","8":"tag-alerta","9":"tag-analise","10":"tag-ao-minuto","11":"tag-baleados","12":"tag-breaking-news","13":"tag-breakingnews","14":"tag-cnn","15":"tag-cnn-portugal","16":"tag-comentadores","17":"tag-costa","18":"tag-crime","19":"tag-desporto","20":"tag-direto","21":"tag-economia","22":"tag-featured-news","23":"tag-featurednews","24":"tag-governo","25":"tag-guerra","26":"tag-headlines","27":"tag-justica","28":"tag-latest-news","29":"tag-latestnews","30":"tag-live","31":"tag-main-news","32":"tag-mainnews","33":"tag-mais-vistas","34":"tag-marcelo","35":"tag-montijo","36":"tag-mundo","37":"tag-negocios","38":"tag-news","39":"tag-noticias","40":"tag-noticias-principais","41":"tag-noticiasprincipais","42":"tag-opiniao","43":"tag-pais","44":"tag-politica","45":"tag-portugal","46":"tag-principais-noticias","47":"tag-principaisnoticias","48":"tag-pt","49":"tag-tiroteio","50":"tag-top-stories","51":"tag-topstories","52":"tag-ultimas","53":"tag-ultimas-noticias","54":"tag-ultimasnoticias"},"share_on_mastodon":{"url":"","error":"Validation failed: Text character limit of 500 exceeded"},"_links":{"self":[{"href":"https:\/\/www.europesays.com\/pt\/wp-json\/wp\/v2\/posts\/154315","targetHints":{"allow":["GET"]}}],"collection":[{"href":"https:\/\/www.europesays.com\/pt\/wp-json\/wp\/v2\/posts"}],"about":[{"href":"https:\/\/www.europesays.com\/pt\/wp-json\/wp\/v2\/types\/post"}],"author":[{"embeddable":true,"href":"https:\/\/www.europesays.com\/pt\/wp-json\/wp\/v2\/users\/2"}],"replies":[{"embeddable":true,"href":"https:\/\/www.europesays.com\/pt\/wp-json\/wp\/v2\/comments?post=154315"}],"version-history":[{"count":0,"href":"https:\/\/www.europesays.com\/pt\/wp-json\/wp\/v2\/posts\/154315\/revisions"}],"wp:featuredmedia":[{"embeddable":true,"href":"https:\/\/www.europesays.com\/pt\/wp-json\/wp\/v2\/media\/154316"}],"wp:attachment":[{"href":"https:\/\/www.europesays.com\/pt\/wp-json\/wp\/v2\/media?parent=154315"}],"wp:term":[{"taxonomy":"category","embeddable":true,"href":"https:\/\/www.europesays.com\/pt\/wp-json\/wp\/v2\/categories?post=154315"},{"taxonomy":"post_tag","embeddable":true,"href":"https:\/\/www.europesays.com\/pt\/wp-json\/wp\/v2\/tags?post=154315"}],"curies":[{"name":"wp","href":"https:\/\/api.w.org\/{rel}","templated":true}]}}