{"id":154317,"date":"2025-11-16T22:28:14","date_gmt":"2025-11-16T22:28:14","guid":{"rendered":"https:\/\/www.europesays.com\/pt\/154317\/"},"modified":"2025-11-16T22:28:14","modified_gmt":"2025-11-16T22:28:14","slug":"shawn-mendes-e-bruna-marquezine-sao-flagrados-juntos-em-show-de-dua-lipa","status":"publish","type":"post","link":"https:\/\/www.europesays.com\/pt\/154317\/","title":{"rendered":"Shawn Mendes e Bruna Marquezine s\u00e3o flagrados juntos em show de Dua Lipa"},"content":{"rendered":"<p>O cantor canadense Shawn Mendes e a atriz e modelo brasileira Bruna Marquezine foram flagrados juntos durante o show da cantora Dua Lipa, em S\u00e3o Paulo, no s\u00e1bado, 15. Os dois chegaram juntos \u00e0 \u00e1rea VIP da apresenta\u00e7\u00e3o, acompanhados da modelo Sasha Meneghel e do cantor Jo\u00e3o Lucas, amigos da atriz.<\/p>\n<p>Os rumores de affair entre Shawn e Marquezine come\u00e7aram em 2017, quando o cantor come\u00e7ou a segui-la no Instagram ap\u00f3s um v\u00eddeo flagr\u00e1-los no Rock in Rio.<\/p>\n<p>J\u00e1 neste ano, os dois teriam se encontrado novamente em uma festa ap\u00f3s a apresenta\u00e7\u00e3o do canadense no Lollapalooza Brasil.<\/p>\n<p>Veja Tamb\u00e9m<\/p>\n","protected":false},"excerpt":{"rendered":"O cantor canadense Shawn Mendes e a atriz e modelo brasileira Bruna Marquezine foram flagrados juntos durante o&hellip;\n","protected":false},"author":2,"featured_media":154318,"comment_status":"","ping_status":"","sticky":false,"template":"","format":"standard","meta":{"footnotes":""},"categories":[145],"tags":[3428,3863,211,210,1639,114,115,32,33,28283,574],"class_list":{"0":"post-154317","1":"post","2":"type-post","3":"status-publish","4":"format-standard","5":"has-post-thumbnail","7":"category-celebridades","8":"tag-arte-agenda","9":"tag-bruna-marquezine","10":"tag-celebridades","11":"tag-celebrities","12":"tag-dua-lipa","13":"tag-entertainment","14":"tag-entretenimento","15":"tag-portugal","16":"tag-pt","17":"tag-shawn-mendes","18":"tag-show"},"share_on_mastodon":{"url":"https:\/\/pubeurope.com\/@pt\/115561739281380417","error":""},"_links":{"self":[{"href":"https:\/\/www.europesays.com\/pt\/wp-json\/wp\/v2\/posts\/154317","targetHints":{"allow":["GET"]}}],"collection":[{"href":"https:\/\/www.europesays.com\/pt\/wp-json\/wp\/v2\/posts"}],"about":[{"href":"https:\/\/www.europesays.com\/pt\/wp-json\/wp\/v2\/types\/post"}],"author":[{"embeddable":true,"href":"https:\/\/www.europesays.com\/pt\/wp-json\/wp\/v2\/users\/2"}],"replies":[{"embeddable":true,"href":"https:\/\/www.europesays.com\/pt\/wp-json\/wp\/v2\/comments?post=154317"}],"version-history":[{"count":0,"href":"https:\/\/www.europesays.com\/pt\/wp-json\/wp\/v2\/posts\/154317\/revisions"}],"wp:featuredmedia":[{"embeddable":true,"href":"https:\/\/www.europesays.com\/pt\/wp-json\/wp\/v2\/media\/154318"}],"wp:attachment":[{"href":"https:\/\/www.europesays.com\/pt\/wp-json\/wp\/v2\/media?parent=154317"}],"wp:term":[{"taxonomy":"category","embeddable":true,"href":"https:\/\/www.europesays.com\/pt\/wp-json\/wp\/v2\/categories?post=154317"},{"taxonomy":"post_tag","embeddable":true,"href":"https:\/\/www.europesays.com\/pt\/wp-json\/wp\/v2\/tags?post=154317"}],"curies":[{"name":"wp","href":"https:\/\/api.w.org\/{rel}","templated":true}]}}