{"id":154323,"date":"2025-11-16T22:34:28","date_gmt":"2025-11-16T22:34:28","guid":{"rendered":"https:\/\/www.europesays.com\/pt\/154323\/"},"modified":"2025-11-16T22:34:28","modified_gmt":"2025-11-16T22:34:28","slug":"manchester-united-de-ruben-amorim-chega-aos-120-milhoes-de-euros-por-dupla-da-bundesliga","status":"publish","type":"post","link":"https:\/\/www.europesays.com\/pt\/154323\/","title":{"rendered":"Manchester United de Ruben Amorim chega aos 120 milh\u00f5es de euros por dupla da Bundesliga"},"content":{"rendered":"<p>&#8211; Advertisement &#8211;<\/p>\n<p><strong>O Manchester United quer refor\u00e7ar o plantel. Angelo Stiller e Karim Adeyemi s\u00e3o alvos do emblema orientado por Ruben Amorim. <\/strong><\/p>\n<p>O Manchester United pensa nas pr\u00f3ximas janelas de transfer\u00eancia e definiu dois alvos na Bundesliga. De acordo com o di\u00e1rio Fichajes, os red devils t\u00eam 120 milh\u00f5es de euros para atacar a chegada de dois alem\u00e3es. <\/p>\n<p>O primeiro nome na lista \u00e9 o de Angelo Stiller, m\u00e9dio do Estugarda. Contratar um refor\u00e7o para o miolo \u00e9 priorit\u00e1rio para o Manchester United e o jovem de 24 anos.<\/p>\n<p>Tamb\u00e9m Karim Adeyemi<a href=\"https:\/\/bolanarede.pt\/especial-bola-na-rede\/atualidade\/avancado-do-borussia-dortmund-entra-em-conflito-com-o-treinador-e-ruben-amorim-pode-aproveitar-para-atacar\/\" target=\"_blank\" rel=\"noreferrer noopener nofollow\"> surgiu recentemente na lista do Manchester United<\/a>. O avan\u00e7ado est\u00e1 em lit\u00edgio com o Borussia Dortmund e uma sa\u00edda pode ser a solu\u00e7\u00e3o em 2026, tendo o emblema ingl\u00eas assumido uma posi\u00e7\u00e3o forte na sua procura, de acordo com a mesma fonte.  <\/p>\n","protected":false},"excerpt":{"rendered":"&#8211; Advertisement &#8211; O Manchester United quer refor\u00e7ar o plantel. Angelo Stiller e Karim Adeyemi s\u00e3o alvos do&hellip;\n","protected":false},"author":2,"featured_media":154324,"comment_status":"","ping_status":"","sticky":false,"template":"","format":"standard","meta":{"footnotes":""},"categories":[87],"tags":[33263,260,3443,1848,135,10133,33264,663,32,666,33,134],"class_list":{"0":"post-154323","1":"post","2":"type-post","3":"status-publish","4":"format-standard","5":"has-post-thumbnail","7":"category-desporto","8":"tag-angelo-stiller","9":"tag-atualidade","10":"tag-borussia-dortmund","11":"tag-bundesliga","12":"tag-desporto","13":"tag-estugarda","14":"tag-karim-adeyemi","15":"tag-manchester-united","16":"tag-portugal","17":"tag-premier-league","18":"tag-pt","19":"tag-sports"},"share_on_mastodon":{"url":"https:\/\/pubeurope.com\/@pt\/115561762973127213","error":""},"_links":{"self":[{"href":"https:\/\/www.europesays.com\/pt\/wp-json\/wp\/v2\/posts\/154323","targetHints":{"allow":["GET"]}}],"collection":[{"href":"https:\/\/www.europesays.com\/pt\/wp-json\/wp\/v2\/posts"}],"about":[{"href":"https:\/\/www.europesays.com\/pt\/wp-json\/wp\/v2\/types\/post"}],"author":[{"embeddable":true,"href":"https:\/\/www.europesays.com\/pt\/wp-json\/wp\/v2\/users\/2"}],"replies":[{"embeddable":true,"href":"https:\/\/www.europesays.com\/pt\/wp-json\/wp\/v2\/comments?post=154323"}],"version-history":[{"count":0,"href":"https:\/\/www.europesays.com\/pt\/wp-json\/wp\/v2\/posts\/154323\/revisions"}],"wp:featuredmedia":[{"embeddable":true,"href":"https:\/\/www.europesays.com\/pt\/wp-json\/wp\/v2\/media\/154324"}],"wp:attachment":[{"href":"https:\/\/www.europesays.com\/pt\/wp-json\/wp\/v2\/media?parent=154323"}],"wp:term":[{"taxonomy":"category","embeddable":true,"href":"https:\/\/www.europesays.com\/pt\/wp-json\/wp\/v2\/categories?post=154323"},{"taxonomy":"post_tag","embeddable":true,"href":"https:\/\/www.europesays.com\/pt\/wp-json\/wp\/v2\/tags?post=154323"}],"curies":[{"name":"wp","href":"https:\/\/api.w.org\/{rel}","templated":true}]}}