{"id":154329,"date":"2025-11-16T22:37:20","date_gmt":"2025-11-16T22:37:20","guid":{"rendered":"https:\/\/www.europesays.com\/pt\/154329\/"},"modified":"2025-11-16T22:37:20","modified_gmt":"2025-11-16T22:37:20","slug":"e-os-destaques-tecnologicos-da-semana-que-passou-foram-6","status":"publish","type":"post","link":"https:\/\/www.europesays.com\/pt\/154329\/","title":{"rendered":"E os destaques tecnol\u00f3gicos da semana que passou foram&#8230;"},"content":{"rendered":"<p>Nesta semana que passou, fal\u00e1mos das novas propostas da Honda, do OPPO Find X9 Series com bateria acima de 7000 mAh, analis\u00e1mos o port\u00e1til Chuwi CoreBook X 7430U, o acess\u00f3rio Brick, e muito mais.<\/p>\n<p><a target=\"_blank\" href=\"https:\/\/pplware.sapo.pt\/wp-content\/uploads\/2025\/11\/destaques_16nov.jpg\" onclick=\"refreshIframe()\" class=\"foobox\" rel=\"nofollow noopener\"><img fetchpriority=\"high\" decoding=\"async\" src=\"https:\/\/www.europesays.com\/pt\/wp-content\/uploads\/2025\/11\/destaques_16nov-720x405.jpg\" alt=\"E os destaques tecnol\u00f3gicos da semana que passou foram... - honda, oppo, chuwi, brick\" width=\"720\" height=\"405\" class=\"aligncenter size-medium wp-image-1088840\"  \/><\/a>\n<\/p>\n<p>O Huawei Watch D2 \u00e9 o primeiro dispositivo wearable de Monitoriza\u00e7\u00e3o Ambulat\u00f3ria da Press\u00e3o Arterial (MAPA) da marca certificado pelo INFARMED, que atesta que o dispositivo est\u00e1 em conformidade com os requisitos legais estabelecidos para ser comercializado em Portugal. Agora, estreia a funcionalidade de an\u00e1lise de arritmias atrav\u00e9s da pulsa\u00e7\u00e3o.<\/p>\n<p><a target=\"_blank\" href=\"https:\/\/pplware.sapo.pt\/wp-content\/uploads\/2025\/11\/huawei_watch_d2_mapa.jpg\" onclick=\"refreshIframe()\" class=\"foobox\" rel=\"nofollow noopener\"><img loading=\"lazy\" decoding=\"async\" src=\"https:\/\/www.europesays.com\/pt\/wp-content\/uploads\/2025\/11\/huawei_watch_d2_mapa-720x405.jpg\" alt=\"\" width=\"720\" height=\"405\" class=\"aligncenter size-medium wp-image-1087723\"  \/><\/a><\/p>\n<p>A Honda apresentou, no Japan Mobility Show, que decorreu de 30 de outubro a 9 de novembro, a sua vis\u00e3o para o futuro da mobilidade, com v\u00e1rias estreias e produtos que refor\u00e7am o compromisso da marca com a inova\u00e7\u00e3o e a sustentabilidade.<\/p>\n<p><a target=\"_blank\" href=\"https:\/\/pplware.sapo.pt\/wp-content\/uploads\/2025\/11\/Honda_Japan-Mobility-Show-2025-2.jpg\" onclick=\"refreshIframe()\" class=\"foobox\" rel=\"nofollow noopener\"><img loading=\"lazy\" decoding=\"async\" src=\"https:\/\/www.europesays.com\/pt\/wp-content\/uploads\/2025\/11\/Honda_Japan-Mobility-Show-2025-2-720x405.jpg\" alt=\"Honda revela novas propostas el\u00e9tricas e h\u00edbridas no Japan Mobility Show 2025\" width=\"720\" height=\"405\" class=\"aligncenter size-medium wp-image-1087748\"  \/><\/a><\/p>\n<p>N\u00e3o sabemos tudo sobre os seres humanos. Investigadores ingleses descobriram que possu\u00edmos uma forma at\u00e9 agora desconhecida de perce\u00e7\u00e3o: a capacidade de detetar objetos sem contacto direto. Este \u201ctoque remoto\u201d aproxima-nos de certas aves costeiras e pode transformar a forma como entendemos os limites dos sentidos humanos.<\/p>\n<p><a target=\"_blank\" href=\"https:\/\/pplware.sapo.pt\/wp-content\/uploads\/2025\/11\/toque_remoto00.webp\" rel=\"nofollow noopener\"><img loading=\"lazy\" decoding=\"async\" src=\"https:\/\/www.europesays.com\/pt\/wp-content\/uploads\/2025\/11\/toque_remoto00-720x404.webp.webp\" alt=\"\" width=\"720\" height=\"404\" class=\"aligncenter size-medium wp-image-1087761\"  \/><\/a><\/p>\n<p>A designa\u00e7\u00e3o &#8220;bi-fuel&#8221; descreve ve\u00edculos capazes de funcionar com dois combust\u00edveis distintos, normalmente gasolina e GPL. Essa flexibilidade combina a conveni\u00eancia da gasolina com o custo e a efici\u00eancia ambiental do GPL. O resultado \u00e9 simples: mais autonomia, menores custos por quil\u00f3metro e emiss\u00f5es mais baixas. Conhe\u00e7a tudo sobre a tecnologia.<\/p>\n<p style=\"text-align: center;\"><a target=\"_blank\" href=\"https:\/\/pplware.sapo.pt\/wp-content\/uploads\/2025\/09\/renault_clio2025-4.jpg\" onclick=\"refreshIframe()\" class=\"foobox\" rel=\"nofollow noopener\"><img loading=\"lazy\" decoding=\"async\" src=\"https:\/\/www.europesays.com\/pt\/wp-content\/uploads\/2025\/11\/renault_clio2025-4-1024x576.jpg\" alt=\"\" width=\"720\" height=\"405\" class=\"alignnone size-large wp-image-1077485\"  \/><\/a><\/p>\n<p>A autonomia \u00e9 um dos fatores mais determinantes aquando da avalia\u00e7\u00e3o da fiabilidade de um smartphone, e a OPPO posicionou a bateria da Find X9 Series entre os l\u00edderes de mercado.<\/p>\n<p><a target=\"_blank\" href=\"https:\/\/pplware.sapo.pt\/wp-content\/uploads\/2025\/10\/pplware_oppo_find_x9_pro_17.jpg\" onclick=\"refreshIframe()\" class=\"foobox\" rel=\"nofollow noopener\"><img loading=\"lazy\" decoding=\"async\" src=\"https:\/\/www.europesays.com\/pt\/wp-content\/uploads\/2025\/11\/pplware_oppo_find_x9_pro_17-720x405.jpg\" alt=\"\" width=\"720\" height=\"405\" class=\"aligncenter size-medium wp-image-1085530\"  \/><\/a><\/p>\n<p>A IBM revelou dois novos processadores qu\u00e2nticos, Nighthawk e Loon, com os quais pretende demonstrar a &#8220;vantagem qu\u00e2ntica&#8221; at\u00e9 ao final de 2026. Esta meta representa o ponto em que um computador qu\u00e2ntico consegue resolver um problema de forma mais r\u00e1pida e eficiente do que o mais potente supercomputador cl\u00e1ssico.<\/p>\n<p style=\"text-align: center;\">\u00a0<a target=\"_blank\" href=\"https:\/\/pplware.sapo.pt\/wp-content\/uploads\/2025\/11\/IBM-Quantum-Nighthawk-Chip.webp\" rel=\"nofollow noopener\"><img loading=\"lazy\" decoding=\"async\" src=\"https:\/\/www.europesays.com\/pt\/wp-content\/uploads\/2025\/11\/IBM-Quantum-Nighthawk-Chip-1024x576.webp.webp\" alt=\"\" width=\"720\" height=\"405\" class=\"alignnone size-large wp-image-1088223\"  \/><\/a><\/p>\n<p>Combinando leveza e capacidade para executar tarefas t\u00edpicas de um computador, o Huawei MatePad 11.5 2025 promete autonomia para todo o dia, apresentando-se como o parceiro ideal para qualquer situa\u00e7\u00e3o.<\/p>\n<p><a target=\"_blank\" href=\"https:\/\/pplware.sapo.pt\/wp-content\/uploads\/2025\/11\/huawei_matepad11-4.jpg\" onclick=\"refreshIframe()\" class=\"foobox\" rel=\"nofollow noopener\"><img loading=\"lazy\" decoding=\"async\" src=\"https:\/\/www.europesays.com\/pt\/wp-content\/uploads\/2025\/11\/huawei_matepad11-4-720x405.jpg\" alt=\"Huawei MatePad 11.5 2025\" width=\"720\" height=\"405\" class=\"aligncenter size-medium wp-image-1088042\"  \/><\/a><\/p>\n<p>Ap\u00f3s muita expectativa e alarido, a OpenAI apresentou o GPT-5 em agosto, mas, \u00e0 medida que as ferramentas come\u00e7aram a integrar o modelo mais recente, houve tamb\u00e9m uma rea\u00e7\u00e3o negativa significativa, o que levou a empresa a fazer algumas altera\u00e7\u00f5es. Agora, a criadora do ChatGPT quer reconquistar os utilizadores com o GPT-5.1.<\/p>\n<p><a target=\"_blank\" href=\"https:\/\/pplware.sapo.pt\/wp-content\/uploads\/2025\/11\/openai_gpt_5-1_0.jpg\" onclick=\"refreshIframe()\" class=\"foobox\" rel=\"nofollow noopener\"><img loading=\"lazy\" decoding=\"async\" src=\"https:\/\/www.europesays.com\/pt\/wp-content\/uploads\/2025\/11\/openai_gpt_5-1_0-1024x576.jpg\" alt=\"GPT-5.1 OpenAI personalidade IA\" width=\"720\" height=\"405\" class=\"aligncenter size-large wp-image-1088349\"  \/><\/a><\/p>\n<p>Vivemos numa era em que o telem\u00f3vel \u00e9 indispens\u00e1vel e, paradoxalmente, o nosso maior inimigo na luta pela concentra\u00e7\u00e3o. Entre notifica\u00e7\u00f5es constantes, redes sociais e a eterna tenta\u00e7\u00e3o de &#8220;ver s\u00f3 mais uma coisa&#8221;, \u00e9 cada vez mais dif\u00edcil estar realmente desligado. \u00c9 neste contexto que surge o Brick. Deixamos a nossa an\u00e1lise.<\/p>\n<p style=\"text-align: center;\"><a target=\"_blank\" href=\"https:\/\/pplware.sapo.pt\/wp-content\/uploads\/2025\/11\/brick_01.webp\" rel=\"nofollow noopener\"><img loading=\"lazy\" decoding=\"async\" src=\"https:\/\/www.europesays.com\/pt\/wp-content\/uploads\/2025\/11\/brick_01-1024x576.webp.webp\" alt=\"\" width=\"720\" height=\"405\" class=\"alignnone size-large wp-image-1088262\"  \/><\/a><\/p>\n<p>A Chuwi lan\u00e7ou recentemente o computador port\u00e1til Chuwi CoreBook X 7430U, um modelo que se pretende posicionar como alternativa econ\u00f3mica para estudantes, profissionais que se deslocam frequentemente e utilizadores que valorizam ecr\u00e3 e mobilidade, sem depender de solu\u00e7\u00f5es premium mais caras.<\/p>\n<p><a target=\"_blank\" href=\"https:\/\/pplware.sapo.pt\/wp-content\/uploads\/2025\/11\/chuwi_corebook_x_7430u_13.jpg\" onclick=\"refreshIframe()\" class=\"foobox\" rel=\"nofollow noopener\"><img loading=\"lazy\" decoding=\"async\" src=\"https:\/\/www.europesays.com\/pt\/wp-content\/uploads\/2025\/11\/chuwi_corebook_x_7430u_13-720x405.jpg\" alt=\"An\u00e1lise: Chuwi CoreBook X 7430U, um computador port\u00e1til pronto para tudo\" width=\"720\" height=\"405\" class=\"aligncenter size-medium wp-image-1088492\"  \/><\/a><\/p>\n<p>\u00c9 oficial. A Lua n\u00e3o \u00e9 feita de queijo verde. Uma investiga\u00e7\u00e3o publicada em maio de 2023 concluiu que o n\u00facleo interno lunar \u00e9 um corpo s\u00f3lido com densidade semelhante ao ferro. Esta descoberta ajuda a clarificar um debate antigo sobre se o cora\u00e7\u00e3o da Lua \u00e9 s\u00f3lido ou fundido e melhora a compreens\u00e3o da sua hist\u00f3ria e da evolu\u00e7\u00e3o do Sistema Solar.<\/p>\n<p><a target=\"_blank\" href=\"https:\/\/pplware.sapo.pt\/wp-content\/uploads\/2025\/11\/dento_da_lua00.webp\" rel=\"nofollow noopener\"><img loading=\"lazy\" decoding=\"async\" src=\"https:\/\/www.europesays.com\/pt\/wp-content\/uploads\/2025\/11\/dento_da_lua00-720x405.webp.webp\" alt=\"\" width=\"720\" height=\"405\" class=\"aligncenter size-medium wp-image-1088742\"  \/><\/a><\/p>\n<p>A Hyundai acaba de demonstrar que o hidrog\u00e9nio n\u00e3o \u00e9 teoria nem futurismo. O seu Nexo percorreu 1.400 km com um \u00fanico dep\u00f3sito, superando o recorde marcado pela Toyota em 2021 e deixando claro que esta tecnologia pode competir seriamente na mobilidade de longo alcance.<\/p>\n<p><a target=\"_blank\" href=\"https:\/\/pplware.sapo.pt\/wp-content\/uploads\/2025\/11\/hyundai_nexo00.webp\" rel=\"nofollow noopener\"><img loading=\"lazy\" decoding=\"async\" src=\"https:\/\/www.europesays.com\/pt\/wp-content\/uploads\/2025\/11\/hyundai_nexo00-720x405.webp.webp\" alt=\"Imagem Hyundai Nexo a hidrog\u00e9nio\" width=\"720\" height=\"405\" class=\"aligncenter wp-image-1088759 size-medium\"  \/><\/a><\/p>\n","protected":false},"excerpt":{"rendered":"Nesta semana que passou, fal\u00e1mos das novas propostas da Honda, do OPPO Find X9 Series com bateria acima&hellip;\n","protected":false},"author":2,"featured_media":154330,"comment_status":"","ping_status":"","sticky":false,"template":"","format":"standard","meta":{"footnotes":""},"categories":[84],"tags":[109,107,108,49,32,33,13287,105,103,104,106,110,13288],"class_list":{"0":"post-154329","1":"post","2":"type-post","3":"status-publish","4":"format-standard","5":"has-post-thumbnail","7":"category-ciencia-e-tecnologia","8":"tag-ciencia","9":"tag-ciencia-e-tecnologia","10":"tag-cienciaetecnologia","11":"tag-destaques","12":"tag-portugal","13":"tag-pt","14":"tag-rubrica","15":"tag-science","16":"tag-science-and-technology","17":"tag-scienceandtechnology","18":"tag-technology","19":"tag-tecnologia","20":"tag-top-semanal"},"share_on_mastodon":{"url":"https:\/\/pubeurope.com\/@pt\/115561775046391496","error":""},"_links":{"self":[{"href":"https:\/\/www.europesays.com\/pt\/wp-json\/wp\/v2\/posts\/154329","targetHints":{"allow":["GET"]}}],"collection":[{"href":"https:\/\/www.europesays.com\/pt\/wp-json\/wp\/v2\/posts"}],"about":[{"href":"https:\/\/www.europesays.com\/pt\/wp-json\/wp\/v2\/types\/post"}],"author":[{"embeddable":true,"href":"https:\/\/www.europesays.com\/pt\/wp-json\/wp\/v2\/users\/2"}],"replies":[{"embeddable":true,"href":"https:\/\/www.europesays.com\/pt\/wp-json\/wp\/v2\/comments?post=154329"}],"version-history":[{"count":0,"href":"https:\/\/www.europesays.com\/pt\/wp-json\/wp\/v2\/posts\/154329\/revisions"}],"wp:featuredmedia":[{"embeddable":true,"href":"https:\/\/www.europesays.com\/pt\/wp-json\/wp\/v2\/media\/154330"}],"wp:attachment":[{"href":"https:\/\/www.europesays.com\/pt\/wp-json\/wp\/v2\/media?parent=154329"}],"wp:term":[{"taxonomy":"category","embeddable":true,"href":"https:\/\/www.europesays.com\/pt\/wp-json\/wp\/v2\/categories?post=154329"},{"taxonomy":"post_tag","embeddable":true,"href":"https:\/\/www.europesays.com\/pt\/wp-json\/wp\/v2\/tags?post=154329"}],"curies":[{"name":"wp","href":"https:\/\/api.w.org\/{rel}","templated":true}]}}