{"id":154380,"date":"2025-11-16T23:24:38","date_gmt":"2025-11-16T23:24:38","guid":{"rendered":"https:\/\/www.europesays.com\/pt\/154380\/"},"modified":"2025-11-16T23:24:38","modified_gmt":"2025-11-16T23:24:38","slug":"palcos-da-semana-marcia-comedia-e-cinema-entre-kafka-e-walser-p2","status":"publish","type":"post","link":"https:\/\/www.europesays.com\/pt\/154380\/","title":{"rendered":"Palcos da semana: M\u00e1rcia, com\u00e9dia e cinema entre Kafka e Walser | P2"},"content":{"rendered":"<p>Era uma vez\u2026 a ironia<\/p>\n<p dir=\"ltr\">Do conto de fadas ao dramalhete, vai um gesto walseriano e a encena\u00e7\u00e3o de Carinhas. Est\u00e1 a chegar \u00e0s t\u00e1buas do S\u00e3o Jo\u00e3o, onde Nuno Carinhas foi director art\u00edstico entre 2009 e 2018, uma pe\u00e7a que leva \u00e0 cena a reinterpreta\u00e7\u00e3o que Robert Walser fez de tr\u00eas hist\u00f3rias bem conhecidas. Tudo \u201ccom ironia e delicadeza\u201d, salvaguarda a folha de sala.<\/p>\n<p dir=\"ltr\">A Branca de Neve perdoa a madrasta, a Gata Borralheira (Cinderela para os amigos) desconfia das inten\u00e7\u00f5es do pr\u00edncipe e a Bela Adormecida entedia-se com os detalhes do seu despertar. \u00c9 a pena do autor su\u00ed\u00e7o a subverter o \u201cera uma vez\u201d, a p\u00f4r em causa todo o c\u00e2none e a abrir portas a \u201ctemas como a liberdade ou a procura da felicidade\u201d.<\/p>\n<p dir=\"ltr\">Entre princesas e pajens, rainhas e pr\u00edncipes, s\u00e3o oito os actores que se multiplicam nas personagens de Branca de Neve &amp; Outros Dramalhetes: Alberto Magassela, Joana Carvalho, Lisa Reis, Lu\u00edsa Cruz, Patr\u00edcia Queir\u00f3s, Paulo Freixinho, Pedro Almendra e Sara Carinhas.<\/p>\n<p dir=\"ltr\">O tom de \u201cantif\u00e1bula\u201d transborda do palco para uma conversa sobre o autor, para um ciclo de cinema com dois filmes que Walser inspirou (Institute Benjamenta, or This Dream People Call Human Life, dos Irm\u00e3os Quay, e <a href=\"https:\/\/cinecartaz.publico.pt\/filme\/branca-de-neve-413270\" rel=\"nofollow noopener\" target=\"_blank\">Branca de Neve<\/a> segundo Stanley Schtinter, remake do filme de Jo\u00e3o C\u00e9sar Monteiro) e ainda para Microgramas, uma exposi\u00e7\u00e3o de pinturas de Avelino S\u00e1 (mais informa\u00e7\u00f5es em <a href=\"https:\/\/www.tnsj.pt\/pt\/espetaculos\/7136\/branca-de-neve-outros-dramalhetes\/\" target=\"_blank\" rel=\"nofollow noopener\">tnsj.pt<\/a>).<\/p>\n<p>        &#13;<br \/>\n            &#13;<br \/>\n            &#13;<br \/>\n                Branca de Neve &amp; Outros Dramalhetes&#13;<br \/>\nJos\u00e9 Caldeira            &#13;<br \/>\n&#13;<\/p>\n<p>E vai ao centro<\/p>\n<p dir=\"ltr\">A atravessar um momento de grande f\u00f4lego, a com\u00e9dia nacional conta com cada vez mais palcos especializados. E festivais. No pa\u00eds onde j\u00e1 tinha aparecido um Risorius em Albergaria-a-Velha e onde, mais recentemente, eclodiu um Mock Fest no cora\u00e7\u00e3o de Lisboa, inventa-se agora <a href=\"https:\/\/capitaldohumor.pt\/#programacao\" target=\"_blank\" rel=\"nofollow noopener\">Alcoba\u00e7a &#8211; Capital do Humor<\/a>.<\/p>\n<p dir=\"ltr\">P\u00e1tria de batalhas lend\u00e1rias e do\u00e7uras conventuais, a cidade passa tamb\u00e9m a centralizar algum do melhor humor que se faz por c\u00e1. E n\u00e3o o faz por menos que um cartaz com Carlos Coutinho Vilhena, Guilherme Duarte, Guilherme Fonseca, Jel, Joana Marques, Joana Miranda, Lu\u00eds Franco-Bastos, Manuel Cardoso, Mariana Ros\u00e1ria, Salvador Martinha e muitos outros.<\/p>\n<p dir=\"ltr\">Na calha est\u00e3o ainda conversas, open mics em caf\u00e9s, bares e restaurantes da cidade e, para os pequenos risonhos, uma Commedia a La Carte Kids. A rematar \u2013 e a lembrar, como manifesta a organiza\u00e7\u00e3o, que \u201co humor \u00e9 uma poderosa forma de reunir pessoas e de gerar impacto positivo\u201d \u2013, Ricardo Ara\u00fajo Pereira e a sua equipa contribuem como um emiss\u00e3o especial e solid\u00e1ria de Isto \u00c9 Gozar com Quem Trabalha.<\/p>\n<p>        &#13;<\/p>\n<p>&#13;<br \/>\n                &#13;\n            <\/p>\n<p>&#13;<\/p>\n<p>Partida para o real<\/p>\n<p dir=\"ltr\">Abre com uma Romaria de Carla Sim\u00f3n. Fecha em fam\u00edlia com Pai M\u00e3e Irm\u00e3 Irm\u00e3o de Jim Jarmusch (e respectivo Le\u00e3o de Ouro trazido de Veneza). Entre eles, d\u00e1 a ver dezenas de varia\u00e7\u00f5es do \u201ccinema do real\u201d \u2013 mais exactamente, 135 filmes \u2013 que ajudam a \u201cencontrar vias de pensamento que possam modificar o mundo\u201d, explica a carta de inten\u00e7\u00f5es do 12.\u00ba <a href=\"https:\/\/www.portopostdoc.com\/\" target=\"_blank\" rel=\"nofollow noopener\">Porto\/Post\/Doc<\/a>, onde tamb\u00e9m se l\u00ea a vontade de sublinhar o papel do cinema como \u201cespa\u00e7o de empatia, encontro e apelo \u00e0 ac\u00e7\u00e3o\u201d.<\/p>\n<p dir=\"ltr\">\u00c9 uma jornada em que t\u00eam lugar Lina Soualem e Andrei Ujic\u0103 como realizadores em foco, Madonna, Butthole Surfers, Yerai Cort\u00e8s e Orlando Pantera a bordo da sec\u00e7\u00e3o Transmission e \u201cum olhar profundo sobre o acto de partir\u201d lan\u00e7ado pelo programa O Tempo de Uma Viagem, bem como sess\u00f5es no Planet\u00e1rio, Docs4Teens, conversas, masterclasses, festas e concertos.<\/p>\n<p>        &#13;<\/p>\n<p>&#13;<br \/>\n                &#13;\n            <\/p>\n<p>&#13;<\/p>\n<p>Absurdo Em Processo<\/p>\n<p dir=\"ltr\">A insanidade e bizarria burocr\u00e1tica em que Franz Kafka mergulhou o protagonista d\u2019O Processo ganha corpo numa nova produ\u00e7\u00e3o da Este &#8211; Esta\u00e7\u00e3o Teatral, que assim faz coincidir a sua 50.\u00aa cria\u00e7\u00e3o com os 100 anos da publica\u00e7\u00e3o (p\u00f3stuma) do romance \u201conde o absurdo, a aliena\u00e7\u00e3o e a busca por sentido se transformam em mat\u00e9ria viva para a cena\u201d, assinala a companhia.<\/p>\n<p dir=\"ltr\">Cabe a Tiago Poiares encenar a \u201cabordagem disciplinar\u201d proposta pela companhia que, Em Processo, procura construir \u201cum organismo c\u00e9nico din\u00e2mico e inquietante, onde imagem, som e jogo teatral se fundem num discurso est\u00e9tico singular e profundamente sensorial\u201d, acrescentam.<\/p>\n<p>Ana M\u00e1rcia e amigos<\/p>\n<p dir=\"ltr\">De timbre suave, l\u00edrica que toca, guitarra delicada e crian\u00e7a interior (re)encontrada, M\u00e1rcia encaminha-se para um concerto especial. N\u00e3o \u00e9 o primeiro em que apresenta Ana M\u00e1rcia, \u00e1lbum tripartido entre a menina que foi, a jovem que cresceu e a m\u00e3e que se rev\u00ea na inf\u00e2ncia dos filhos. Mas este conta com Catarina Salinas, Jorge Palma e S\u00e9rgio Godinho como convidados \u2013 eles que entraram, respectivamente, nas can\u00e7\u00f5es Quem c\u00e1 est\u00e1, Um passo ao lado e \u00c0s vezes o amor.<\/p>\n<p dir=\"ltr\">Lan\u00e7ado este ano, Ana M\u00e1rcia \u00e9 o sexto longa-dura\u00e7\u00e3o da cantautora, depois de D\u00e1 (2010) \u2013 sa\u00eddo um ano depois de um EP hom\u00f3nimo \u2013, Casulo (2013), Quarto Crescente (2015), Vai e Vem (2018) e Picos e Vales (2022). Outro caminho para o seu mundo est\u00e1 no livro de poesia As Estradas S\u00e3o para Ir (2020).<\/p>\n<p>        &#13;<\/p>\n<p>&#13;<br \/>\n                &#13;\n            <\/p>\n<p>&#13;<\/p>\n","protected":false},"excerpt":{"rendered":"Era uma vez\u2026 a ironia Do conto de fadas ao dramalhete, vai um gesto walseriano e a encena\u00e7\u00e3o&hellip;\n","protected":false},"author":2,"featured_media":154381,"comment_status":"","ping_status":"","sticky":false,"template":"","format":"standard","meta":{"footnotes":""},"categories":[85],"tags":[470,767,1413,114,115,222,294,150,8219,32,33,291,2387],"class_list":{"0":"post-154380","1":"post","2":"type-post","3":"status-publish","4":"format-standard","5":"has-post-thumbnail","7":"category-entretenimento","8":"tag-cinema","9":"tag-comedia","10":"tag-cultura-ipsilon","11":"tag-entertainment","12":"tag-entretenimento","13":"tag-humor","14":"tag-lazer","15":"tag-musica","16":"tag-p2","17":"tag-portugal","18":"tag-pt","19":"tag-relaxar","20":"tag-teatro"},"share_on_mastodon":{"url":"https:\/\/pubeurope.com\/@pt\/115561959812192744","error":""},"_links":{"self":[{"href":"https:\/\/www.europesays.com\/pt\/wp-json\/wp\/v2\/posts\/154380","targetHints":{"allow":["GET"]}}],"collection":[{"href":"https:\/\/www.europesays.com\/pt\/wp-json\/wp\/v2\/posts"}],"about":[{"href":"https:\/\/www.europesays.com\/pt\/wp-json\/wp\/v2\/types\/post"}],"author":[{"embeddable":true,"href":"https:\/\/www.europesays.com\/pt\/wp-json\/wp\/v2\/users\/2"}],"replies":[{"embeddable":true,"href":"https:\/\/www.europesays.com\/pt\/wp-json\/wp\/v2\/comments?post=154380"}],"version-history":[{"count":0,"href":"https:\/\/www.europesays.com\/pt\/wp-json\/wp\/v2\/posts\/154380\/revisions"}],"wp:featuredmedia":[{"embeddable":true,"href":"https:\/\/www.europesays.com\/pt\/wp-json\/wp\/v2\/media\/154381"}],"wp:attachment":[{"href":"https:\/\/www.europesays.com\/pt\/wp-json\/wp\/v2\/media?parent=154380"}],"wp:term":[{"taxonomy":"category","embeddable":true,"href":"https:\/\/www.europesays.com\/pt\/wp-json\/wp\/v2\/categories?post=154380"},{"taxonomy":"post_tag","embeddable":true,"href":"https:\/\/www.europesays.com\/pt\/wp-json\/wp\/v2\/tags?post=154380"}],"curies":[{"name":"wp","href":"https:\/\/api.w.org\/{rel}","templated":true}]}}