{"id":154411,"date":"2025-11-16T23:52:16","date_gmt":"2025-11-16T23:52:16","guid":{"rendered":"https:\/\/www.europesays.com\/pt\/154411\/"},"modified":"2025-11-16T23:52:16","modified_gmt":"2025-11-16T23:52:16","slug":"doutor-estranho-3-marvel-estaria-interessada-em-sam-mendes-para-a-sequencia-diz-rumor","status":"publish","type":"post","link":"https:\/\/www.europesays.com\/pt\/154411\/","title":{"rendered":"&#8216;Doutor Estranho 3&#8217;: Marvel estaria interessada em Sam Mendes para a sequ\u00eancia, diz rumor"},"content":{"rendered":"<p>Novos rumores sobre<strong> \u2018<a href=\"https:\/\/cinepop.com.br\/tag\/doutor-estranho-3\/\" title=\"Doutor Estranho 3\" rel=\"nofollow noopener\" target=\"_blank\">Doutor Estranho 3<\/a>\u2019<\/strong> foram divulgados, indicando que a <a href=\"https:\/\/cinepop.com.br\/tag\/marvel\/\" title=\"Marvel\" rel=\"nofollow noopener\" target=\"_blank\">Marvel<\/a> Studios j\u00e1 come\u00e7ou a desenvolver o pr\u00f3ximo longa-metragem focado no Mago Supremo.<\/p>\n<p>De acordo com o <a href=\"https:\/\/comicbookmovie.com\/doctor-strange\/doctor-strange-3-said-to-be-in-active-development-benedict-cumberbatch-wants-sam-mendes-to-direct-a224865\" rel=\"nofollow noopener\" target=\"_blank\">ComicBookMovie<\/a>, o diretor de <strong>\u2018Doutor Estranho no Multiverso da Loucura\u2019<\/strong>, <strong><a href=\"https:\/\/cinepop.com.br\/tag\/sam-raimi\/\" title=\"Sam Raimi\" rel=\"nofollow noopener\" target=\"_blank\">Sam Raimi<\/a><\/strong>, n\u00e3o deve retornar para o terceiro filme, apesar de relatos anteriores sugerirem que ele estaria \u201cpraticamente fechando um acordo\u201d para comandar a produ\u00e7\u00e3o.<\/p>\n<p><a href=\"https:\/\/cinepop.com.br\/doutor-estranho-2-roteirista-revela-se-realmente-assistiu-a-wandavision-para-criar-a-historia-da-sequencia-700917\/\" rel=\"nofollow noopener\" target=\"_blank\">\u2018Doutor Estranho 2\u2019: Roteirista revela se realmente assistiu a \u2018WandaVision\u2019 para criar a hist\u00f3ria da sequ\u00eancia<\/a><\/p>\n<p>A reportagem destaca que o astro <strong>Benedict Cumberbatch<\/strong> ter\u00e1 um papel mais ativo nos bastidores desta vez, estando envolvido na busca por um novo roteirista e diretor.<\/p>\n<p>Os boatos mais recentes apontam que <strong>Cumberbatch<\/strong> estaria interessado em trazer <strong><a href=\"https:\/\/cinepop.com.br\/tag\/sam-mendes\/\" title=\"Sam Mendes\" rel=\"nofollow noopener\" target=\"_blank\">Sam Mendes<\/a> (\u20181917\u2019)<\/strong> para o projeto. No entanto, essa possibilidade parece improv\u00e1vel, visto que <strong>Mendes<\/strong> est\u00e1 atualmente envolvido na produ\u00e7\u00e3o de quatro cinebiografias dos <strong>\u2018<a href=\"https:\/\/cinepop.com.br\/tag\/beatles\/\" title=\"Beatles\" rel=\"nofollow noopener\" target=\"_blank\">Beatles<\/a>\u2019<\/strong>.<\/p>\n<p>Embora detalhes da trama ainda n\u00e3o tenham sido revelados, espera-se que o longa explore mais a personagem Clea, interpretada por <strong><a href=\"https:\/\/cinepop.com.br\/tag\/charlize-theron\/\" title=\"Charlize Theron\" rel=\"nofollow noopener\" target=\"_blank\">Charlize Theron<\/a><\/strong>, que fez sua apari\u00e7\u00e3o na cena p\u00f3s-cr\u00e9ditos de <strong>\u2018Doutor Estranho no Multiverso da Loucura\u2019.<\/strong><\/p>\n<p><strong>\u00c9 IMPORTANTE DESTACAR QUE, AT\u00c9 O MOMENTO, ESSAS INFORMA\u00c7\u00d5ES N\u00c3O PASSAM DE RUMORES.<\/strong><\/p>\n<p><a href=\"https:\/\/cinepop.com.br\/doutor-estranho-pode-ser-um-dos-viloes-de-vingadores-apocalipse-aponta-rumor-622134\/\" rel=\"nofollow noopener\" target=\"_blank\">Doutor Estranho pode ser um dos VIL\u00d5ES de \u2018Vingadores: Apocalipse\u2019, aponta rumor<\/a><\/p>\n<p>\u00a0<\/p>\n<p><strong>Vale lembrar que a pr\u00f3xima apari\u00e7\u00e3o do Doutor Estranho est\u00e1 confirmada para o filme \u2018Vingadores: Apocalipse\u2019.<\/strong><\/p>\n<p><img fetchpriority=\"high\" decoding=\"async\" src=\"https:\/\/www.europesays.com\/pt\/wp-content\/uploads\/2025\/11\/doutor-estranho-1024x576.jpg\" alt=\"\" width=\"696\" height=\"392\"  \/><\/p>\n<p><strong>\u2018Vingadores: Doomsday\u2019 chega aos cinemas no dia 17 de Dezembro de 2026, um dia antes da estreia norte-americana. \u2018Vingadores: Guerras Secretas\u2019 tem estreia marcada para o dia 17 de dezembro de 2027.<\/strong><\/p>\n<p>Al\u00e9m de <strong><a href=\"https:\/\/cinepop.com.br\/tag\/robert-downey-jr\/\" title=\"Robert Downey Jr\" rel=\"nofollow noopener\" target=\"_blank\">Robert Downey Jr<\/a>.<\/strong> como Victor Von Doom\/Doutor Destino, o elenco contar\u00e1 com <strong><a href=\"https:\/\/cinepop.com.br\/tag\/tom-hiddleston\/\" title=\"Tom Hiddleston\" rel=\"nofollow noopener\" target=\"_blank\">Tom Hiddleston<\/a><\/strong> (Loki), <strong><a href=\"https:\/\/cinepop.com.br\/tag\/anthony-mackie\/\" title=\"Anthony Mackie\" rel=\"nofollow noopener\" target=\"_blank\">Anthony Mackie<\/a><\/strong> (Capit\u00e3o Am\u00e9rica), <strong><a href=\"https:\/\/cinepop.com.br\/tag\/sebastian-stan\/\" title=\"Sebastian Stan\" rel=\"nofollow noopener\" target=\"_blank\">Sebastian Stan<\/a><\/strong> (Soldado Invernal), <strong><a href=\"https:\/\/cinepop.com.br\/tag\/letitia-wright\/\" title=\"Letitia Wright\" rel=\"nofollow noopener\" target=\"_blank\">Letitia Wright<\/a><\/strong> (Pantera Negra), <strong><a href=\"https:\/\/cinepop.com.br\/tag\/wyatt-russell\/\" title=\"Wyatt Russell\" rel=\"nofollow noopener\" target=\"_blank\">Wyatt Russell<\/a><\/strong> (Agente Americano) <strong><a href=\"https:\/\/cinepop.com.br\/tag\/simu-liu\/\" title=\"Simu Liu\" rel=\"nofollow noopener\" target=\"_blank\">Simu Liu<\/a><\/strong> (Shang-Chi), <strong><a href=\"https:\/\/cinepop.com.br\/tag\/florence-pugh\/\" title=\"Florence Pugh\" rel=\"nofollow noopener\" target=\"_blank\">Florence Pugh<\/a><\/strong> (Yelena Belova), <strong><a href=\"https:\/\/cinepop.com.br\/tag\/danny-ramirez\/\" title=\"Danny Ramirez\" rel=\"nofollow noopener\" target=\"_blank\">Danny Ramirez<\/a><\/strong> (Falc\u00e3o), <strong><a href=\"https:\/\/cinepop.com.br\/tag\/winston-duke\/\" title=\"Winston Duke\" rel=\"nofollow noopener\" target=\"_blank\">Winston Duke<\/a><\/strong> (M\u2019Baku), <strong><a href=\"https:\/\/cinepop.com.br\/tag\/vanessa-kirby\/\" title=\"Vanessa Kirby\" rel=\"nofollow noopener\" target=\"_blank\">Vanessa Kirby<\/a><\/strong> ( Mulher Invis\u00edvel), <strong><a href=\"https:\/\/cinepop.com.br\/tag\/ebon-moss-bachrach\/\" title=\"Ebon Moss-Bachrach\" rel=\"nofollow noopener\" target=\"_blank\">Ebon Moss-Bachrach<\/a><\/strong> (Coisa), <strong><a href=\"https:\/\/cinepop.com.br\/tag\/joseph-quinn\/\" title=\"Joseph Quinn\" rel=\"nofollow noopener\" target=\"_blank\">Joseph Quinn<\/a><\/strong> (Tocha Humana), <strong><a href=\"https:\/\/cinepop.com.br\/tag\/lewis-pullman\/\" title=\"Lewis Pullman\" rel=\"nofollow noopener\" target=\"_blank\">Lewis Pullman<\/a><\/strong> (Bob), <strong><a href=\"https:\/\/cinepop.com.br\/tag\/david-harbour\/\" title=\"David Harbour\" rel=\"nofollow noopener\" target=\"_blank\">David Harbour<\/a><\/strong> (Guardi\u00e3o Vermelho), <strong><a href=\"https:\/\/cinepop.com.br\/tag\/hannah-john-kamen\/\" title=\"Hannah John-Kamen\" rel=\"nofollow noopener\" target=\"_blank\">Hannah John-Kamen<\/a><\/strong> (Fantasma), <strong><a href=\"https:\/\/cinepop.com.br\/tag\/patrick-stewart\/\" title=\"Patrick Stewart\" rel=\"nofollow noopener\" target=\"_blank\">Patrick Stewart<\/a><\/strong> (Professor Xavier),<strong> <a href=\"https:\/\/cinepop.com.br\/tag\/alan-cumming\/\" title=\"Alan Cumming\" rel=\"nofollow noopener\" target=\"_blank\">Alan Cumming<\/a> <\/strong>(Noturno),\u00a0<strong><a href=\"https:\/\/cinepop.com.br\/tag\/ian-mckellen\/\" title=\"Ian McKellen\" rel=\"nofollow noopener\" target=\"_blank\">Ian McKellen<\/a>\u00a0<\/strong>(Magneto),\u00a0<strong><a href=\"https:\/\/cinepop.com.br\/tag\/rebecca-romijn\/\" title=\"Rebecca Romijn\" rel=\"nofollow noopener\" target=\"_blank\">Rebecca Romijn<\/a><\/strong> (M\u00edstica),\u00a0<strong><a href=\"https:\/\/cinepop.com.br\/tag\/james-marsden\/\" title=\"James Marsden\" rel=\"nofollow noopener\" target=\"_blank\">James Marsden<\/a><\/strong> (Ciclope), <strong><a href=\"https:\/\/cinepop.com.br\/tag\/kelsey-grammer\/\" title=\"Kelsey Grammer\" rel=\"nofollow noopener\" target=\"_blank\">Kelsey Grammer<\/a> <\/strong>(Fera), <strong><a href=\"https:\/\/cinepop.com.br\/tag\/channing-tatum\/\" title=\"Channing Tatum\" rel=\"nofollow noopener\" target=\"_blank\">Channing Tatum<\/a> <\/strong>(Gambit), <strong><a href=\"https:\/\/cinepop.com.br\/tag\/paul-rudd\/\" title=\"Paul Rudd\" rel=\"nofollow noopener\" target=\"_blank\">Paul Rudd<\/a> <\/strong>(Homem-Formiga), <strong><a href=\"https:\/\/cinepop.com.br\/tag\/chris-hemsworth\/\" title=\"Chris Hemsworth\" rel=\"nofollow noopener\" target=\"_blank\">Chris Hemsworth<\/a><\/strong> (Thor) e\u00a0<strong>Pedro Pascal<\/strong> (Sr. Fant\u00e1stico).<\/p>\n","protected":false},"excerpt":{"rendered":"Novos rumores sobre \u2018Doutor Estranho 3\u2019 foram divulgados, indicando que a Marvel Studios j\u00e1 come\u00e7ou a desenvolver o&hellip;\n","protected":false},"author":2,"featured_media":154412,"comment_status":"","ping_status":"","sticky":false,"template":"","format":"standard","meta":{"footnotes":""},"categories":[140],"tags":[16122,13291,13292,13293,3437,21758,16993,23691,16123,6384,13294,13295,20156,33270,12726,114,115,3639,147,148,13296,9191,13297,13298,13299,13300,20157,12730,13301,13302,13303,792,12733,11189,146,16994,13304,4420,32,33,13305,13306,33271,26321,13307,13308,16995,13309,13310,2149,13312,11192],"class_list":{"0":"post-154411","1":"post","2":"type-post","3":"status-publish","4":"format-standard","5":"has-post-thumbnail","7":"category-filmes","8":"tag-agents-of-s-h-i-e-l-d","9":"tag-alan-cumming","10":"tag-anthony-e-joe-russo","11":"tag-anthony-mackie","12":"tag-beatles","13":"tag-c-robert-cargill","14":"tag-channing-tatum","15":"tag-charlize-theron","16":"tag-chloe-bennet","17":"tag-chris-hemsworth","18":"tag-danny-ramirez","19":"tag-david-harbour","20":"tag-deadpool-e-wolverine","21":"tag-doutor-estranho-3","22":"tag-ebon-moss-bachrach","23":"tag-entertainment","24":"tag-entretenimento","25":"tag-featured","26":"tag-film","27":"tag-filmes","28":"tag-florence-pugh","29":"tag-halle-berry","30":"tag-hannah-john-kamen","31":"tag-ian-mckellen","32":"tag-irmaos-russo","33":"tag-james-marsden","34":"tag-jennifer-garner","35":"tag-joseph-quinn","36":"tag-kelsey-grammer","37":"tag-letitia-wright","38":"tag-lewis-pullman","39":"tag-marvel","40":"tag-marvel-studios","41":"tag-mcu","42":"tag-movies","43":"tag-mulher-hulk-defensora-de-herois","44":"tag-patrick-stewart","45":"tag-paul-rudd","46":"tag-portugal","47":"tag-pt","48":"tag-rebecca-romijn","49":"tag-robert-downey-jr","50":"tag-sam-mendes","51":"tag-sam-raimi","52":"tag-sebastian-stan","53":"tag-simu-liu","54":"tag-tatiana-maslany","55":"tag-tom-hiddleston","56":"tag-universo-cinematico-marvel","57":"tag-vanessa-kirby","58":"tag-winston-duke","59":"tag-wyatt-russell"},"share_on_mastodon":{"url":"","error":"Validation failed: Text character limit of 500 exceeded"},"_links":{"self":[{"href":"https:\/\/www.europesays.com\/pt\/wp-json\/wp\/v2\/posts\/154411","targetHints":{"allow":["GET"]}}],"collection":[{"href":"https:\/\/www.europesays.com\/pt\/wp-json\/wp\/v2\/posts"}],"about":[{"href":"https:\/\/www.europesays.com\/pt\/wp-json\/wp\/v2\/types\/post"}],"author":[{"embeddable":true,"href":"https:\/\/www.europesays.com\/pt\/wp-json\/wp\/v2\/users\/2"}],"replies":[{"embeddable":true,"href":"https:\/\/www.europesays.com\/pt\/wp-json\/wp\/v2\/comments?post=154411"}],"version-history":[{"count":0,"href":"https:\/\/www.europesays.com\/pt\/wp-json\/wp\/v2\/posts\/154411\/revisions"}],"wp:featuredmedia":[{"embeddable":true,"href":"https:\/\/www.europesays.com\/pt\/wp-json\/wp\/v2\/media\/154412"}],"wp:attachment":[{"href":"https:\/\/www.europesays.com\/pt\/wp-json\/wp\/v2\/media?parent=154411"}],"wp:term":[{"taxonomy":"category","embeddable":true,"href":"https:\/\/www.europesays.com\/pt\/wp-json\/wp\/v2\/categories?post=154411"},{"taxonomy":"post_tag","embeddable":true,"href":"https:\/\/www.europesays.com\/pt\/wp-json\/wp\/v2\/tags?post=154411"}],"curies":[{"name":"wp","href":"https:\/\/api.w.org\/{rel}","templated":true}]}}