{"id":154413,"date":"2025-11-16T23:53:20","date_gmt":"2025-11-16T23:53:20","guid":{"rendered":"https:\/\/www.europesays.com\/pt\/154413\/"},"modified":"2025-11-16T23:53:20","modified_gmt":"2025-11-16T23:53:20","slug":"pedro-proenca-esta-a-preparar-defesa-de-cristiano-ronaldo-junto-da-fifa","status":"publish","type":"post","link":"https:\/\/www.europesays.com\/pt\/154413\/","title":{"rendered":"Pedro Proen\u00e7a est\u00e1 a preparar defesa de Cristiano Ronaldo junto da FIFA"},"content":{"rendered":"<p data-remotead-prev-elm=\"true\" data-remotead-elm-id=\"inread\">A Federa\u00e7\u00e3o Portuguesa de Futebol (FPF) est\u00e1 a preparar a defesa de Cristiano Ronaldo para que o capit\u00e3o da sele\u00e7\u00e3o n\u00e3o seja punido por mais do que um jogo pela FIFA, num processo que est\u00e1 a merecer o envolvimento direto do presidente Pedro Proen\u00e7a, depois de o jogador ter sido expulso no decorrer do duelo com a Rep\u00fablica da Irlanda.<\/p>\n<p>Esta tomada de posi\u00e7\u00e3o surge depois de a FPF ter sido notificada pela FIFA sobre a instaura\u00e7\u00e3o de um processo disciplinar ao jogador. A defesa, sabe o JN, assenta em tr\u00eas pressupostos:<\/p>\n<p>No clima pr\u00e9-jogo, criado pelo selecionador da Rep\u00fablica da Irlanda, que acusou o avan\u00e7ado do Al Nassr de ter controlado a arbitragem no duelo entre as duas sele\u00e7\u00f5es em Alvalade, o que provocou um ambiente de hostilidade sobre o jogador;<\/p>\n<p data-remotead-prev-elm=\"true\" data-remotead-elm-id=\"centro1\">Na jogada em si, j\u00e1 que Cristiano Ronaldo \u00e9 ostensivamente agarrado dentro da \u00e1rea, \u00e0 semelhan\u00e7a do que aconteceu em outras situa\u00e7\u00f5es no jogo de qualifica\u00e7\u00e3o para o Mundial 2026, e tem uma rea\u00e7\u00e3o de frustra\u00e7\u00e3o;<\/p>\n<p>Na aus\u00eancia de antecedentes, tratando-se da primeira expuls\u00e3o em mais de 200 jogos pela sele\u00e7\u00e3o, o que demonstra o comportamento exemplar do capit\u00e3o da equipa das quinas.<\/p>\n<p>A FPF entende que estes argumentos s\u00e3o suficientes para que Cristiano Ronaldo apenas seja punido com um jogo de castigo, que ser\u00e1 cumprido frente \u00e0 Arm\u00e9nia, neste domingo, no Drag\u00e3o, estando assim dispon\u00edvel para jogar no arranque do Mundial 2026, caso a sele\u00e7\u00e3o portuguesa se apure.<\/p>\n<p>A decis\u00e3o ser\u00e1 conhecida no final deste m\u00eas ou no in\u00edcio de dezembro. Em Dublin, recorde-se, a sele\u00e7\u00e3o portuguesa perdeu frente \u00e0 Rep\u00fablica da Irlanda por 2-0.<\/p>\n","protected":false},"excerpt":{"rendered":"A Federa\u00e7\u00e3o Portuguesa de Futebol (FPF) est\u00e1 a preparar a defesa de Cristiano Ronaldo para que o capit\u00e3o&hellip;\n","protected":false},"author":2,"featured_media":154414,"comment_status":"","ping_status":"","sticky":false,"template":"","format":"standard","meta":{"footnotes":""},"categories":[87],"tags":[667,135,5561,32,33,134],"class_list":{"0":"post-154413","1":"post","2":"type-post","3":"status-publish","4":"format-standard","5":"has-post-thumbnail","7":"category-desporto","8":"tag-cristiano-ronaldo","9":"tag-desporto","10":"tag-pedro-proenca","11":"tag-portugal","12":"tag-pt","13":"tag-sports"},"share_on_mastodon":{"url":"","error":""},"_links":{"self":[{"href":"https:\/\/www.europesays.com\/pt\/wp-json\/wp\/v2\/posts\/154413","targetHints":{"allow":["GET"]}}],"collection":[{"href":"https:\/\/www.europesays.com\/pt\/wp-json\/wp\/v2\/posts"}],"about":[{"href":"https:\/\/www.europesays.com\/pt\/wp-json\/wp\/v2\/types\/post"}],"author":[{"embeddable":true,"href":"https:\/\/www.europesays.com\/pt\/wp-json\/wp\/v2\/users\/2"}],"replies":[{"embeddable":true,"href":"https:\/\/www.europesays.com\/pt\/wp-json\/wp\/v2\/comments?post=154413"}],"version-history":[{"count":0,"href":"https:\/\/www.europesays.com\/pt\/wp-json\/wp\/v2\/posts\/154413\/revisions"}],"wp:featuredmedia":[{"embeddable":true,"href":"https:\/\/www.europesays.com\/pt\/wp-json\/wp\/v2\/media\/154414"}],"wp:attachment":[{"href":"https:\/\/www.europesays.com\/pt\/wp-json\/wp\/v2\/media?parent=154413"}],"wp:term":[{"taxonomy":"category","embeddable":true,"href":"https:\/\/www.europesays.com\/pt\/wp-json\/wp\/v2\/categories?post=154413"},{"taxonomy":"post_tag","embeddable":true,"href":"https:\/\/www.europesays.com\/pt\/wp-json\/wp\/v2\/tags?post=154413"}],"curies":[{"name":"wp","href":"https:\/\/api.w.org\/{rel}","templated":true}]}}