{"id":154415,"date":"2025-11-16T23:54:15","date_gmt":"2025-11-16T23:54:15","guid":{"rendered":"https:\/\/www.europesays.com\/pt\/154415\/"},"modified":"2025-11-16T23:54:15","modified_gmt":"2025-11-16T23:54:15","slug":"bebe-alcool-todo-fim-de-semana-veja-o-que-isso-pode-provocar-no-corpo","status":"publish","type":"post","link":"https:\/\/www.europesays.com\/pt\/154415\/","title":{"rendered":"Bebe \u00e1lcool todo fim de semana? Veja o que isso pode provocar no corpo"},"content":{"rendered":"<p class=\"texto\">Bebe <a href=\"https:\/\/www.em.com.br\/saude\/2025\/10\/7282038-91-dos-brasileiros-apoiam-alertas-de-risco-a-saude-em-bebidas-alcoolicas-aponta-datafolha.html\" target=\"_blank\" rel=\"nofollow noopener\"><strong>\u00e1lcool<\/strong><\/a> todo fim de semana e acha que isso n\u00e3o faz diferen\u00e7a no corpo? Esse h\u00e1bito, mesmo restrito aos s\u00e1bados e domingos, pode causar altera\u00e7\u00f5es silenciosas que se acumulam ao longo dos meses.<\/p>\n<p>\u00a0<br \/>\nO que beber \u00e1lcool todo fim de semana provoca no funcionamento do corpo<\/p>\n<p class=\"texto\">Beber \u00e1lcool com frequ\u00eancia nos fins de semana exige que o f\u00edgado trabalhe em ritmo acelerado para metabolizar toxinas repetidamente. Esse esfor\u00e7o cont\u00ednuo favorece inflama\u00e7\u00f5es e sobrecarga hep\u00e1tica.<\/p>\n<p class=\"texto\">O padr\u00e3o tamb\u00e9m interfere no sono REM, respons\u00e1vel pela recupera\u00e7\u00e3o f\u00edsica e mental, fazendo com que o descanso pare\u00e7a insuficiente mesmo ap\u00f3s v\u00e1rias horas dormindo.<\/p>\n<p>Quais sinais surgem quando a pessoa bebe \u00e1lcool semanalmente<\/p>\n<p class=\"texto\">Alguns sintomas aparecem de forma gradual e s\u00e3o percebidos apenas depois que o h\u00e1bito se torna rotina. Eles funcionam como alertas de que o organismo est\u00e1 reagindo ao ciclo repetitivo de ingest\u00e3o de \u00e1lcool.<\/p>\n<p>A lista abaixo mostra os sinais mais comuns que surgem em quem bebe \u00e1lcool todo fim de semana:<\/p>\n<ul class=\"wp-block-list\">&#13;<\/p>\n<li>Cansa\u00e7o ao acordar, mesmo ap\u00f3s longas horas de sono<\/li>\n<p>&#13;<\/p>\n<li>Queda de imunidade e maior sensibilidade a gripes<\/li>\n<p>&#13;<\/p>\n<li>Incha\u00e7o abdominal e reten\u00e7\u00e3o de l\u00edquidos<\/li>\n<p>&#13;<\/p>\n<li>Dores de cabe\u00e7a frequentes<\/li>\n<p>&#13;<\/p>\n<li>Falta de concentra\u00e7\u00e3o e irritabilidade<\/li>\n<p>&#13;\n<\/ul>\n<p><img loading=\"lazy\" decoding=\"async\" class=\"wp-image-2204735\" src=\"https:\/\/www.europesays.com\/pt\/wp-content\/uploads\/2025\/11\/bibida-alcolica_1763044338773-1024x576.jpg\"   alt=\"Bebe \u00e1lcool todo fim de semana? Veja o que isso pode provocar no corpo\" width=\"1024\" height=\"576\"\/>&#13;<br \/>\nUm padr\u00e3o de consumo que pode impactar energia, sono e disposi\u00e7\u00e3o. \u2013 Cr\u00e9ditos: depositphotos.com \/ AllaSerebrina&#13;<\/p>\n<p>O que o \u00e1lcool causa no c\u00e9rebro de quem bebe nos fins de semana<\/p>\n<p class=\"texto\">O \u00e1lcool altera neurotransmissores ligados ao humor, mem\u00f3ria e foco, e o consumo repetido compromete gradualmente a comunica\u00e7\u00e3o entre neur\u00f4nios. Esses efeitos se somam ao longo das semanas.<\/p>\n<p class=\"texto\">Um estudo publicado no British Medical Journal indica que beber regularmente, mesmo em pequenas quantidades, acelera o decl\u00ednio cognitivo, refor\u00e7ando que o consumo apenas nos fins de semana n\u00e3o \u00e9 inofensivo.<\/p>\n<p>Como beber \u00e1lcool todo fim de semana interfere no metabolismo<\/p>\n<p class=\"texto\">O corpo prioriza eliminar o \u00e1lcool antes de queimar gordura, reduzindo a velocidade do metabolismo. Por isso, pessoas que bebem aos fins de semana tendem a ganhar peso mais facilmente.<\/p>\n<p class=\"texto\">Esse padr\u00e3o tamb\u00e9m favorece o ac\u00famulo de gordura abdominal, j\u00e1 que o \u00e1lcool inflama o tecido adiposo e altera o equil\u00edbrio energ\u00e9tico do organismo. Veja um v\u00eddeo do que acontece com seu corpo quando voc\u00ea para de consumir bebidas alco\u00f3licas:<\/p>\n<p>&#13;<br \/>\n&#13;<\/p>\n<p>Quais efeitos aparecem em quem bebe \u00e1lcool com frequ\u00eancia semanal<\/p>\n<p class=\"texto\">A tabela abaixo resume como o consumo semanal de \u00e1lcool impacta diferentes \u00e1reas do organismo.<\/p>\n<p>&#13;<br \/>\n&#13;<br \/>\n&#13;<\/p>\n<tr>&#13;<br \/>\n\u00c1rea afetada&#13;<br \/>\nConsequ\u00eancia comum&#13;<br \/>\nIntensidade&#13;<br \/>\nRisco a longo prazo&#13;<br \/>\n<\/tr>\n<p>&#13;<br \/>\n&#13;<br \/>\n&#13;<\/p>\n<tr>&#13;<\/p>\n<td>F\u00edgado<\/td>\n<p>&#13;<\/p>\n<td>Sobrecarga e inflama\u00e7\u00e3o<\/td>\n<p>&#13;<\/p>\n<td>Alta<\/td>\n<p>&#13;<\/p>\n<td>Esteatose hep\u00e1tica<\/td>\n<p>&#13;<br \/>\n<\/tr>\n<p>&#13;<\/p>\n<tr>&#13;<\/p>\n<td>C\u00e9rebro<\/td>\n<p>&#13;<\/p>\n<td>Queda de mem\u00f3ria e foco<\/td>\n<p>&#13;<\/p>\n<td>M\u00e9dia<\/td>\n<p>&#13;<\/p>\n<td>Decl\u00ednio cognitivo<\/td>\n<p>&#13;<br \/>\n<\/tr>\n<p>&#13;<\/p>\n<tr>&#13;<\/p>\n<td>Sono<\/td>\n<p>&#13;<\/p>\n<td>Sono leve e pouca fase REM<\/td>\n<p>&#13;<\/p>\n<td>Alta<\/td>\n<p>&#13;<\/p>\n<td>Fadiga cr\u00f4nica<\/td>\n<p>&#13;<br \/>\n<\/tr>\n<p>&#13;<\/p>\n<tr>&#13;<\/p>\n<td>Metabolismo<\/td>\n<p>&#13;<\/p>\n<td>Redu\u00e7\u00e3o da queima de gordura<\/td>\n<p>&#13;<\/p>\n<td>M\u00e9dia<\/td>\n<p>&#13;<\/p>\n<td>Ganho de peso<\/td>\n<p>&#13;<br \/>\n<\/tr>\n<p>&#13;<br \/>\n&#13;<br \/>\n&#13;<\/p>\n","protected":false},"excerpt":{"rendered":"Bebe \u00e1lcool todo fim de semana e acha que isso n\u00e3o faz diferen\u00e7a no corpo? Esse h\u00e1bito, mesmo&hellip;\n","protected":false},"author":2,"featured_media":154416,"comment_status":"","ping_status":"","sticky":false,"template":"","format":"standard","meta":{"footnotes":""},"categories":[86],"tags":[4522,3570,116,32,33,12021,117],"class_list":{"0":"post-154415","1":"post","2":"type-post","3":"status-publish","4":"format-standard","5":"has-post-thumbnail","7":"category-saude","8":"tag-alcool","9":"tag-corpo","10":"tag-health","11":"tag-portugal","12":"tag-pt","13":"tag-rotina","14":"tag-saude"},"share_on_mastodon":{"url":"https:\/\/pubeurope.com\/@pt\/115562077640345926","error":""},"_links":{"self":[{"href":"https:\/\/www.europesays.com\/pt\/wp-json\/wp\/v2\/posts\/154415","targetHints":{"allow":["GET"]}}],"collection":[{"href":"https:\/\/www.europesays.com\/pt\/wp-json\/wp\/v2\/posts"}],"about":[{"href":"https:\/\/www.europesays.com\/pt\/wp-json\/wp\/v2\/types\/post"}],"author":[{"embeddable":true,"href":"https:\/\/www.europesays.com\/pt\/wp-json\/wp\/v2\/users\/2"}],"replies":[{"embeddable":true,"href":"https:\/\/www.europesays.com\/pt\/wp-json\/wp\/v2\/comments?post=154415"}],"version-history":[{"count":0,"href":"https:\/\/www.europesays.com\/pt\/wp-json\/wp\/v2\/posts\/154415\/revisions"}],"wp:featuredmedia":[{"embeddable":true,"href":"https:\/\/www.europesays.com\/pt\/wp-json\/wp\/v2\/media\/154416"}],"wp:attachment":[{"href":"https:\/\/www.europesays.com\/pt\/wp-json\/wp\/v2\/media?parent=154415"}],"wp:term":[{"taxonomy":"category","embeddable":true,"href":"https:\/\/www.europesays.com\/pt\/wp-json\/wp\/v2\/categories?post=154415"},{"taxonomy":"post_tag","embeddable":true,"href":"https:\/\/www.europesays.com\/pt\/wp-json\/wp\/v2\/tags?post=154415"}],"curies":[{"name":"wp","href":"https:\/\/api.w.org\/{rel}","templated":true}]}}