{"id":154423,"date":"2025-11-16T23:59:12","date_gmt":"2025-11-16T23:59:12","guid":{"rendered":"https:\/\/www.europesays.com\/pt\/154423\/"},"modified":"2025-11-16T23:59:12","modified_gmt":"2025-11-16T23:59:12","slug":"paulo-portas-deixa-um-aviso-sobre-migrantes-ha-uma-grande-diferenca-entre-a-realidade-e-aquilo-que-a-gente-recebe-nos-telemoveis","status":"publish","type":"post","link":"https:\/\/www.europesays.com\/pt\/154423\/","title":{"rendered":"Paulo Portas deixa um aviso sobre migrantes: \u201ch\u00e1 uma grande diferen\u00e7a entre a realidade e aquilo que a gente recebe nos telem\u00f3veis\u201d"},"content":{"rendered":"<p>\t                Neste Global, espa\u00e7o para falar sobre a greve geral em Portugal, os novos epis\u00f3dios protagonizados por Donald Trump e sobre um \u201cm\u00edssil\u201d que atingiu Zelensky politicamente, vindo do seu pr\u00f3prio governo<\/p>\n<p style=\"margin-bottom:11px\">Comecemos por um dos temas que marca Portugal: a greve geral de 11 de dezembro. \u201c\u00c9 melhor para o pa\u00eds, para o Governo e para a UGT que haja acordo com a UGT, porque com a CGTP nunca h\u00e1\u201d.<\/p>\n<p>Para o comentador da TVI (do mesmo grupo da CNN Portugal), a CGTP tem \u201ccomo principal motivo de vida ser do contra\u201d.<\/p>\n<p>Portas admite que \u201co Governo tem de fazer concess\u00f5es\u201d, mas aconselha a UGT \u2013 que j\u00e1 trouxe para cima da mesa o cen\u00e1rio de dois dias de paralisa\u00e7\u00e3o \u2013 a n\u00e3o fazer \u201camea\u00e7as p\u00fablicas\u201d.<\/p>\n<p>\u201cIsso torna o compromisso mais dif\u00edcil, porque \u00e9 dif\u00edcil recuar\u201d, resume.<\/p>\n<p>A \u201crealidade\u201d das migra\u00e7\u00f5es <\/p>\n<p>Neste Global, Paulo Portas debru\u00e7a-se sobre os mais recentes dados das migra\u00e7\u00f5es, que comprovam que uma queda \u201csignificativa\u201d nas chegadas irregulares.<\/p>\n<p>\u201cH\u00e1 uma grande diferen\u00e7a entre a realidade e aquilo que a gente recebe nos telem\u00f3veis porque algu\u00e9m nos quer enganar quanto \u00e0 dimens\u00e3o das coisas\u201d, avisa Portas.<\/p>\n<p>Mais um \u201csarilho\u201d para Trump <\/p>\n<p>Donald Trump volta a ser o protagonista desta semana. E, para Paulo Portas, \u201ccomo Trump n\u00e3o consegue estar quieto, dois dias depois de uma vit\u00f3ria [reabertura do governo], meteu-se em mais um sarilho\u201d.<\/p>\n<p>Em causa est\u00e3o novas revela\u00e7\u00f5es do caso Epstein: \u201cL\u00e1 sa\u00edram mais milhares de emails, que pelo menos provam que duas ou tr\u00eas coisas que Donald Trump n\u00e3o s\u00e3o verdadeiras\u201d.<\/p>\n<p>Portas destaca ainda o \u201cfalhan\u00e7o pol\u00edtico\u201d de Trump na sua pol\u00edtica de tarifas, com a decis\u00e3o de retirar este encargo de centenas de produtos alimentares, dado os efeitos sentidos pelas fam\u00edlias americanas nos seus or\u00e7amentos familiares, com a infla\u00e7\u00e3o.<\/p>\n<p>\u201cO que interessa \u00e9 o d\u00e9fice eleitoral\u201d, notou Portas. Para concluir: \u201cDecidiu andar para tr\u00e1s, com uma ret\u00f3rica para salvar a face\u201d.<\/p>\n<p>\u201cUm m\u00edssil de dentro do governo ucraniano\u201d <\/p>\n<p>E, num momento, em que \u201ca R\u00fassia est\u00e1 a tentar tudo por tudo, com 20 mil mortos por m\u00eas, para fechar o Donbass\u201d e tentar chegar a Kharkiv, Portas lembra que Zelensky foi atingido por um \u201cm\u00edssil que veio de dentro do governo ucraniano\u201d, com o caso de alegada corrup\u00e7\u00e3o no setor da energia.<\/p>\n<p>\u00a0\u201c\u00c9 um mau momento para Zelensky, evidentemente\u201d, resume.<\/p>\n","protected":false},"excerpt":{"rendered":"Neste Global, espa\u00e7o para falar sobre a greve geral em Portugal, os novos epis\u00f3dios protagonizados por Donald Trump&hellip;\n","protected":false},"author":2,"featured_media":99198,"comment_status":"","ping_status":"","sticky":false,"template":"","format":"standard","meta":{"footnotes":""},"categories":[10],"tags":[609,836,611,27,28,607,608,333,832,604,135,610,92,476,15,16,301,31789,830,14,603,25,26,570,21,22,831,833,62,834,12,13,19,20,835,602,13449,52,32,23,24,33,17,18,840,29,30,31],"class_list":{"0":"post-154423","1":"post","2":"type-post","3":"status-publish","4":"format-standard","5":"has-post-thumbnail","7":"category-portugal","8":"tag-alerta","9":"tag-analise","10":"tag-ao-minuto","11":"tag-breaking-news","12":"tag-breakingnews","13":"tag-cnn","14":"tag-cnn-portugal","15":"tag-comentadores","16":"tag-costa","17":"tag-crime","18":"tag-desporto","19":"tag-direto","20":"tag-donald-trump","21":"tag-economia","22":"tag-featured-news","23":"tag-featurednews","24":"tag-governo","25":"tag-greve-geral","26":"tag-guerra","27":"tag-headlines","28":"tag-justica","29":"tag-latest-news","30":"tag-latestnews","31":"tag-live","32":"tag-main-news","33":"tag-mainnews","34":"tag-mais-vistas","35":"tag-marcelo","36":"tag-mundo","37":"tag-negocios","38":"tag-news","39":"tag-noticias","40":"tag-noticias-principais","41":"tag-noticiasprincipais","42":"tag-opiniao","43":"tag-pais","44":"tag-paulo-portas","45":"tag-politica","46":"tag-portugal","47":"tag-principais-noticias","48":"tag-principaisnoticias","49":"tag-pt","50":"tag-top-stories","51":"tag-topstories","52":"tag-ucrania","53":"tag-ultimas","54":"tag-ultimas-noticias","55":"tag-ultimasnoticias"},"share_on_mastodon":{"url":"","error":"Validation failed: Text character limit of 500 exceeded"},"_links":{"self":[{"href":"https:\/\/www.europesays.com\/pt\/wp-json\/wp\/v2\/posts\/154423","targetHints":{"allow":["GET"]}}],"collection":[{"href":"https:\/\/www.europesays.com\/pt\/wp-json\/wp\/v2\/posts"}],"about":[{"href":"https:\/\/www.europesays.com\/pt\/wp-json\/wp\/v2\/types\/post"}],"author":[{"embeddable":true,"href":"https:\/\/www.europesays.com\/pt\/wp-json\/wp\/v2\/users\/2"}],"replies":[{"embeddable":true,"href":"https:\/\/www.europesays.com\/pt\/wp-json\/wp\/v2\/comments?post=154423"}],"version-history":[{"count":0,"href":"https:\/\/www.europesays.com\/pt\/wp-json\/wp\/v2\/posts\/154423\/revisions"}],"wp:featuredmedia":[{"embeddable":true,"href":"https:\/\/www.europesays.com\/pt\/wp-json\/wp\/v2\/media\/99198"}],"wp:attachment":[{"href":"https:\/\/www.europesays.com\/pt\/wp-json\/wp\/v2\/media?parent=154423"}],"wp:term":[{"taxonomy":"category","embeddable":true,"href":"https:\/\/www.europesays.com\/pt\/wp-json\/wp\/v2\/categories?post=154423"},{"taxonomy":"post_tag","embeddable":true,"href":"https:\/\/www.europesays.com\/pt\/wp-json\/wp\/v2\/tags?post=154423"}],"curies":[{"name":"wp","href":"https:\/\/api.w.org\/{rel}","templated":true}]}}