{"id":154426,"date":"2025-11-17T00:04:11","date_gmt":"2025-11-17T00:04:11","guid":{"rendered":"https:\/\/www.europesays.com\/pt\/154426\/"},"modified":"2025-11-17T00:04:11","modified_gmt":"2025-11-17T00:04:11","slug":"joelly-desvenda-misterio-e-fica-frente-a-frente-com-o-pai","status":"publish","type":"post","link":"https:\/\/www.europesays.com\/pt\/154426\/","title":{"rendered":"Jo\u00e9lly desvenda mist\u00e9rio e fica frente a frente com o pai"},"content":{"rendered":"<p>Em <a href=\"https:\/\/natelinha.uol.com.br\/novelas\/tres-gracas\" rel=\"nofollow noopener\" target=\"_blank\">Tr\u00eas Gra\u00e7as<\/a>, <a href=\"https:\/\/natelinha.uol.com.br\/novelas\/tres-gracas\/personagem\/joelly\" rel=\"nofollow noopener\" target=\"_blank\">Jo\u00e9lly<\/a> (Alana Cabral) finalmente vai desvendar o mist\u00e9rio e ficar frente a frente com o pr\u00f3prio pai. A jovem ter\u00e1 um encontro com <a href=\"https:\/\/natelinha.uol.com.br\/novelas\/tres-gracas\/personagem\/jorginho-ninja\" rel=\"nofollow noopener\" target=\"_blank\">Jorginho Ninja<\/a> (Juliano Cazarr\u00e9) e vai confront\u00e1-lo em uma reviravolta nos pr\u00f3ximos cap\u00edtulos da novela, que a Globo exibe \u00e0s 21h.<\/p>\n<p>continua depois da publicidade<\/p>\n<p><a href=\"https:\/\/natelinha.uol.com.br\/novelas\/tres-gracas\/personagem\/gerluce\" rel=\"nofollow noopener\" target=\"_blank\">Gerluce<\/a> (Sophie Charlotte) deixar\u00e1 claro que n\u00e3o vai permitir que Jorginho chegue perto de Jo\u00e9lly. Convertido, o ex-traficante ter\u00e1 uma conversa com a m\u00e3e de sua filha na igreja do pastor <a href=\"https:\/\/natelinha.uol.com.br\/novelas\/tres-gracas\/personagem\/pastor-alberico\" rel=\"nofollow noopener\" target=\"_blank\">Alb\u00e9rico<\/a> (Enrique Diaz). Ela tamb\u00e9m garante que nunca vai perdo\u00e1-lo pelos erros do passado.<\/p>\n<p>+ <a href=\"https:\/\/natelinha.uol.com.br\/novelas\/2025\/11\/12\/rodrigo-lombardi-entra-em-tres-gracas-saiba-detalhes-sobre-o-personagem-233834.php\" rel=\"nofollow noopener\" target=\"_blank\">Rodrigo Lombardi entra em Tr\u00eas Gra\u00e7as; saiba detalhes sobre o personagem<\/a><\/p>\n<p>Uma reviravolta acontece quando Jo\u00e9lly ouve <a href=\"https:\/\/natelinha.uol.com.br\/novelas\/tres-gracas\/personagem\/kellen-cristina\" rel=\"nofollow noopener\" target=\"_blank\">Kellen<\/a> (Luiza Rosa) contar a <a href=\"https:\/\/natelinha.uol.com.br\/novelas\/tres-gracas\/personagem\/ligia\" rel=\"nofollow noopener\" target=\"_blank\">L\u00edgia<\/a> (Dira Paes) que a conversa entre sua m\u00e3e e seu pai n\u00e3o foi boa. A menina ent\u00e3o descobre que o pai est\u00e1 por perto e decide investigar para saber sua identidade.<\/p>\n<p>continua depois da publicidade<\/p>\n<p>O primeiro encontro entre eles ser\u00e1 no momento em que Jo\u00e9lly entra na igreja e questiona K\u00e9llen e Alb\u00e9rico sobre seu pai, sem perceber a presen\u00e7a de Jorginho no local. Ele, por sua vez, se d\u00e1 conta de que a filha est\u00e1 gr\u00e1vida e se v\u00ea obrigado a disfar\u00e7ar sua identidade para a mo\u00e7a.<\/p>\n<p>+ <a href=\"https:\/\/natelinha.uol.com.br\/novelas\/2025\/11\/14\/globoplay-confirma-fragmentos-de-novela-dos-anos-80-versao-dublada-nao-sera-disponibilizada--233934.php\" rel=\"nofollow noopener\" target=\"_blank\">Globoplay confirma fragmentos de novela dos anos 80; vers\u00e3o dublada n\u00e3o ser\u00e1 disponibilizada<\/a><\/p>\n<p>Outra intera\u00e7\u00e3o entre eles acontecer\u00e1 quando Jorginho det\u00e9m <a href=\"https:\/\/natelinha.uol.com.br\/novelas\/tres-gracas\/personagem\/bagda\" rel=\"nofollow noopener\" target=\"_blank\">Bagd\u00e1<\/a> (Xam\u00e3) de importunar Jo\u00e9lly e <a href=\"https:\/\/natelinha.uol.com.br\/novelas\/tres-gracas\/personagem\/raul\" rel=\"nofollow noopener\" target=\"_blank\">Raul<\/a> (Paulo Mendes). Mais tarde, o ex-bandido descobre que o rapaz \u00e9 o pai do filho da adolescente. O Pastor Alb\u00e9rico vai implorar que ele n\u00e3o fa\u00e7a nada contra o filho de <a href=\"https:\/\/natelinha.uol.com.br\/novelas\/tres-gracas\/personagem\/arminda\" rel=\"nofollow noopener\" target=\"_blank\">Arminda<\/a> (Grazi Massafera).<\/p>\n<p>continua depois da publicidade<\/p>\n<p>N\u00e3o demora muito at\u00e9 que Jo\u00e9lly comece a ligar os pontos. Ela se recorda de ter visto Jorginho na igreja e come\u00e7a a notar as atitudes suspeitas do ex de Gerluce. A garota vai ao encontro dele e, finalmente, pergunta se ele \u00e9 seu pai.<\/p>\n<p>A cena est\u00e1 prevista para ir ao ar na semana que vem, no s\u00e1bado, 29 de novembro.<\/p>\n<p><a href=\"https:\/\/natelinha.uol.com.br\/novelas\/tres-gracas\" rel=\"nofollow noopener\" target=\"_blank\">Tr\u00eas Gra\u00e7as<\/a> \u00e9 uma novela criada e escrita por Aguinaldo Silva, Virg\u00edlio Silva e Z\u00e9 Dassilva, com dire\u00e7\u00e3o art\u00edstica de Luiz Henrique Rios e produ\u00e7\u00e3o de Gustavo Rebelo e Silvana Feu. A dire\u00e7\u00e3o de g\u00eanero \u00e9 de Jos\u00e9 Luiz Villamarim.<\/p>\n<p>continua depois da publicidade<\/p>\n","protected":false},"excerpt":{"rendered":"Em Tr\u00eas Gra\u00e7as, Jo\u00e9lly (Alana Cabral) finalmente vai desvendar o mist\u00e9rio e ficar frente a frente com o&hellip;\n","protected":false},"author":2,"featured_media":154427,"comment_status":"","ping_status":"","sticky":false,"template":"","format":"standard","meta":{"footnotes":""},"categories":[142],"tags":[29164,114,115,753,33272,32,33,4376,151],"class_list":{"0":"post-154426","1":"post","2":"type-post","3":"status-publish","4":"format-standard","5":"has-post-thumbnail","7":"category-tv","8":"tag-alana-cabral","9":"tag-entertainment","10":"tag-entretenimento","11":"tag-globo","12":"tag-joelly-tres-gracas","13":"tag-portugal","14":"tag-pt","15":"tag-tres-gracas","16":"tag-tv"},"share_on_mastodon":{"url":"https:\/\/pubeurope.com\/@pt\/115562117101597944","error":""},"_links":{"self":[{"href":"https:\/\/www.europesays.com\/pt\/wp-json\/wp\/v2\/posts\/154426","targetHints":{"allow":["GET"]}}],"collection":[{"href":"https:\/\/www.europesays.com\/pt\/wp-json\/wp\/v2\/posts"}],"about":[{"href":"https:\/\/www.europesays.com\/pt\/wp-json\/wp\/v2\/types\/post"}],"author":[{"embeddable":true,"href":"https:\/\/www.europesays.com\/pt\/wp-json\/wp\/v2\/users\/2"}],"replies":[{"embeddable":true,"href":"https:\/\/www.europesays.com\/pt\/wp-json\/wp\/v2\/comments?post=154426"}],"version-history":[{"count":0,"href":"https:\/\/www.europesays.com\/pt\/wp-json\/wp\/v2\/posts\/154426\/revisions"}],"wp:featuredmedia":[{"embeddable":true,"href":"https:\/\/www.europesays.com\/pt\/wp-json\/wp\/v2\/media\/154427"}],"wp:attachment":[{"href":"https:\/\/www.europesays.com\/pt\/wp-json\/wp\/v2\/media?parent=154426"}],"wp:term":[{"taxonomy":"category","embeddable":true,"href":"https:\/\/www.europesays.com\/pt\/wp-json\/wp\/v2\/categories?post=154426"},{"taxonomy":"post_tag","embeddable":true,"href":"https:\/\/www.europesays.com\/pt\/wp-json\/wp\/v2\/tags?post=154426"}],"curies":[{"name":"wp","href":"https:\/\/api.w.org\/{rel}","templated":true}]}}