{"id":15443,"date":"2025-08-04T11:50:11","date_gmt":"2025-08-04T11:50:11","guid":{"rendered":"https:\/\/www.europesays.com\/pt\/15443\/"},"modified":"2025-08-04T11:50:11","modified_gmt":"2025-08-04T11:50:11","slug":"sanas-socorre-banhista-no-porto-moniz","status":"publish","type":"post","link":"https:\/\/www.europesays.com\/pt\/15443\/","title":{"rendered":"Sanas socorre banhista no Porto Moniz"},"content":{"rendered":"\n<p class=\"p_0\">Um homem de 26 anos foi socorrido hoje, pelo Sanas, na zona das Piscinas do Aqu\u00e1rio, no Porto Moniz.<\/p>\n<p class=\"p_1\">A v\u00edtima, de nacionalidade espanhola, foi resgatada e levada para o cais onde aguardava uma ambul\u00e2ncia para a receber e transportar at\u00e9 \u00e0 unidade de sa\u00fade.<\/p>\n<p class=\"p_2\">De acordo com o Sanas, o banhista apresentava suspeita de trauma ns membros superiores.<\/p>\n<p class=\"p_3\">Este foi um servi\u00e7o coordenado pelo Centro de Comando e Controle do SANAS Madeira em articula\u00e7\u00e3o com o Servi\u00e7o Regional de Protec\u00e7\u00e3o Civil, IP-RAM e com o MRSC Funchal.<\/p>\n","protected":false},"excerpt":{"rendered":"Um homem de 26 anos foi socorrido hoje, pelo Sanas, na zona das Piscinas do Aqu\u00e1rio, no Porto&hellip;\n","protected":false},"author":2,"featured_media":15444,"comment_status":"","ping_status":"","sticky":false,"template":"","format":"standard","meta":{"footnotes":""},"categories":[10],"tags":[27,28,15,16,14,2462,25,26,21,22,12,13,19,20,32,23,24,33,17,18,29,30,31],"class_list":{"0":"post-15443","1":"post","2":"type-post","3":"status-publish","4":"format-standard","5":"has-post-thumbnail","7":"category-portugal","8":"tag-breaking-news","9":"tag-breakingnews","10":"tag-featured-news","11":"tag-featurednews","12":"tag-headlines","13":"tag-iolanda-chaves","14":"tag-latest-news","15":"tag-latestnews","16":"tag-main-news","17":"tag-mainnews","18":"tag-news","19":"tag-noticias","20":"tag-noticias-principais","21":"tag-noticiasprincipais","22":"tag-portugal","23":"tag-principais-noticias","24":"tag-principaisnoticias","25":"tag-pt","26":"tag-top-stories","27":"tag-topstories","28":"tag-ultimas","29":"tag-ultimas-noticias","30":"tag-ultimasnoticias"},"share_on_mastodon":{"url":"","error":""},"_links":{"self":[{"href":"https:\/\/www.europesays.com\/pt\/wp-json\/wp\/v2\/posts\/15443","targetHints":{"allow":["GET"]}}],"collection":[{"href":"https:\/\/www.europesays.com\/pt\/wp-json\/wp\/v2\/posts"}],"about":[{"href":"https:\/\/www.europesays.com\/pt\/wp-json\/wp\/v2\/types\/post"}],"author":[{"embeddable":true,"href":"https:\/\/www.europesays.com\/pt\/wp-json\/wp\/v2\/users\/2"}],"replies":[{"embeddable":true,"href":"https:\/\/www.europesays.com\/pt\/wp-json\/wp\/v2\/comments?post=15443"}],"version-history":[{"count":0,"href":"https:\/\/www.europesays.com\/pt\/wp-json\/wp\/v2\/posts\/15443\/revisions"}],"wp:featuredmedia":[{"embeddable":true,"href":"https:\/\/www.europesays.com\/pt\/wp-json\/wp\/v2\/media\/15444"}],"wp:attachment":[{"href":"https:\/\/www.europesays.com\/pt\/wp-json\/wp\/v2\/media?parent=15443"}],"wp:term":[{"taxonomy":"category","embeddable":true,"href":"https:\/\/www.europesays.com\/pt\/wp-json\/wp\/v2\/categories?post=15443"},{"taxonomy":"post_tag","embeddable":true,"href":"https:\/\/www.europesays.com\/pt\/wp-json\/wp\/v2\/tags?post=15443"}],"curies":[{"name":"wp","href":"https:\/\/api.w.org\/{rel}","templated":true}]}}