{"id":154430,"date":"2025-11-17T00:06:09","date_gmt":"2025-11-17T00:06:09","guid":{"rendered":"https:\/\/www.europesays.com\/pt\/154430\/"},"modified":"2025-11-17T00:06:09","modified_gmt":"2025-11-17T00:06:09","slug":"homem-aranha-de-tobey-maguire-deve-retornar-em-vingadores-doomsday","status":"publish","type":"post","link":"https:\/\/www.europesays.com\/pt\/154430\/","title":{"rendered":"Homem-Aranha de Tobey Maguire deve retornar em Vingadores: Doomsday"},"content":{"rendered":"<p>  <img width=\"76\" height=\"40\"   alt=\"Capa da Publica\u00e7\u00e3o\" class=\"article-cover__image\"\/><\/p>\n<p class=\"post__tagline\">Peter Parker de Tom Holland ficaria de fora do grande evento<\/p>\n<p>        16\/11\/2025      <\/p>\n<p>        &#8230;<\/p>\n<p>      Por<br \/>\n      <a href=\"https:\/\/twitter.com\/\" target=\"_blank\" rel=\"nofollow noopener\"><br \/>\n        Equipe Legi\u00e3o dos Her\u00f3is      <\/a><\/p>\n<p>A informa\u00e7\u00e3o foi divulgada pelo insider Daniel Richtman.<\/p>\n<p>Segundo as informa\u00e7\u00f5es, Maguire n\u00e3o apenas participaria do filme, como seria a \u00fanica vers\u00e3o do Homem-Aranha presente na trama. A aus\u00eancia do Peter Parker de Tom Holland seria justificada pelo final de Homem-Aranha: Sem Volta para Casa, onde sua identidade foi apagada da mem\u00f3ria de todos.<\/p>\n<p>A especula\u00e7\u00e3o ganhou for\u00e7a ap\u00f3s o ator ser visto em Londres, cidade onde ocorrem as filmagens de Vingadores: Doomsday. A presen\u00e7a de Maguire no local, somada aos vazamentos, refor\u00e7a a possibilidade de seu retorno n\u00e3o apenas neste filme, mas tamb\u00e9m na sequ\u00eancia, <strong>Vingadores: Guerras Secretas<\/strong>.<\/p>\n<p>A volta do ator se encaixaria na proposta multiversal do filme, que j\u00e1 tem a presen\u00e7a confirmada de personagens de outras franquias, como os X-Men da Fox.<\/p>\n<p>A participa\u00e7\u00e3o de Tobey Maguire em Homem-Aranha: Sem Volta para Casa foi um dos pontos altos do filme, e o ator contribuiu ativamente com ideias para o arco de seu personagem. Desde ent\u00e3o, f\u00e3s e at\u00e9 mesmo o diretor Sam Raimi (Doutor Estranho no Multiverso da Loucura) expressaram o desejo de produzir um Homem-Aranha 4, dando continuidade \u00e0 saga original.<\/p>\n<p><strong>Vingadores: Doomsday<\/strong>\u00a0tem estreia prevista para dezembro de 2026.<\/p>\n<p>    <script async src=\"https:\/\/platform.twitter.com\/widgets.js\" charset=\"utf-8\"><\/script><\/p>\n","protected":false},"excerpt":{"rendered":"Peter Parker de Tom Holland ficaria de fora do grande evento 16\/11\/2025 &#8230; Por Equipe Legi\u00e3o dos Her\u00f3is&hellip;\n","protected":false},"author":2,"featured_media":154431,"comment_status":"","ping_status":"","sticky":false,"template":"","format":"standard","meta":{"footnotes":""},"categories":[140],"tags":[114,115,147,148,146,32,33],"class_list":{"0":"post-154430","1":"post","2":"type-post","3":"status-publish","4":"format-standard","5":"has-post-thumbnail","7":"category-filmes","8":"tag-entertainment","9":"tag-entretenimento","10":"tag-film","11":"tag-filmes","12":"tag-movies","13":"tag-portugal","14":"tag-pt"},"share_on_mastodon":{"url":"https:\/\/pubeurope.com\/@pt\/115562124978522960","error":""},"_links":{"self":[{"href":"https:\/\/www.europesays.com\/pt\/wp-json\/wp\/v2\/posts\/154430","targetHints":{"allow":["GET"]}}],"collection":[{"href":"https:\/\/www.europesays.com\/pt\/wp-json\/wp\/v2\/posts"}],"about":[{"href":"https:\/\/www.europesays.com\/pt\/wp-json\/wp\/v2\/types\/post"}],"author":[{"embeddable":true,"href":"https:\/\/www.europesays.com\/pt\/wp-json\/wp\/v2\/users\/2"}],"replies":[{"embeddable":true,"href":"https:\/\/www.europesays.com\/pt\/wp-json\/wp\/v2\/comments?post=154430"}],"version-history":[{"count":0,"href":"https:\/\/www.europesays.com\/pt\/wp-json\/wp\/v2\/posts\/154430\/revisions"}],"wp:featuredmedia":[{"embeddable":true,"href":"https:\/\/www.europesays.com\/pt\/wp-json\/wp\/v2\/media\/154431"}],"wp:attachment":[{"href":"https:\/\/www.europesays.com\/pt\/wp-json\/wp\/v2\/media?parent=154430"}],"wp:term":[{"taxonomy":"category","embeddable":true,"href":"https:\/\/www.europesays.com\/pt\/wp-json\/wp\/v2\/categories?post=154430"},{"taxonomy":"post_tag","embeddable":true,"href":"https:\/\/www.europesays.com\/pt\/wp-json\/wp\/v2\/tags?post=154430"}],"curies":[{"name":"wp","href":"https:\/\/api.w.org\/{rel}","templated":true}]}}