{"id":154434,"date":"2025-11-17T00:08:13","date_gmt":"2025-11-17T00:08:13","guid":{"rendered":"https:\/\/www.europesays.com\/pt\/154434\/"},"modified":"2025-11-17T00:08:13","modified_gmt":"2025-11-17T00:08:13","slug":"mais-de-17-mil-imoveis-foram-visitados-em-acoes-de-combate-a-dengue-em-2025-o-serrano","status":"publish","type":"post","link":"https:\/\/www.europesays.com\/pt\/154434\/","title":{"rendered":"Mais de 17 mil im\u00f3veis foram visitados em a\u00e7\u00f5es de combate \u00e0 dengue em 2025 &#8211; O Serrano"},"content":{"rendered":"<ol>\n<li><a href=\"https:\/\/news.google.com\/rss\/articles\/CBMipgFBVV95cUxPSjloOWhSbkhZYlRRWjlXbFRLYUZJckczdURjQUdhTWlKNXIzYUJrTzBYSTJRbnlXS2hFSGdkZkJVeUkzd2d1YnpmeWV3dWVnQk5WYnFCdjVUT3gyS3k4N0l3eFpiNE8yeW5Tb3p0UUZMLWxBRzQtRExSbGlqXzFwQ1JSVFM5RlZlSmcyZmFSQV8xVlRzV3ZYelRneFZDTVNYTzFwM2l3?oc=5\" target=\"_blank\" rel=\"nofollow noopener\">Mais de 17 mil im\u00f3veis foram visitados em a\u00e7\u00f5es de combate \u00e0 dengue em 2025<\/a>&nbsp;&nbsp;O Serrano<\/li>\n<li><a href=\"https:\/\/news.google.com\/rss\/articles\/CBMiqAFBVV95cUxOT0tDZ2ZyYUZlNTJCaFdwX2Z4R0RFTzcxdndoYzFyRnFlZ3dPSnJMWVpXWmZfdlFkcnRHTmRXcklSMDF4b1VuSVd5YmtBemdySEh3Q3hRWEtKZjdyaHlCMTREc3hxUEk4WVRlaDNDYmlTd05JUUJ0S1FMMXdjLXh2cGJ2NEFFS2ZPc1pFU3F1OUhTZngwLU1MaFZJZHdrd0hxc0xZN0ptX0U?oc=5\" target=\"_blank\" rel=\"nofollow noopener\">Equipes da Prefeitura seguem no combate \u00e0 Dengue em Botuc&#8230;<\/a>&nbsp;&nbsp;Prefeitura Municipal de Botucatu<\/li>\n<li><a href=\"https:\/\/news.google.com\/rss\/articles\/CBMirAFBVV95cUxPNnpmNVVKNTRiRDZ2bWRlZWo3T1p0eUwzQUlvc3oyZlR4RUgxYmExenpiT1pGaEF1c0ZqbWg3eXJvaFVrNXBHQ3g1Nmd1c21mUFM4MV9zQll5ZmZNS2V0bERzT1ZxMUtQV1JONUE1b0FtTkhBODBZZnpTZkhyWTQ0bFlnYVdZNGNiYTdJTkZCSzVfZDdIYW0tQ1A0bXU3VHg1VndSdk5tbkxKcHdZ?oc=5\" target=\"_blank\" rel=\"nofollow noopener\">Mais de 17 mil im\u00f3veis s\u00e3o vistoriados em a\u00e7\u00f5es de combate \u00e0 dengue no munic\u00edpio<\/a>&nbsp;&nbsp;O Serrano<\/li>\n<li><a href=\"https:\/\/news.google.com\/rss\/articles\/CBMia0FVX3lxTE9jdzVVMHJnb0RlVkV0eXJReDlOeUR6bmZBaVl4Vjl1QUlkZnpIdC1lMTNkV3ctOFlOU0dqQnA1QXp6bzF5eDB5VkNpM0dDQ01YdU1rV3ZpeDRpRjRnQjFidFUxZkVHWExwaGxz?oc=5\" target=\"_blank\" rel=\"nofollow noopener\">A chave para o combate \u00e0 dengue em Rio Grande da Serra ABC do ABC<\/a>&nbsp;&nbsp;Portal ABC do ABC<\/li>\n<li><a href=\"https:\/\/news.google.com\/rss\/articles\/CBMixAFBVV95cUxQS2d4S1p2LXNsdV91UlE3OWdleW9sT2w1R2Y3a1hoRUFTUkluUXJMczFEMlBCZ1JlS3U2OWQ5Z1NibTVscFlfMi1VRWNXcC1EVGJxMmhfLWJDakRxRk83VlZhWTRKUUY3SDJvQ2pQREt2cE5SZFcxLWJfbmV3RFp1a3c5Slh4VEx1UEdieThaMl9WZFhUc21nSE5IYXdHVEE3NWlfdDB3U1RLa0toY1Z4QklRd215RUNiYWFseTBISTZyd2VU?oc=5\" target=\"_blank\" rel=\"nofollow noopener\">Mais de 23 mil im\u00f3veis em Goi\u00e2nia registram focos do mosquito da dengue em 2025<\/a>&nbsp;&nbsp;Jornal Op\u00e7\u00e3o<\/li>\n<\/ol>\n","protected":false},"excerpt":{"rendered":"Mais de 17 mil im\u00f3veis foram visitados em a\u00e7\u00f5es de combate \u00e0 dengue em 2025&nbsp;&nbsp;O Serrano Equipes da&hellip;\n","protected":false},"author":2,"featured_media":154435,"comment_status":"","ping_status":"","sticky":false,"template":"","format":"standard","meta":{"footnotes":""},"categories":[86],"tags":[8419,33275,116,13,33273,32,33,654,117,33274],"class_list":{"0":"post-154434","1":"post","2":"type-post","3":"status-publish","4":"format-standard","5":"has-post-thumbnail","7":"category-saude","8":"tag-atualizacoes","9":"tag-circuito-das-aguas","10":"tag-health","11":"tag-noticias","12":"tag-o-serrano","13":"tag-portugal","14":"tag-pt","15":"tag-sao-paulo","16":"tag-saude","17":"tag-serra-negra"},"share_on_mastodon":{"url":"https:\/\/pubeurope.com\/@pt\/115562132547151738","error":""},"_links":{"self":[{"href":"https:\/\/www.europesays.com\/pt\/wp-json\/wp\/v2\/posts\/154434","targetHints":{"allow":["GET"]}}],"collection":[{"href":"https:\/\/www.europesays.com\/pt\/wp-json\/wp\/v2\/posts"}],"about":[{"href":"https:\/\/www.europesays.com\/pt\/wp-json\/wp\/v2\/types\/post"}],"author":[{"embeddable":true,"href":"https:\/\/www.europesays.com\/pt\/wp-json\/wp\/v2\/users\/2"}],"replies":[{"embeddable":true,"href":"https:\/\/www.europesays.com\/pt\/wp-json\/wp\/v2\/comments?post=154434"}],"version-history":[{"count":0,"href":"https:\/\/www.europesays.com\/pt\/wp-json\/wp\/v2\/posts\/154434\/revisions"}],"wp:featuredmedia":[{"embeddable":true,"href":"https:\/\/www.europesays.com\/pt\/wp-json\/wp\/v2\/media\/154435"}],"wp:attachment":[{"href":"https:\/\/www.europesays.com\/pt\/wp-json\/wp\/v2\/media?parent=154434"}],"wp:term":[{"taxonomy":"category","embeddable":true,"href":"https:\/\/www.europesays.com\/pt\/wp-json\/wp\/v2\/categories?post=154434"},{"taxonomy":"post_tag","embeddable":true,"href":"https:\/\/www.europesays.com\/pt\/wp-json\/wp\/v2\/tags?post=154434"}],"curies":[{"name":"wp","href":"https:\/\/api.w.org\/{rel}","templated":true}]}}