{"id":154438,"date":"2025-11-17T00:11:12","date_gmt":"2025-11-17T00:11:12","guid":{"rendered":"https:\/\/www.europesays.com\/pt\/154438\/"},"modified":"2025-11-17T00:11:12","modified_gmt":"2025-11-17T00:11:12","slug":"poco-x7-pro-na-black-friday-2025-melhor-custo-beneficio","status":"publish","type":"post","link":"https:\/\/www.europesays.com\/pt\/154438\/","title":{"rendered":"POCO X7 PRO na Black Friday 2025: Melhor custo benef\u00edcio!"},"content":{"rendered":"<p>A <strong>Black Friday <\/strong>\u00e9 um dos momentos mais aguardados para quem quer trocar de celular. Em 2025, o <strong>POCO X7 Pro<\/strong> surge como uma op\u00e7\u00e3o que chama aten\u00e7\u00e3o pelo conjunto t\u00e9cnico e pelo pre\u00e7o competitivo.<\/p>\n<p>N\u00f3s aqui do Oficina da Net tivemos o prazer de testar esse aparelho e comprovar sua excelente qualidade. Fabricado pela<strong> Xiaomi<\/strong>, ele \u00e9 voltado para quem busca por um celular que oferece alto desempenho em jogos. Mas tamb\u00e9m, vai bem em v\u00e1rios outros campos. Te convido agora a ver <strong>6 raz\u00f5es<\/strong> que fazem valer a pena o investimento nesse smartphone.<\/p>\n<p>1. Tela<\/p>\n<p>A <strong>POCO<\/strong> n\u00e3o se importava muito com a qualidade da tela l\u00e1 nos tempos do <a class=\"tg-link-manual\" href=\"https:\/\/www.oficinadanet.com.br\/smartphones\/37930-review-poco-x3-pro\" rel=\"nofollow noopener\" target=\"_blank\"><strong>POCO X3 Pro<\/strong>,<\/a> mas agora, a marca tem investido pesado. No caso do X7 Pro, temos um display de 6,67 polegadas que traz resolu\u00e7\u00e3o 1.5K e taxa de atualiza\u00e7\u00e3o de 120Hz.<\/p>\n<p>Na pr\u00e1tica, trata-se de uma tela muito boa tanto para jogar como para assistir v\u00eddeos. A tecnologia<a class=\"tg-link-manual\" href=\"https:\/\/www.oficinadanet.com.br\/tecnologia\/48165-o-que-e-super-amoled\" rel=\"nofollow noopener\" target=\"_blank\"><strong> AMOLED<\/strong><\/a> entrega cores mais intensas e uma qualidade ainda mais superior. Ao mesmo tempo, o aproveitamento da \u00e1rea frontal torna o uso muito mais agrad\u00e1vel no dia a dia.<\/p>\n<p>            &#13;<br \/>\n                    &#13;<br \/>\n                        &#13;<br \/>\n                        &#13;<br \/>\n                        &#13;<br \/>\n                        &#13;<br \/>\n                        <img decoding=\"async\" loading=\"lazy\" width=\"330\" height=\"186\" src=\"https:\/\/www.europesays.com\/pt\/wp-content\/uploads\/2025\/11\/poco-x7-pro-cameras-3.jpg\"  alt=\"POCO X7 Pro\" title=\"POCO X7 Pro\"\/>&#13;<br \/>\n                    <a class=\"lib tg-lib\" href=\"https:\/\/www.oficinadanet.com.br\/smartphones\/xiaomi-poco-x7\" rel=\"nofollow noopener\" target=\"_blank\">POCO X7<\/a> Pro&#13;<\/p>\n<p>Outro ponto em que a tela se destaca \u00e9 no seu n\u00edvel de brilho, que promete at\u00e9 <strong>3200 nits<\/strong>. \u00c9 poss\u00edvel visualizar qualquer tipo de conte\u00fado mesmo em ambientes que tenham mais claridade. O <strong>display <\/strong>\u00e9 t\u00e3o bom que passa a impress\u00e3o de ser um topo de linha, mas dentro de um celular intermedi\u00e1rio.<\/p>\n<p>2. Bateria<\/p>\n<p>As fabricantes de celular tem investido cada vez em maior capacidade de bateria e com o <strong>POCO X7 Pro<\/strong> certamente n\u00e3o seria diferente. O modelo utiliza uma incr\u00edvel <strong><a class=\"tg-link-manual\" href=\"https:\/\/www.oficinadanet.com.br\/onresponde\/64381-o-que-sao-baterias-silicio-carbono\" rel=\"nofollow noopener\" target=\"_blank\">bateria de sil\u00edcio-carbono<\/a><\/strong> de <strong>6000mAh<\/strong>, que como muitos sabem, n\u00e3o compromete a espessura e o peso do smartphone.<\/p>\n<p>Durante nossos testes, ele superou concorrentes diretos, encerrando com<strong> 31%<\/strong> de carga ap\u00f3s 8 horas de atividades variadas. \u00c9 um n\u00famero muito bom e passa confiabilidade, ainda mais se voc\u00ea \u00e9 daqueles que n\u00e3o desgruda do celular.<\/p>\n<p>Outro atrativo \u00e9 o seu suporte para carregamento super r\u00e1pido de 90W. incluso na caixa, ele \u00e9 capaz de elevar o n\u00edvel da bateria de <strong>0 <\/strong>a <strong>100%<\/strong> em apenas 54 minutos. \u00c9 um diferencial importante para quem n\u00e3o quer perder tempo com o celular na tomada.<\/p>\n<p>3. Constru\u00e7\u00e3o<\/p>\n<p>A constru\u00e7\u00e3o do <strong>POCO X7 Pro<\/strong> tamb\u00e9m \u00e9 bem consistente e est\u00e1 bem equilibrada. Afinal, ele \u00e9 o primeiro da linha com certifica\u00e7\u00e3o<strong> <a class=\"tg-link-manual\" href=\"https:\/\/www.oficinadanet.com.br\/onresponde\/65464-o-que-e-ip68-no-celular-e-ate-onde-ele-e-seguro\" rel=\"nofollow noopener\" target=\"_blank\">IP68<\/a><\/strong>, tecnologia que entrega resistencia m\u00e1xima contra danos na \u00e1gua e, de quebra, impede a entrada de poeira.<\/p>\n<p>Parece bobagem, mas ter esse tipo de tecnologia no celular permite mergulhos de at\u00e9 <strong>1,5 metro dentro d&#8217;\u00e1gua<\/strong>. E n\u00e3o s\u00f3 isso, tamb\u00e9m garante seguran\u00e7a contra acidentes comuns, como quedas na \u00e1gua ou uso sob chuva.<\/p>\n<p>            &#13;<br \/>\n                    &#13;<br \/>\n                        &#13;<br \/>\n                        &#13;<br \/>\n                        &#13;<br \/>\n                        &#13;<br \/>\n                        <img decoding=\"async\" loading=\"lazy\" width=\"330\" height=\"186\" src=\"https:\/\/www.europesays.com\/pt\/wp-content\/uploads\/2025\/11\/20250701-140133-3.jpg\"  alt=\"A constru\u00e7\u00e3o do POCO X7 Pro \u00e9 muito boa para a faixa de pre\u00e7o.\" title=\"A constru\u00e7\u00e3o do POCO X7 Pro \u00e9 muito boa para a faixa de pre\u00e7o.\"\/>&#13;<br \/>\n                    A constru\u00e7\u00e3o do <a class=\"lib tg-lib\" href=\"https:\/\/www.oficinadanet.com.br\/smartphones\/xiaomi-poco-x7-pro\" rel=\"nofollow noopener\" target=\"_blank\">POCO X7 Pro<\/a> \u00e9 muito boa para a faixa de pre\u00e7o. &#13;<\/p>\n<p>A <strong>POCO <\/strong>tamb\u00e9m caprichou na prote\u00e7\u00e3o frontal e incluiu tela vem protegida com <a href=\"https:\/\/www.oficinadanet.com.br\/onresponde\/64334-o-que-e-gorilla-glass-nos-celulares\" class=\"lib tg-lib\" rel=\"nofollow  noopener\" target=\"_blank\">Gorilla Glass<\/a> 7i, que oferece resist\u00eancia contra arranh\u00f5es e pequenas quedas. Al\u00e9m disso, o aparelho j\u00e1 sai da caixa com pel\u00edcula e capinha de silicone, o que evita gastos extras logo ap\u00f3s a compra.<\/p>\n<p>4. Desempenho<\/p>\n<p>N\u00e3o \u00e9 novidade pra ningu\u00e9m que desempenho \u00e9 o ponto alto desse smartphone. Equipado com um processador <strong>Dimensity 8400 Ultra<\/strong>, ele consegue rodar qualquer aplicativo ou jogo com uma performance digna de topo de linha.<\/p>\n<p>&#13;<br \/>\n            &#13;<br \/>\n                <img decoding=\"async\" width=\"320\" height=\"180\" loading=\"lazy\" alt=\"V\u00eddeo incorporado do YouTube\" class=\"cover\" src=\"https:\/\/www.europesays.com\/pt\/wp-content\/uploads\/2025\/11\/1763338270_169_mqdefault.jpg\"  \/>&#13;<br \/>\n                &#13;<br \/>\n                &#13;\n            <\/p>\n<p>Em t\u00edtulos como CarX Street, Delta Force e Blood Strike, o aparelho passou a entregar m\u00e9dias entre <strong>58<\/strong> e<strong> 120 FPS<\/strong> com estabilidade acima de 90%. No <a class=\"lib tg-lib\" href=\"https:\/\/www.oficinadanet.com.br\/genshin-impact\" rel=\"nofollow noopener\" target=\"_blank\">Genshin Impact<\/a>, por exemplo, saltou de <strong>30 FPS<\/strong> para <strong>60 FPS <\/strong>com <strong>94%<\/strong> de estabilidade. J\u00e1 no Fortnite, dobrou a m\u00e9dia de quadros, chegando a <strong>60 FPS<\/strong> com qualidade \u00e9pica.<\/p>\n<p>Esses n\u00fameros mostram que o <strong>POCO X7 Pro<\/strong> agora roda liso em praticamente todos os jogos populares, com direito a selo &#8220;Roda Competitivo&#8221; em v\u00e1rios deles. E ele tamb\u00e9m via muito bem no multi-tarefas, uma vez que traz at\u00e9 <strong>12 GB<\/strong> de <a class=\"lib tg-lib\" href=\"https:\/\/www.oficinadanet.com.br\/onresponde\/65111-o-que-e-memoria-ram-celular\" rel=\"nofollow noopener\" target=\"_blank\">RAM<\/a>, quantidade mais do que o suficiente para abrir v\u00e1rios apps de forma simult\u00e2nea sem travar.<\/p>\n<p>5. C\u00e2meras<\/p>\n<p>Quem compra aparelhos da<strong> POCO<\/strong> normalmente foca mais na performance do que na qualidade das c\u00e2meras. Mas mesmo assim, o <strong>X7 Pro<\/strong> n\u00e3o \u00e9 ruim tamb\u00e9m nesse campo. A c\u00e2mera principal de<strong> 50 MP <\/strong>entrega boas fotos em ambientes iluminados.<\/p>\n<p>J\u00e1 em ambientes escuros, o desempenho cai, e h\u00e1 ru\u00eddo percept\u00edvel. Mas nada comparado com celulares de entrada. A lente ultra-wide de <strong>8 MP<\/strong> est\u00e1 presente, mas n\u00e3o impressiona. A c\u00e2mera frontal de<strong> 20 MP<\/strong>, por outro lado, se sai bem em selfies com boa luz, sem exagerar na suaviza\u00e7\u00e3o de pele.<\/p>\n<p>            &#13;<br \/>\n                    &#13;<br \/>\n                        &#13;<br \/>\n                        &#13;<br \/>\n                        &#13;<br \/>\n                        &#13;<br \/>\n                        <img decoding=\"async\" loading=\"lazy\" width=\"330\" height=\"224\" src=\"https:\/\/www.europesays.com\/pt\/wp-content\/uploads\/2025\/11\/poco-fotos.jpg\"  alt=\"Fotos tiradas com o POCO X7 Pro.\" title=\"Fotos tiradas com o POCO X7 Pro.\"\/>&#13;<br \/>\n                    Fotos tiradas com o POCO X7 Pro. &#13;<\/p>\n<p>6. Pre\u00e7o<\/p>\n<p>Fora da <a href=\"https:\/\/www.oficinadanet.com.br\/black-friday-celulares-2025\" class=\"lib tg-lib\" rel=\"nofollow  noopener\" target=\"_blank\">Black Friday<\/a>, o <strong>POCO X7 Pro<\/strong> j\u00e1 apareceu com pre\u00e7os entre R$ 1700 e R$ 1900. Na Black Froday, esperamos v\u00ea-lo custando pelo menos a partir de R$ 1600. Caso ele chegue nese valor, ser\u00e1 uma das melhores op\u00e7\u00f5es custo-benef\u00edcio da <strong>Black Friday 2025<\/strong>.<\/p>\n<p>\u00c9 um aparelho que entrega muito por menos, especialmente para quem n\u00e3o prioriza jogos ultra exigentes. Se o foco for autonomia, tela e prote\u00e7\u00e3o, ele se destaca com sobras.<\/p>\n<ul class=\"obj-precos\">&#13;<\/p>\n<li class=\"row\">&#13;<br \/>\n                    &#13;<br \/>\n                        R$ 1.794,00&#13;<br \/>\n                        <img decoding=\"async\" loading=\"lazy\" width=\"100\" height=\"35\" class=\"img \" src=\"https:\/\/www.europesays.com\/pt\/wp-content\/uploads\/2025\/11\/shopee.jpg\" alt=\"Shopee ***\" title=\"Shopee ***\"\/>&#13;<br \/>\n                    &#13;<br \/>\n                    &#13;<br \/>\n                        Xiaomi Poco X7 Pro 8GB\/256GB&#13;<br \/>\n                        &#13;<br \/>\n                        <a class=\"button button-secondary tg-btn-oferta\" href=\"https:\/\/www.oficinadanet.com.br\/go\/691rd3\" target=\"_blank\" rel=\"nofollow noopener\" role=\"button\">Ver oferta<\/a>&#13;<br \/>\n                        &#13;<br \/>\n                    &#13;\n                <\/li>\n<p>&#13;<\/p>\n<li class=\"row\">&#13;<br \/>\n                    &#13;<br \/>\n                        R$ 1.834,00&#13;<br \/>\n                        <img decoding=\"async\" loading=\"lazy\" width=\"100\" height=\"35\" class=\"img \" src=\"https:\/\/www.europesays.com\/pt\/wp-content\/uploads\/2025\/11\/1763338272_668_amazon.jpg\" alt=\"Amazon****\" title=\"Amazon****\"\/>&#13;<br \/>\n                    &#13;<br \/>\n                    &#13;<br \/>\n                        Xiaomi Poco X7 Pro 8GB\/256GB Preto&#13;<br \/>\n                        &#13;<br \/>\n                        <a class=\"button button-secondary tg-btn-oferta\" href=\"https:\/\/www.oficinadanet.com.br\/go\/e5qnq5\" target=\"_blank\" rel=\"nofollow noopener\" role=\"button\">Ver oferta<\/a>&#13;<br \/>\n                        &#13;<br \/>\n                    &#13;\n                <\/li>\n<p>&#13;<\/p>\n<li class=\"row\">&#13;<br \/>\n                    &#13;<br \/>\n                        R$ 1.849,00&#13;<br \/>\n                        <img decoding=\"async\" loading=\"lazy\" width=\"100\" height=\"35\" class=\"img \" src=\"https:\/\/www.europesays.com\/pt\/wp-content\/uploads\/2025\/11\/1763338272_386_236956002.jpg\" alt=\"Mercado Livre ****\" title=\"Mercado Livre ****\"\/>&#13;<br \/>\n                    &#13;<br \/>\n                    &#13;<br \/>\n                        Celular Xiaomi Poco X7 Pro 8\/256GB&#13;<br \/>\n                        &#13;<br \/>\n                        <a class=\"button button-secondary tg-btn-oferta\" href=\"https:\/\/www.oficinadanet.com.br\/go\/j9wtqs\" target=\"_blank\" rel=\"nofollow noopener\" role=\"button\">Ver oferta<\/a>&#13;<br \/>\n                        &#13;<br \/>\n                    &#13;\n                <\/li>\n<p>&#13;\n        <\/ul>\n<p><strong>Pensando em gastar quanto? Veja outras listas do Oficina da Net:<\/strong><\/p>\n","protected":false},"excerpt":{"rendered":"A Black Friday \u00e9 um dos momentos mais aguardados para quem quer trocar de celular. Em 2025, o&hellip;\n","protected":false},"author":2,"featured_media":154439,"comment_status":"","ping_status":"","sticky":false,"template":"","format":"standard","meta":{"footnotes":""},"categories":[84],"tags":[11126,33276,109,107,108,30839,32,33,105,103,104,954,106,110],"class_list":{"0":"post-154438","1":"post","2":"type-post","3":"status-publish","4":"format-standard","5":"has-post-thumbnail","7":"category-ciencia-e-tecnologia","8":"tag-artigos","9":"tag-black-friday-celulares-2025","10":"tag-ciencia","11":"tag-ciencia-e-tecnologia","12":"tag-cienciaetecnologia","13":"tag-poco-x7-pro","14":"tag-portugal","15":"tag-pt","16":"tag-science","17":"tag-science-and-technology","18":"tag-scienceandtechnology","19":"tag-smartphones","20":"tag-technology","21":"tag-tecnologia"},"share_on_mastodon":{"url":"https:\/\/pubeurope.com\/@pt\/115562144558964157","error":""},"_links":{"self":[{"href":"https:\/\/www.europesays.com\/pt\/wp-json\/wp\/v2\/posts\/154438","targetHints":{"allow":["GET"]}}],"collection":[{"href":"https:\/\/www.europesays.com\/pt\/wp-json\/wp\/v2\/posts"}],"about":[{"href":"https:\/\/www.europesays.com\/pt\/wp-json\/wp\/v2\/types\/post"}],"author":[{"embeddable":true,"href":"https:\/\/www.europesays.com\/pt\/wp-json\/wp\/v2\/users\/2"}],"replies":[{"embeddable":true,"href":"https:\/\/www.europesays.com\/pt\/wp-json\/wp\/v2\/comments?post=154438"}],"version-history":[{"count":0,"href":"https:\/\/www.europesays.com\/pt\/wp-json\/wp\/v2\/posts\/154438\/revisions"}],"wp:featuredmedia":[{"embeddable":true,"href":"https:\/\/www.europesays.com\/pt\/wp-json\/wp\/v2\/media\/154439"}],"wp:attachment":[{"href":"https:\/\/www.europesays.com\/pt\/wp-json\/wp\/v2\/media?parent=154438"}],"wp:term":[{"taxonomy":"category","embeddable":true,"href":"https:\/\/www.europesays.com\/pt\/wp-json\/wp\/v2\/categories?post=154438"},{"taxonomy":"post_tag","embeddable":true,"href":"https:\/\/www.europesays.com\/pt\/wp-json\/wp\/v2\/tags?post=154438"}],"curies":[{"name":"wp","href":"https:\/\/api.w.org\/{rel}","templated":true}]}}