{"id":154446,"date":"2025-11-17T00:19:07","date_gmt":"2025-11-17T00:19:07","guid":{"rendered":"https:\/\/www.europesays.com\/pt\/154446\/"},"modified":"2025-11-17T00:19:07","modified_gmt":"2025-11-17T00:19:07","slug":"quem-sera-a-nova-baba-de-sofia-em-dona-de-mim","status":"publish","type":"post","link":"https:\/\/www.europesays.com\/pt\/154446\/","title":{"rendered":"Quem ser\u00e1 a nova bab\u00e1 de Sofia em Dona de Mim"},"content":{"rendered":"<p>                        <img width=\"944\" height=\"531\" src=\"https:\/\/www.europesays.com\/pt\/wp-content\/uploads\/2025\/11\/nova-baba-de-sofia-em-dona-de-mim-4-944x531.jpg\" class=\"attachment-custom-large size-custom-large article-featured-image\" alt=\"Sofia (Elis Cabral) e \u00c9rica (Hannah Zeitoune) Em Dona de Mim\" fetchpriority=\"high\" decoding=\"async\"  \/><\/p>\n<p>Sofia ganhar\u00e1 uma nova bab\u00e1 em &#8220;Dona de Mim&#8221; (Foto: Reprodu\u00e7\u00e3o, TV Globo e Redes Sociais)<\/p>\n<p>Sofia (Elis Cabral) vai ganhar uma nova bab\u00e1 em Dona de Mim. Nos pr\u00f3ximos cap\u00edtulos da novela das sete, Samuel (Juan Paiva) vai decidir que precisa contratar algu\u00e9m para ficar de olho na menina.<\/p>\n<p>Continua depois da publicidade<\/p>\n<p>Cheio de reuni\u00f5es, Samuel, que agora tem a guarda provis\u00f3ria de Sofia, v\u00ea que precisa de algu\u00e9m para cuidar da irm\u00e3. Ele vai contar com a ajuda de Ayla (Bel Lima) para achar uma nova profissional.<\/p>\n<p>A nova bab\u00e1 de Sofia ser\u00e1 \u00c9rica (Hannah Zeitoune). Apesar de ficar com receio e descontente desta ideia no come\u00e7o, Leo (Clara Moneke) vai acabar dando a ben\u00e7\u00e3o dela para a contrata\u00e7\u00e3o e vai prometer a Sofia que isso n\u00e3o significa que ela vai se afastar da vida dela.<\/p>\n<p>Nos resumos divulgados pela Globo, as cenas da contrata\u00e7\u00e3o da nova bab\u00e1 devem ser exibidas a partir desta segunda (17). Tanto Filipa (Claudia Abreu), quanto Leo v\u00e3o escolher a nova bab\u00e1 e aprovar a sele\u00e7\u00e3o da profissional.<\/p>\n<p>Continua depois da publicidade<\/p>\n<p>Quem \u00e9 Hannah Zeitoune, a nova bab\u00e1 de Sofia em Dona de Mim?1<\/p>\n<p>VoltarAvan\u00e7ar<\/p>\n<p><img loading=\"lazy\" decoding=\"async\" width=\"1200\" height=\"675\" data-id=\"7726578\" src=\"https:\/\/www.europesays.com\/pt\/wp-content\/uploads\/2025\/11\/nova-baba-de-sofia-em-dona-de-mim.jpg\" alt=\"\" class=\"wp-image-7726578\"  \/><\/p>\n<p>(Foto: Reprodu\u00e7\u00e3o, Redes Sociais)<\/p>\n<p><img loading=\"lazy\" decoding=\"async\" width=\"1200\" height=\"675\" data-id=\"7726574\" src=\"https:\/\/www.europesays.com\/pt\/wp-content\/uploads\/2025\/11\/nova-baba-de-sofia-em-dona-de-mim-3.jpg\" alt=\"\" class=\"wp-image-7726574\"  \/><\/p>\n<p>(Foto: Reprodu\u00e7\u00e3o, Redes Sociais)<\/p>\n<p><img loading=\"lazy\" decoding=\"async\" width=\"1200\" height=\"675\" data-id=\"7726573\" src=\"https:\/\/www.europesays.com\/pt\/wp-content\/uploads\/2025\/11\/nova-baba-de-sofia-em-dona-de-mim-2.jpg\" alt=\"\" class=\"wp-image-7726573\"  \/><\/p>\n<p>(Foto: Reprodu\u00e7\u00e3o, Redes Sociais)<\/p>\n<p><img loading=\"lazy\" decoding=\"async\" width=\"1200\" height=\"675\" data-id=\"7726576\" src=\"https:\/\/www.europesays.com\/pt\/wp-content\/uploads\/2025\/11\/nova-baba-de-sofia-em-dona-de-mim-5.jpg\" alt=\"\" class=\"wp-image-7726576\"  \/><\/p>\n<p>(Foto: Reprodu\u00e7\u00e3o, TV Globo)<\/p>\n<p><img loading=\"lazy\" decoding=\"async\" width=\"1200\" height=\"675\" data-id=\"7726577\" src=\"https:\/\/www.europesays.com\/pt\/wp-content\/uploads\/2025\/11\/nova-baba-de-sofia-em-dona-de-mim-6.jpg\" alt=\"\" class=\"wp-image-7726577\"  \/><\/p>\n<p>(Foto: Reprodu\u00e7\u00e3o, TV Globo)<\/p>\n<p>Hannah Zeitoune come\u00e7ou como atriz mirim na novela Avenida Brasil. A atriz estuda na Casa das Artes de Laranjeiras (CAL) e agora volta para os Est\u00fadios Globo para gravar Dona de Mim. Hannah contou ao Portal Leo Dias que foi muito bem recebida pelas colegas de elenco.<\/p>\n<p>No entanto, o que mais chamou aten\u00e7\u00e3o dela foram as crian\u00e7as Elis Cabral (Sofia) e Th\u00e9o Mattos (Ded\u00e9). Ela diz que enxerga nos dois um pouco da hist\u00f3ria dela, que tamb\u00e9m come\u00e7ou como atriz mirim e que \u00e9 lindo de ver o brilho no olhar dos dois.<\/p>\n<p><strong><a href=\"https:\/\/www.nsctotal.com.br\/noticias\/resumo-dona-de-mim-proximos-capitulos\" target=\"_blank\" rel=\"noreferrer noopener nofollow\">Resumo de Dona de Mim: o que acontece nos pr\u00f3ximos cap\u00edtulos<\/a><\/strong><\/p>\n","protected":false},"excerpt":{"rendered":"Sofia ganhar\u00e1 uma nova bab\u00e1 em &#8220;Dona de Mim&#8221; (Foto: Reprodu\u00e7\u00e3o, TV Globo e Redes Sociais) Sofia (Elis&hellip;\n","protected":false},"author":2,"featured_media":154447,"comment_status":"","ping_status":"","sticky":false,"template":"","format":"standard","meta":{"footnotes":""},"categories":[142],"tags":[114,115,32,33,151,543],"class_list":{"0":"post-154446","1":"post","2":"type-post","3":"status-publish","4":"format-standard","5":"has-post-thumbnail","7":"category-tv","8":"tag-entertainment","9":"tag-entretenimento","10":"tag-portugal","11":"tag-pt","12":"tag-tv","13":"tag-ver-ouvir-ler"},"share_on_mastodon":{"url":"https:\/\/pubeurope.com\/@pt\/115562176194577582","error":""},"_links":{"self":[{"href":"https:\/\/www.europesays.com\/pt\/wp-json\/wp\/v2\/posts\/154446","targetHints":{"allow":["GET"]}}],"collection":[{"href":"https:\/\/www.europesays.com\/pt\/wp-json\/wp\/v2\/posts"}],"about":[{"href":"https:\/\/www.europesays.com\/pt\/wp-json\/wp\/v2\/types\/post"}],"author":[{"embeddable":true,"href":"https:\/\/www.europesays.com\/pt\/wp-json\/wp\/v2\/users\/2"}],"replies":[{"embeddable":true,"href":"https:\/\/www.europesays.com\/pt\/wp-json\/wp\/v2\/comments?post=154446"}],"version-history":[{"count":0,"href":"https:\/\/www.europesays.com\/pt\/wp-json\/wp\/v2\/posts\/154446\/revisions"}],"wp:featuredmedia":[{"embeddable":true,"href":"https:\/\/www.europesays.com\/pt\/wp-json\/wp\/v2\/media\/154447"}],"wp:attachment":[{"href":"https:\/\/www.europesays.com\/pt\/wp-json\/wp\/v2\/media?parent=154446"}],"wp:term":[{"taxonomy":"category","embeddable":true,"href":"https:\/\/www.europesays.com\/pt\/wp-json\/wp\/v2\/categories?post=154446"},{"taxonomy":"post_tag","embeddable":true,"href":"https:\/\/www.europesays.com\/pt\/wp-json\/wp\/v2\/tags?post=154446"}],"curies":[{"name":"wp","href":"https:\/\/api.w.org\/{rel}","templated":true}]}}