{"id":154448,"date":"2025-11-17T00:20:19","date_gmt":"2025-11-17T00:20:19","guid":{"rendered":"https:\/\/www.europesays.com\/pt\/154448\/"},"modified":"2025-11-17T00:20:19","modified_gmt":"2025-11-17T00:20:19","slug":"fa-paga-r-37-milhoes-por-apartamento-onde-mick-jagger-morou-nos-anos-1960","status":"publish","type":"post","link":"https:\/\/www.europesays.com\/pt\/154448\/","title":{"rendered":"F\u00e3 paga R$ 37 milh\u00f5es por apartamento onde Mick Jagger morou nos anos 1960"},"content":{"rendered":"<p>\n                        O astro do rock viveu no im\u00f3vel localizado em Londres de 1966 a 1968\n                    <\/p>\n<ul class=\"article__header__author\">\n<li class=\"article__header__author__item\">\n                                                                                    <img loading=\"lazy\" decoding=\"async\" src=\"https:\/\/www.europesays.com\/pt\/wp-content\/uploads\/2025\/11\/microsoftteams-image-(23)-1jy7orqt0u4hi.png\" width=\"32\" height=\"32\" title=\"Reda\u00e7\u00e3o Terra\" alt=\"Reda\u00e7\u00e3o Terra\" class=\"author-picture\"\/><br \/>\n                                                                            Por:<br \/>\n                                                                                    Reda\u00e7\u00e3o Terra\n                                                                        <\/li>\n<\/ul>\n<p>\n                                                                                                                                                                                                                            16 nov<br \/>\n                                    2025<br \/>\n                                     &#8211; 18h41\n                                <\/p>\n<p>\n                                                                                                            (atualizado \u00e0s 19h58)\n                                                                    <\/p>\n<p><img loading=\"lazy\" decoding=\"async\" alt=\"F\u00e3 compra por R$ 37 milh\u00f5es o apartamento onde Mick Jagger viveu nos anos 1960\" class=\"img-4c28e2d4a99fdbda6a2fa4db0dd7039blvue6d09\" height=\"435\" src=\"https:\/\/www.europesays.com\/pt\/wp-content\/uploads\/2025\/11\/texto-do-seu-paragrafo-2025-11-16t183753-303-sl3ee4ye886a.png\"  title=\"F\u00e3 compra por R$ 37 milh\u00f5es o apartamento onde Mick Jagger viveu nos anos 1960\" width=\"774\"\/><\/p>\n<p>F\u00e3 compra por R$ 37 milh\u00f5es o apartamento onde Mick Jagger viveu nos anos 1960<\/p>\n<p>Foto: Reprodu\u00e7\u00e3o\/Axelle\/Bauer-Griffin\/FilmMagic via Getty Images\/Arlington Residential<\/p>\n<p class=\"text\">A antiga resid\u00eancia de Mick Jagger em Londres, <a href=\"https:\/\/www.terra.com.br\/noticias\/mundo\/\" target=\"_blank\" rel=\"nofollow noopener\">na Inglaterra<\/a>, foi vendida por aproximadamente US$ 7,3 milh\u00f5es (cerca de R$ 37 milh\u00f5es), de acordo com o Mansion Global. O astro do rock viveu no im\u00f3vel entre 1966 e 1968, per\u00edodo da ascens\u00e3o mete\u00f3rica dos <a href=\"https:\/\/www.terra.com.br\/diversao\/guitarras-e-jaquetas-dos-rolling-stones-vao-a-leilao,b1943f7544850bd2ccc4d8d7a17fade124datpms.html\" target=\"_blank\" rel=\"nofollow noopener\">Rolling Stones<\/a>.<\/p>\n<blockquote>\n<\/blockquote>\n<p class=\"text\">O apartamento, localizado no quarto andar do edif\u00edcio Harley House, em Marylebone, um bairro luxuoso da cidade, foi colocado \u00e0 venda em abril deste ano. Cerca de seis meses depois, foi adquirido por um admirador do vocalista, cujo nome n\u00e3o foi revelado.<\/p>\n<p class=\"text\">Segundo relatos, o lugar faz parte da hist\u00f3ria do rock e recebia com frequ\u00eancia algumas das personalidades mais famosas da \u00e9poca \u2014 desde colegas de banda, como Keith Richards, at\u00e9 a princesa Margaret, irm\u00e3 mais nova da rainha Elizabeth II.<\/p>\n<p class=\"text\">Al\u00e9m de ter sido de Jagger, a resid\u00eancia por si s\u00f3 j\u00e1 tem bastante estilo. Com quase 230 m\u00b2 de \u00e1rea, o apartamento possui detalhes de \u00e9poca combinados a acabamentos contempor\u00e2neos, pisos de madeira em espinha de peixe, molduras intrincadas e uma cozinha elegante com balc\u00e3o para quatro pessoas.<\/p>\n<p class=\"text\">O im\u00f3vel tamb\u00e9m conta com sala de jantar formal e quatro quartos espa\u00e7osos. A su\u00edte principal inclui um closet e um banheiro com pia dupla, banheira de imers\u00e3o e box de chuveiro separado.<\/p>\n<p><img alt=\"O apartamento fica localizado no quarto andar do edif\u00edcio Harley House, em Marylebone, um bairro luxuoso da cidade\" class=\"img-083c435edba26ffd2f981134ce611cfa77g1u01e\" decoding=\"async\" height=\"459\" loading=\"lazy\" src=\"https:\/\/www.europesays.com\/pt\/wp-content\/uploads\/2025\/11\/captura-de-tela-2025-11-16-182754-1jy7rw7jvv0on.png\"  title=\"O apartamento fica localizado no quarto andar do edif\u00edcio Harley House, em Marylebone, um bairro luxuoso da cidade\" width=\"774\"\/><\/p>\n<p>O apartamento fica localizado no quarto andar do edif\u00edcio Harley House, em Marylebone, um bairro luxuoso da cidade<\/p>\n<p>Foto: Reprodu\u00e7\u00e3o\/Arlington Residential<\/p>\n","protected":false},"excerpt":{"rendered":"O astro do rock viveu no im\u00f3vel localizado em Londres de 1966 a 1968 Por: Reda\u00e7\u00e3o Terra 16&hellip;\n","protected":false},"author":2,"featured_media":154449,"comment_status":"","ping_status":"","sticky":false,"template":"","format":"standard","meta":{"footnotes":""},"categories":[141],"tags":[114,115,149,150,32,33],"class_list":{"0":"post-154448","1":"post","2":"type-post","3":"status-publish","4":"format-standard","5":"has-post-thumbnail","7":"category-musica","8":"tag-entertainment","9":"tag-entretenimento","10":"tag-music","11":"tag-musica","12":"tag-portugal","13":"tag-pt"},"share_on_mastodon":{"url":"https:\/\/pubeurope.com\/@pt\/115562180357496956","error":""},"_links":{"self":[{"href":"https:\/\/www.europesays.com\/pt\/wp-json\/wp\/v2\/posts\/154448","targetHints":{"allow":["GET"]}}],"collection":[{"href":"https:\/\/www.europesays.com\/pt\/wp-json\/wp\/v2\/posts"}],"about":[{"href":"https:\/\/www.europesays.com\/pt\/wp-json\/wp\/v2\/types\/post"}],"author":[{"embeddable":true,"href":"https:\/\/www.europesays.com\/pt\/wp-json\/wp\/v2\/users\/2"}],"replies":[{"embeddable":true,"href":"https:\/\/www.europesays.com\/pt\/wp-json\/wp\/v2\/comments?post=154448"}],"version-history":[{"count":0,"href":"https:\/\/www.europesays.com\/pt\/wp-json\/wp\/v2\/posts\/154448\/revisions"}],"wp:featuredmedia":[{"embeddable":true,"href":"https:\/\/www.europesays.com\/pt\/wp-json\/wp\/v2\/media\/154449"}],"wp:attachment":[{"href":"https:\/\/www.europesays.com\/pt\/wp-json\/wp\/v2\/media?parent=154448"}],"wp:term":[{"taxonomy":"category","embeddable":true,"href":"https:\/\/www.europesays.com\/pt\/wp-json\/wp\/v2\/categories?post=154448"},{"taxonomy":"post_tag","embeddable":true,"href":"https:\/\/www.europesays.com\/pt\/wp-json\/wp\/v2\/tags?post=154448"}],"curies":[{"name":"wp","href":"https:\/\/api.w.org\/{rel}","templated":true}]}}