{"id":154450,"date":"2025-11-17T00:21:14","date_gmt":"2025-11-17T00:21:14","guid":{"rendered":"https:\/\/www.europesays.com\/pt\/154450\/"},"modified":"2025-11-17T00:21:14","modified_gmt":"2025-11-17T00:21:14","slug":"o-universo-de-terror-de-maior-sucesso-de-todos-os-tempos-continua-o-novo-filme-e-o-mais-amaldicoado-da-saga-noticias-de-cinema","status":"publish","type":"post","link":"https:\/\/www.europesays.com\/pt\/154450\/","title":{"rendered":"O universo de terror de maior sucesso de todos os tempos continua: O novo filme \u00e9 o mais amaldi\u00e7oado da saga &#8211; Not\u00edcias de cinema"},"content":{"rendered":"<p>Parecia morto depois de ter sido adiado diversas vezes, mas o projeto foi ressuscitado e j\u00e1 entrou em produ\u00e7\u00e3o.<\/p>\n<p class=\"bo-p\">A franquia, que estreou com <a href=\"https:\/\/www.adorocinema.com\/filmes\/filme-203607\/\" class=\"bo-link\" rel=\"nofollow noopener\" target=\"_blank\">Invoca\u00e7\u00e3o do Mal<\/a> (2013) h\u00e1 12 anos, adicionou um novo t\u00edtulo \u00e0 sua lista de filmes. E este \u00e9 o mais amaldi\u00e7oado de todos! Estou falando de <a href=\"https:\/\/www.adorocinema.com\/filmes\/filme-1000033019\/\" class=\"bo-link\" rel=\"nofollow noopener\" target=\"_blank\">The Revenge of La Llorona<\/a>, a sequ\u00eancia de <a href=\"https:\/\/www.adorocinema.com\/filmes\/filme-263120\/\" class=\"bo-link\" rel=\"nofollow noopener\" target=\"_blank\">A Maldi\u00e7\u00e3o da Chorona<\/a> (2019).<\/p>\n<p class=\"bo-p\">N\u00e3o dizemos &#8220;amaldi\u00e7oado&#8221; por causa do ser demon\u00edaco que aparece nele, mas porque tudo indicava que o filme nunca seria feito. The Revenge of La Llorona j\u00e1 foi adiado diversas vezes no passado, como aponta o THR.<\/p>\n<p class=\"bo-p\">Uma das vezes em que o projeto foi interrompido foi durante a pr\u00e9-produ\u00e7\u00e3o. A \u00faltima vez que foi cancelado ocorreu no in\u00edcio de 2024, e tudo indica que foi devido a problemas de or\u00e7amento.<\/p>\n<p>    <a class=\"cms-see-also\" data-title=\"Link relacionado\" href=\"https:\/\/www.adorocinema.com\/noticias\/filmes\/noticia-1000035688\/\" rel=\"nofollow noopener\" target=\"_blank\">A Maldi\u00e7\u00e3o da Chorona faz parte da franquia Invoca\u00e7\u00e3o do Mal?<\/a><br \/>\nA Vingan\u00e7a de Chorona vai acontecer?<\/p>\n<p class=\"bo-p\">The Revenge of La Llorona parecia morta, mas voltou \u00e0 vida e j\u00e1 est\u00e1 em produ\u00e7\u00e3o. A sequ\u00eancia de A Chorona \u00e9 dirigida por <a href=\"https:\/\/www.adorocinema.com\/personalidades\/personalidade-851667\/\" class=\"bo-link\" rel=\"nofollow noopener\" target=\"_blank\">Santiago Menghini<\/a> e estrelada por <a href=\"https:\/\/www.adorocinema.com\/personalidades\/personalidade-66391\/\" class=\"bo-link\" rel=\"nofollow noopener\" target=\"_blank\">Jay Hernandez<\/a> e <a href=\"https:\/\/www.adorocinema.com\/personalidades\/personalidade-224492\/\" class=\"bo-link\" rel=\"nofollow noopener\" target=\"_blank\">Monica Raymund<\/a>. <a href=\"https:\/\/www.adorocinema.com\/personalidades\/personalidade-48329\/\" class=\"bo-link\" rel=\"nofollow noopener\" target=\"_blank\">Raymond Cruz<\/a>, que apareceu no filme original interpretando um curandeiro, retorna para a sequ\u00eancia. <a href=\"https:\/\/www.adorocinema.com\/personalidades\/personalidade-561936\/\" class=\"bo-link\" rel=\"nofollow noopener\" target=\"_blank\">Edy Ganem<\/a>, <a href=\"https:\/\/www.adorocinema.com\/personalidades\/personalidade-965543\/\" class=\"bo-link\" rel=\"nofollow noopener\" target=\"_blank\">Mart\u00edn Fajardo<\/a>, <a href=\"https:\/\/www.adorocinema.com\/personalidades\/personalidade-1000040447\/\" class=\"bo-link\" rel=\"nofollow noopener\" target=\"_blank\">Acston Luca Porto<\/a> e <b>Avie Porto<\/b> tamb\u00e9m se juntaram ao elenco.<\/p>\n<p class=\"bo-p\">Ambientado no universo de terror de <a href=\"https:\/\/www.adorocinema.com\/personalidades\/personalidade-97569\/\" class=\"bo-link\" rel=\"nofollow noopener\" target=\"_blank\">James Wan<\/a>, La Llorona se passa em Los Angeles, em 1973, e acompanha uma assistente social (<a href=\"https:\/\/www.adorocinema.com\/personalidades\/personalidade-65960\/\" class=\"bo-link\" rel=\"nofollow noopener\" target=\"_blank\">Linda Cardellini<\/a>) que precisa salvar seus filhos de um esp\u00edrito maligno. A hist\u00f3ria \u00e9 inspirada no folclore latino-americano: La Llorona \u00e9 um fantasma choroso que procura seus filhos perdidos.<\/p>\n<p>A saga do arquivo Warren: quase 2,9 bilh\u00f5es de d\u00f3lares<\/p>\n<p class=\"bo-p\">Com um or\u00e7amento de <b>9 milh\u00f5es de d\u00f3lares<\/b>, A Maldi\u00e7\u00e3o da Chorona arrecadou <b>123,2 milh\u00f5es de d\u00f3lares<\/b> em todo o mundo. Foi um filme muito barato que gerou lucro, embora tenha recebido cr\u00edticas desastrosas (26% no Rotten Tomatoes).<\/p>\n<p class=\"bo-p\"><a href=\"https:\/\/www.adorocinema.com\/personalidades\/personalidade-822604\/\" class=\"bo-link\" rel=\"nofollow noopener\" target=\"_blank\">Michael Chaves<\/a> o dirigiu e, <a href=\"https:\/\/www.adorocinema.com\/noticias\/filmes\/noticia-1000162439\/\" class=\"bo-link\" rel=\"nofollow noopener\" target=\"_blank\">ap\u00f3s este projeto, o cineasta passou a dirigir outros t\u00edtulos<\/a> centrais da saga de terror, que \u00e9 a de maior sucesso da hist\u00f3ria. O universo de Invoca\u00e7\u00e3o do Mal arrecadou quase <b>2,9 bilh\u00f5es de d\u00f3lares<\/b> em todo o mundo. <a href=\"https:\/\/www.adorocinema.com\/noticias\/filmes\/noticia-1000167925\/\" class=\"bo-link\" rel=\"nofollow noopener\" target=\"_blank\">Nenhum outro filme consegue igualar sua bilheteria<\/a>.<\/p>\n<p class=\"bo-p\">Chaves deixou de dirigir La Llorona para assumir o lugar de Wan atr\u00e1s das c\u00e2meras em Invoca\u00e7\u00e3o do Mal. Ele foi respons\u00e1vel pela terceira parte, <a href=\"https:\/\/www.adorocinema.com\/filmes\/filme-248235\/\" class=\"bo-link\" rel=\"nofollow noopener\" target=\"_blank\">A Ordem do Dem\u00f4nio<\/a> (2021), e tamb\u00e9m por <a href=\"https:\/\/www.adorocinema.com\/filmes\/filme-273411\/\" class=\"bo-link\" rel=\"nofollow noopener\" target=\"_blank\">A Freira 2<\/a> (2023), a sequ\u00eancia de <a href=\"https:\/\/www.adorocinema.com\/filmes\/filme-248258\/\" class=\"bo-link\" rel=\"nofollow noopener\" target=\"_blank\">A Freira<\/a> (2018). <\/p>\n<p class=\"bo-p\">Seu \u00faltimo projeto na franquia foi <a href=\"https:\/\/www.adorocinema.com\/filmes\/filme-309613\/\" class=\"bo-link\" rel=\"nofollow noopener\" target=\"_blank\">O \u00daltimo Ritual<\/a> (2025), o final da saga central do universo do terror e <a href=\"https:\/\/www.adorocinema.com\/noticias\/filmes\/noticia-1000164761\/\" class=\"bo-link\" rel=\"nofollow noopener\" target=\"_blank\">o \u00faltimo cap\u00edtulo de Lorraine e Ed Warren<\/a>, interpretados por <a href=\"https:\/\/www.adorocinema.com\/personalidades\/personalidade-29249\/\" class=\"bo-link\" rel=\"nofollow noopener\" target=\"_blank\">Vera Farmiga<\/a> e <a href=\"https:\/\/www.adorocinema.com\/personalidades\/personalidade-86535\/\" class=\"bo-link\" rel=\"nofollow noopener\" target=\"_blank\">Patrick Wilson<\/a>.<\/p>\n<p class=\"bo-p\">Em The Revenge of La Llorona, os protagonistas s\u00e3o uma fam\u00edlia desfeita, for\u00e7ada pelo esp\u00edrito vingativo de La Llorona a confrontar seu passado e unir for\u00e7as com seu av\u00f4 curandeiro para lutar contra ela antes que ela reivindique seus filhos para sempre.<\/p>\n<p class=\"bo-p\"><b>Todos os filmes da saga Invoca\u00e7\u00e3o do Mal est\u00e3o dispon\u00edveis na HBO Max.<\/b><\/p>\n","protected":false},"excerpt":{"rendered":"Parecia morto depois de ter sido adiado diversas vezes, mas o projeto foi ressuscitado e j\u00e1 entrou em&hellip;\n","protected":false},"author":2,"featured_media":154451,"comment_status":"","ping_status":"","sticky":false,"template":"","format":"standard","meta":{"footnotes":""},"categories":[140],"tags":[114,115,147,148,146,32,33],"class_list":{"0":"post-154450","1":"post","2":"type-post","3":"status-publish","4":"format-standard","5":"has-post-thumbnail","7":"category-filmes","8":"tag-entertainment","9":"tag-entretenimento","10":"tag-film","11":"tag-filmes","12":"tag-movies","13":"tag-portugal","14":"tag-pt"},"share_on_mastodon":{"url":"https:\/\/pubeurope.com\/@pt\/115562183608632244","error":""},"_links":{"self":[{"href":"https:\/\/www.europesays.com\/pt\/wp-json\/wp\/v2\/posts\/154450","targetHints":{"allow":["GET"]}}],"collection":[{"href":"https:\/\/www.europesays.com\/pt\/wp-json\/wp\/v2\/posts"}],"about":[{"href":"https:\/\/www.europesays.com\/pt\/wp-json\/wp\/v2\/types\/post"}],"author":[{"embeddable":true,"href":"https:\/\/www.europesays.com\/pt\/wp-json\/wp\/v2\/users\/2"}],"replies":[{"embeddable":true,"href":"https:\/\/www.europesays.com\/pt\/wp-json\/wp\/v2\/comments?post=154450"}],"version-history":[{"count":0,"href":"https:\/\/www.europesays.com\/pt\/wp-json\/wp\/v2\/posts\/154450\/revisions"}],"wp:featuredmedia":[{"embeddable":true,"href":"https:\/\/www.europesays.com\/pt\/wp-json\/wp\/v2\/media\/154451"}],"wp:attachment":[{"href":"https:\/\/www.europesays.com\/pt\/wp-json\/wp\/v2\/media?parent=154450"}],"wp:term":[{"taxonomy":"category","embeddable":true,"href":"https:\/\/www.europesays.com\/pt\/wp-json\/wp\/v2\/categories?post=154450"},{"taxonomy":"post_tag","embeddable":true,"href":"https:\/\/www.europesays.com\/pt\/wp-json\/wp\/v2\/tags?post=154450"}],"curies":[{"name":"wp","href":"https:\/\/api.w.org\/{rel}","templated":true}]}}