{"id":154462,"date":"2025-11-17T00:33:11","date_gmt":"2025-11-17T00:33:11","guid":{"rendered":"https:\/\/www.europesays.com\/pt\/154462\/"},"modified":"2025-11-17T00:33:11","modified_gmt":"2025-11-17T00:33:11","slug":"5a-temporada-de-stranger-things-tera-volta-de-personagens-esquecidas","status":"publish","type":"post","link":"https:\/\/www.europesays.com\/pt\/154462\/","title":{"rendered":"5\u00aa temporada de Stranger Things ter\u00e1 volta de personagens esquecidas"},"content":{"rendered":"<p>A quinta temporada de Stranger Things est\u00e1 finalmente perto de sua estreia, e a <a href=\"https:\/\/tangerina.uol.com.br\/tag\/netflix\/\" target=\"_blank\" rel=\"noreferrer noopener nofollow\">Netflix<\/a> promete responder todas as d\u00favidas que ficaram em aberto desde a primeira temporada, em 2016, incluindo o destino de personagens que pareciam ter sido esquecidas.<\/p>\n<p>A primeira delas \u00e9 Barb (Shannon Purser), a melhor amiga de Nancy (Natalia Dyer), que <a href=\"https:\/\/tangerina.uol.com.br\/filmes-series\/esses-sao-os-personagens-que-stranger-things-matou-antes-da-5a-temporada\/\" target=\"_blank\" rel=\"noreferrer noopener nofollow\">morreu na primeira temporada<\/a>. Embora a irm\u00e3 de Mike (Finn Wolfhard) tenha lutado ao longo da segunda temporada para que os pais de sua amiga soubessem a verdade e que sua morte fosse assumida, ela parece ter ficado para tr\u00e1s.<\/p>\n<p>Ao longo das terceira e quarta temporadas, Barb foi mencionada pouqu\u00edssimas vezes, apenas para contextualizar a realidade cada vez mais bizarra de Hawkins. A naturalidade da forma que sua morte foi tratada gerou indigna\u00e7\u00e3o em boa parte dos f\u00e3s da s\u00e9rie, que ainda pedem justi\u00e7a pela personagem, incluindo a explica\u00e7\u00e3o do motivo de ela ter morrido, e Will (Noah Shcnapp) n\u00e3o.<\/p>\n<p>Ao que tudo indica, a quinta temporada far\u00e1 justi\u00e7a por Barb, j\u00e1 que ela voltar\u00e1 a aparecer \u2014na verdade, seu corpo. A revista Times revelou que, em uma visita ao set de grava\u00e7\u00e3o, viu o cad\u00e1ver dela coberto de videiras pretas e com um grande corte no pesco\u00e7o, indicando que o final da s\u00e9rie revisitar\u00e1 sua morte e, possivelmente, dar\u00e1 uma explica\u00e7\u00e3o.<\/p>\n<p>A outra personagem esquecida de Stranger Things<\/p>\n<p>Durante a segunda temporada de Stranger Things, Eleven (Millie Bobby Brown) conheceu Kali (Linnea Berthelsen), que \u00e9 como se fosse sua irm\u00e3. Quando eram crian\u00e7as, a personagem tamb\u00e9m foi explorada no Laborat\u00f3rio Nacional de Hawkins, recebendo o n\u00famero \u201c008\u201d no pulso. <\/p>\n<p><img alt=\"\" src=\"data:image\/gif;base64,R0lGODlhAQABAIAAAAAAAP\/\/\/yH5BAEAAAAALAAAAAABAAEAAAIBRAA7\" decoding=\"async\" style=\"position:absolute;top:0;left:0;bottom:0;right:0;box-sizing:border-box;padding:0;border:none;margin:auto;display:block;width:0;height:0;min-width:100%;max-width:100%;min-height:100%;max-height:100%\"\/><\/p>\n<p font-weight=\"500\" font-size=\"14px\" class=\"style__Typo-sc-1e1gvva-0 ezCJRb\">Kali e Eleven na segunda temporada de Stranger Things. Foto: Reprodu\u00e7\u00e3o\/Netflix<\/p>\n<p>As duas se reconectaram, mas El percebeu que n\u00e3o compactuava com o estilo de vida de Kali e, ao saber que seus amigos estavam em perigo, decidiu voltar para Hawkins, onde fechou o portal para o Mundo Invertido. O encontro com sua \u201cirm\u00e3\u201d, no entanto, teve grande import\u00e2ncia; foi Kali quem ensinou Eleven a canalizar seus sentimentos para aprimorar e fortalecer o uso de seus poderes. <\/p>\n<p>O retorno da personagem estava previsto para a terceira temporada, mas isso acabou n\u00e3o acontecendo, e a \u201c008\u201d nunca mais foi mencionada. Mas a presen\u00e7a da atriz que a interpreta na premi\u00e8re internacional da quinta temporada acendeu rumores sobre seu retorno.<\/p>\n<p>Al\u00e9m disso, <a href=\"https:\/\/tangerina.uol.com.br\/filmes-series\/stranger-things-misterio-aniversario-will-netflix\/\" target=\"_blank\" rel=\"noreferrer noopener nofollow\">os criadores da s\u00e9rie prometeram encerrar todos os arcos<\/a>; o de Kali \u00e9 considerado um dos mais importantes entre os que ficaram sem desenvolvimento. A expectativa \u00e9 de que a personagem, que tamb\u00e9m tem poderes telep\u00e1ticos, retorne para ajudar Eleven a derrotar Vecna (Jamie Campbell Bower).<\/p>\n<p>A quinta temporada de Stranger Things ser\u00e1 dividida em tr\u00eas partes; a estreia da primeira acontece em 26 de novembro, \u00e0s 22h (de Bras\u00edlia). As duas partes restantes chegam no final de dezembro.<\/p>\n","protected":false},"excerpt":{"rendered":"A quinta temporada de Stranger Things est\u00e1 finalmente perto de sua estreia, e a Netflix promete responder todas&hellip;\n","protected":false},"author":2,"featured_media":154463,"comment_status":"","ping_status":"","sticky":false,"template":"","format":"standard","meta":{"footnotes":""},"categories":[142],"tags":[114,115,716,32,33,941,1611,151],"class_list":{"0":"post-154462","1":"post","2":"type-post","3":"status-publish","4":"format-standard","5":"has-post-thumbnail","7":"category-tv","8":"tag-entertainment","9":"tag-entretenimento","10":"tag-netflix","11":"tag-portugal","12":"tag-pt","13":"tag-series","14":"tag-stranger-things","15":"tag-tv"},"share_on_mastodon":{"url":"https:\/\/pubeurope.com\/@pt\/115562230901065604","error":""},"_links":{"self":[{"href":"https:\/\/www.europesays.com\/pt\/wp-json\/wp\/v2\/posts\/154462","targetHints":{"allow":["GET"]}}],"collection":[{"href":"https:\/\/www.europesays.com\/pt\/wp-json\/wp\/v2\/posts"}],"about":[{"href":"https:\/\/www.europesays.com\/pt\/wp-json\/wp\/v2\/types\/post"}],"author":[{"embeddable":true,"href":"https:\/\/www.europesays.com\/pt\/wp-json\/wp\/v2\/users\/2"}],"replies":[{"embeddable":true,"href":"https:\/\/www.europesays.com\/pt\/wp-json\/wp\/v2\/comments?post=154462"}],"version-history":[{"count":0,"href":"https:\/\/www.europesays.com\/pt\/wp-json\/wp\/v2\/posts\/154462\/revisions"}],"wp:featuredmedia":[{"embeddable":true,"href":"https:\/\/www.europesays.com\/pt\/wp-json\/wp\/v2\/media\/154463"}],"wp:attachment":[{"href":"https:\/\/www.europesays.com\/pt\/wp-json\/wp\/v2\/media?parent=154462"}],"wp:term":[{"taxonomy":"category","embeddable":true,"href":"https:\/\/www.europesays.com\/pt\/wp-json\/wp\/v2\/categories?post=154462"},{"taxonomy":"post_tag","embeddable":true,"href":"https:\/\/www.europesays.com\/pt\/wp-json\/wp\/v2\/tags?post=154462"}],"curies":[{"name":"wp","href":"https:\/\/api.w.org\/{rel}","templated":true}]}}